{"id":2690,"date":"2016-07-29T16:59:12","date_gmt":"2016-07-29T20:59:12","guid":{"rendered":"http:\/\/blogdalucianaoliveira.com.br\/blog\/?p=2690"},"modified":"2016-07-29T18:24:40","modified_gmt":"2016-07-29T22:24:40","slug":"lula-vira-reu-na-lava-jato-e-vai-ser-preso-se-nao-for-eu-estrale","status":"publish","type":"post","link":"http:\/\/blogdalucianaoliveira.com.br\/blog\/2016\/07\/29\/lula-vira-reu-na-lava-jato-e-vai-ser-preso-se-nao-for-eu-estrale\/","title":{"rendered":"Lula vira r\u00e9u na Lava Jato. E vai ser preso! Se n\u00e3o for, eu estrale"},"content":{"rendered":"<p><img data-recalc-dims=\"1\" loading=\"lazy\" decoding=\"async\" data-attachment-id=\"2692\" data-permalink=\"http:\/\/blogdalucianaoliveira.com.br\/blog\/2016\/07\/29\/lula-vira-reu-na-lava-jato-e-vai-ser-preso-se-nao-for-eu-estrale\/image-612\/\" data-orig-file=\"https:\/\/i0.wp.com\/blogdalucianaoliveira.com.br\/blog\/wp-content\/uploads\/2016\/07\/image-163.jpeg?fit=386%2C286\" data-orig-size=\"386,286\" data-comments-opened=\"0\" data-image-meta=\"{&quot;aperture&quot;:&quot;0&quot;,&quot;credit&quot;:&quot;&quot;,&quot;camera&quot;:&quot;&quot;,&quot;caption&quot;:&quot;&quot;,&quot;created_timestamp&quot;:&quot;0&quot;,&quot;copyright&quot;:&quot;&quot;,&quot;focal_length&quot;:&quot;0&quot;,&quot;iso&quot;:&quot;0&quot;,&quot;shutter_speed&quot;:&quot;0&quot;,&quot;title&quot;:&quot;&quot;,&quot;orientation&quot;:&quot;0&quot;}\" data-image-title=\"image\" data-image-description=\"\" data-image-caption=\"\" data-medium-file=\"https:\/\/i0.wp.com\/blogdalucianaoliveira.com.br\/blog\/wp-content\/uploads\/2016\/07\/image-163.jpeg?fit=300%2C222\" data-large-file=\"https:\/\/i0.wp.com\/blogdalucianaoliveira.com.br\/blog\/wp-content\/uploads\/2016\/07\/image-163.jpeg?fit=386%2C286\" src=\"https:\/\/i0.wp.com\/blogdalucianaoliveira.com.br\/blog\/wp-content\/uploads\/2016\/07\/image-163.jpeg?resize=386%2C286\" alt=\"image\" width=\"386\" height=\"286\" class=\"alignnone size-full wp-image-2692\" srcset=\"https:\/\/i0.wp.com\/blogdalucianaoliveira.com.br\/blog\/wp-content\/uploads\/2016\/07\/image-163.jpeg?w=386 386w, https:\/\/i0.wp.com\/blogdalucianaoliveira.com.br\/blog\/wp-content\/uploads\/2016\/07\/image-163.jpeg?resize=300%2C222 300w\" sizes=\"auto, (max-width: 386px) 100vw, 386px\" \/><\/p>\n<p>Ent\u00e3o, finalmente, Lula virou r\u00e9u na Lava Jato.<br \/>\nE, por tentar obstruir investiga\u00e7\u00f5es na Opera\u00e7\u00e3o. <!--more--><\/p>\n<p>Meu Deus!<br \/>\nSer\u00e1 que pedir\u00e3o a pris\u00e3o dele como ocorreu com Renan, Sarney e Juc\u00e1, flagrados em grava\u00e7\u00f5es  conspirando DIRETAMENTE contra a Lava Jato? <\/p>\n<p>E se pedirem, ser\u00e1 que v\u00e3o negar a pris\u00e3o por &#8220;falta de indica\u00e7\u00e3o de atos concretos e espec\u00edficos&#8221;?<\/p>\n<p>Bem feito por acionar o Comit\u00ea de Direitos Humanos da ONU.<\/p>\n<p>Ah, n\u00e3o. Agora vai! <\/p>\n","protected":false},"excerpt":{"rendered":"<p>Ent\u00e3o, finalmente, Lula virou r\u00e9u na Lava Jato. E, por tentar obstruir investiga\u00e7\u00f5es na Opera\u00e7\u00e3o.<\/p>\n","protected":false},"author":1,"featured_media":0,"comment_status":"closed","ping_status":"open","sticky":false,"template":"","format":"standard","meta":{"_exactmetrics_skip_tracking":false,"_exactmetrics_sitenote_active":false,"_exactmetrics_sitenote_note":"","_exactmetrics_sitenote_category":0,"jetpack_post_was_ever_published":false,"_jetpack_newsletter_access":"","_jetpack_dont_email_post_to_subs":false,"_jetpack_newsletter_tier_id":0,"_jetpack_memberships_contains_paywalled_content":false,"_jetpack_memberships_contains_paid_content":false,"footnotes":"","jetpack_publicize_message":"","jetpack_publicize_feature_enabled":true,"jetpack_social_post_already_shared":true,"jetpack_social_options":{"image_generator_settings":{"template":"highway","enabled":false},"version":2}},"categories":[1],"tags":[],"class_list":["post-2690","post","type-post","status-publish","format-standard","hentry","category-notas"],"jetpack_publicize_connections":[],"jetpack_sharing_enabled":true,"jetpack_featured_media_url":"","jetpack_shortlink":"https:\/\/wp.me\/p7wKYW-Ho","jetpack-related-posts":[],"_links":{"self":[{"href":"http:\/\/blogdalucianaoliveira.com.br\/blog\/wp-json\/wp\/v2\/posts\/2690","targetHints":{"allow":["GET"]}}],"collection":[{"href":"http:\/\/blogdalucianaoliveira.com.br\/blog\/wp-json\/wp\/v2\/posts"}],"about":[{"href":"http:\/\/blogdalucianaoliveira.com.br\/blog\/wp-json\/wp\/v2\/types\/post"}],"author":[{"embeddable":true,"href":"http:\/\/blogdalucianaoliveira.com.br\/blog\/wp-json\/wp\/v2\/users\/1"}],"replies":[{"embeddable":true,"href":"http:\/\/blogdalucianaoliveira.com.br\/blog\/wp-json\/wp\/v2\/comments?post=2690"}],"version-history":[{"count":2,"href":"http:\/\/blogdalucianaoliveira.com.br\/blog\/wp-json\/wp\/v2\/posts\/2690\/revisions"}],"predecessor-version":[{"id":2694,"href":"http:\/\/blogdalucianaoliveira.com.br\/blog\/wp-json\/wp\/v2\/posts\/2690\/revisions\/2694"}],"wp:attachment":[{"href":"http:\/\/blogdalucianaoliveira.com.br\/blog\/wp-json\/wp\/v2\/media?parent=2690"}],"wp:term":[{"taxonomy":"category","embeddable":true,"href":"http:\/\/blogdalucianaoliveira.com.br\/blog\/wp-json\/wp\/v2\/categories?post=2690"},{"taxonomy":"post_tag","embeddable":true,"href":"http:\/\/blogdalucianaoliveira.com.br\/blog\/wp-json\/wp\/v2\/tags?post=2690"}],"curies":[{"name":"wp","href":"https:\/\/api.w.org\/{rel}","templated":true}]}}