{"id":26900,"date":"2020-03-16T12:55:03","date_gmt":"2020-03-16T16:55:03","guid":{"rendered":"http:\/\/blogdalucianaoliveira.com.br\/blog\/?p=26900"},"modified":"2020-03-16T13:15:26","modified_gmt":"2020-03-16T17:15:26","slug":"coluna-estupidez-pandemica-dra-ai-5-prefeitura-expoe-idosos-a-covid-19-e-outras-para-rir-e-chorar","status":"publish","type":"post","link":"http:\/\/blogdalucianaoliveira.com.br\/blog\/2020\/03\/16\/coluna-estupidez-pandemica-dra-ai-5-prefeitura-expoe-idosos-a-covid-19-e-outras-para-rir-e-chorar\/","title":{"rendered":"COLUNA: Estupidez pand\u00eamica; Dra. AI-5, Prefeitura exp\u00f5e idosos a Covid-19 e outras para rir e chorar"},"content":{"rendered":"\n<figure class=\"wp-block-image\"><img data-recalc-dims=\"1\" decoding=\"async\" src=\"https:\/\/i0.wp.com\/ogimg.infoglobo.com.br\/in\/24306497-3d4-e4f\/FT1086A\/652\/x87515038_Brazilian-President-Jair-Bolsonaro-greets-supporters-in-front-of-the-Planalto-Palace-after.jpg.pagespeed.ic.gFfAZFTZye.jpg?w=600&#038;ssl=1\" alt=\"Resultado de imagem para bolsonaro atos coronavirus\"\/><\/figure>\n\n\n\n<p><strong>Estupidez pand\u00eamica<\/strong><\/p>\n\n\n\n<p>O Psol vai denunciar Jair Bolsonaro \u00e0 Organiza\u00e7\u00e3o Mundial de Sa\u00fade por expor a popula\u00e7\u00e3o a risco de morte pelo coronav\u00edrus. Ele deu uma banana \u00e0 orienta\u00e7\u00e3o de isolamento ap\u00f3s seu teste ter dado negativo para o Covid-19 e foi cumprimentar manifestantes durante ato fascista em Bras\u00edlia.<\/p>\n\n\n\n<!--more-->\n\n\n\n<p>Ao contr\u00e1rio de chefes de\nestado que se submeteram \u00e0s regras para frear o cont\u00e1gio e as mortes pela\ndoen\u00e7a, Bolsonaro se uniu a um grupo de manifestantes, fez selfies e distribuiu\napertos de m\u00e3o.<\/p>\n\n\n\n<p>Dois gestos surreais de um presidente\nda rep\u00fablica no mesmo dia: estimular a popula\u00e7\u00e3o a n\u00e3o levar a s\u00e9rio o controle\nde uma pandemia e a pedir fechamento do Congresso.<\/p>\n\n\n\n<p>A imprensa nacional e estrangeira\ne os presidentes da C\u00e2mara e do Senado repudiaram a estupidez e irresponsabilidade\nde Bolsonaro. <\/p>\n\n\n\n<p>Em outras palavras, se propaga\nque Bolsonaro \u00e9 doido e mau.<\/p>\n\n\n\n<p>O deputado Marcelo Freixo (Psol-RJ) alerta para as pessoas da comitiva do presidente que voltaram de Miami com o coronav\u00edrus. Bolsonaro testou negativo. Por sorte, o v\u00edrus disse: ele n\u00e3o! <\/p>\n\n\n\n<figure class=\"wp-block-embed-twitter wp-block-embed is-type-rich is-provider-twitter\"><div class=\"wp-block-embed__wrapper\">\n<blockquote class=\"twitter-tweet\" data-width=\"550\" data-dnt=\"true\"><p lang=\"pt\" dir=\"ltr\">12 pessoas que estiveram com Bolsonaro em Miami est\u00e3o com o coronav\u00edrus. Hoje o presidente mostrou que est\u00e1 se lixando p\/ a vida dos brasileiros e participou do ato em Bras\u00edlia. N\u00f3s do <a href=\"https:\/\/twitter.com\/psolnacamara?ref_src=twsrc%5Etfw\">@psolnacamara<\/a> vamos denunci\u00e1-lo \u00e0 OMS. Bolsonaro se comporta como um l\u00edder de fac\u00e7\u00e3o fan\u00e1tico.<\/p>&mdash; Marcelo Freixo (@MarceloFreixo) <a href=\"https:\/\/twitter.com\/MarceloFreixo\/status\/1239355373179543552?ref_src=twsrc%5Etfw\">March 16, 2020<\/a><\/blockquote><script async src=\"https:\/\/platform.twitter.com\/widgets.js\" charset=\"utf-8\"><\/script>\n<\/div><\/figure>\n\n\n\n<p><strong>Dra. AI-5<\/strong><\/p>\n\n\n\n<figure class=\"wp-block-image\"><img decoding=\"async\" src=\"https:\/\/scontent.fbsb13-1.fna.fbcdn.net\/v\/t1.0-9\/s960x960\/89721987_1165794096924250_8076474318369849344_o.jpg?_nc_cat=107&amp;_nc_sid=8024bb&amp;_nc_ohc=FZZxRvvbLLoAX-67cPW&amp;_nc_ht=scontent.fbsb13-1.fna&amp;_nc_tp=7&amp;oh=d60fdcc08a4a6d9b1a10e27627eba167&amp;oe=5E96F176\" alt=\"\"\/><\/figure>\n\n\n\n<p>Um v\u00eddeo divulgado no Instagram\nde uma advogada escancarou a estupidez do ato contra o Congresso Nacional e o\nSTF, em Porto Velho, Rond\u00f4nia. Um grupo se reuniu para pedir um novo AI-5, Ato\nInstitucional que suspendeu v\u00e1rios direitos durante a ditadura, inclusive o de\nse manifestar.<\/p>\n\n\n\n<p>Pelo compartilhamento do apelo \u00e0 supress\u00e3o de direitos, censura e repress\u00e3o, a advogada foi apelidada de Dra. AI-5.<\/p>\n\n\n\n<iframe loading=\"lazy\" src=\"https:\/\/www.facebook.com\/plugins\/video.php?href=https%3A%2F%2Fwww.facebook.com%2Fluciana.oliveira.75457%2Fvideos%2F2940557592686791%2F&#038;show_text=0&#038;width=560\" width=\"560\" height=\"548\" style=\"border:none;overflow:hidden\" scrolling=\"no\" frameborder=\"0\" allowTransparency=\"true\" allowFullScreen=\"true\"><\/iframe>\n\n\n\n<p><strong>A\u00e7\u00e3o \u2018contagiante\u2019<\/strong><\/p>\n\n\n\n<p>A prefeitura de Porto Velho, por meio da Secretaria Municipal de Assist\u00eancia Social e da Fam\u00edlia (Semasf), divulgou em seu portal uma a\u00e7\u00e3o descabida: a visita\u00e7\u00e3o de idosos em exposi\u00e7\u00e3o sobre dinossauros no shopping da capital.<\/p>\n\n\n\n<p>A mat\u00e9ria da assessoria diz\nque a secret\u00e1ria, Ana Maria Negreiros, participou do \u2018divertimento\u2019 dos idosos,\ngrupo mais vulner\u00e1vel ao cont\u00e1gio e morte pelo coronav\u00edrus.<\/p>\n\n\n\n<p>A letalidade pelo Covid-19\nchega a quase 15%.<\/p>\n\n\n\n<p>Contrariando recomenda\u00e7\u00f5es do minist\u00e9rio da sa\u00fade, levou os mais fr\u00e1geis \u00e0 exposi\u00e7\u00e3o ao cont\u00e1gio pela doen\u00e7a. <\/p>\n\n\n\n<figure class=\"wp-block-image\"><img decoding=\"async\" src=\"https:\/\/scontent.fbsb13-1.fna.fbcdn.net\/v\/t1.0-9\/s960x960\/90264593_2793926940676820_2962354289692901376_o.jpg?_nc_cat=103&amp;_nc_sid=8024bb&amp;_nc_ohc=9F5d5HStPQEAX_A7NPF&amp;_nc_ht=scontent.fbsb13-1.fna&amp;_nc_tp=7&amp;oh=477518a8feb14eab133b374cd339208b&amp;oe=5E95B585\" alt=\"\"\/><\/figure>\n\n\n\n<p><strong>Queira dist\u00e2ncia<\/strong><\/p>\n\n\n\n<p>O governo\nda China anunciou o decl\u00ednio de cont\u00e1gio e mortes pelo novo coronav\u00edrus gra\u00e7as\nao controle rigoroso de movimenta\u00e7\u00e3o de pessoas e isolamento dos doentes.<\/p>\n\n\n\n<p>O pa\u00eds que\nregistrou quatro mil casos no in\u00edcio de fevereiro, teve apenas 30 no \u00faltimo\ns\u00e1bado.<\/p>\n\n\n\n<p>Evitar aglomera\u00e7\u00e3o e isolar os infectados foram medidas determinantes para frear a doen\u00e7a.<\/p>\n\n\n\n<iframe loading=\"lazy\" src=\"https:\/\/www.facebook.com\/plugins\/video.php?href=https%3A%2F%2Fwww.facebook.com%2Fsolange.castillo.14%2Fvideos%2F2767004880020878%2F&#038;show_text=0&#038;width=560\" width=\"560\" height=\"373\" style=\"border:none;overflow:hidden\" scrolling=\"no\" frameborder=\"0\" allowTransparency=\"true\" allowFullScreen=\"true\"><\/iframe>\n\n\n\n<p><strong>Evento cancelado<\/strong><\/p>\n\n\n\n<p>Em obedi\u00eancia \u00e0s orienta\u00e7\u00f5es do Minist\u00e9rio da Sa\u00fade, entre elas, a de evitar aglomera\u00e7\u00e3o de pessoas em raz\u00e3o da pandemia do Covid-19, comunicamos o cancelamento deste evento marcado para o dia 21\/03.<\/p>\n\n\n\n<figure class=\"wp-block-image\"><img decoding=\"async\" src=\"https:\/\/scontent.fbsb13-1.fna.fbcdn.net\/v\/t1.0-9\/s960x960\/89782895_2580906085352298_1143536356819992576_o.jpg?_nc_cat=107&amp;_nc_sid=110474&amp;_nc_ohc=n4hPS2YAvyoAX9RTZD-&amp;_nc_ht=scontent.fbsb13-1.fna&amp;_nc_tp=7&amp;oh=48a59c1b5698430378dc2a746200a2a4&amp;oe=5E93E180\" alt=\"A imagem pode conter: 2 pessoas, comida e texto\"\/><\/figure>\n\n\n\n<p><strong>Aprendizado com dor<\/strong><\/p>\n\n\n\n<figure class=\"wp-block-image\"><img decoding=\"async\" src=\"https:\/\/scontent.fbsb13-1.fna.fbcdn.net\/v\/t1.0-9\/89913209_1545056709006734_3509170773992407040_n.jpg?_nc_cat=100&amp;_nc_sid=110474&amp;_nc_ohc=wROMJ5bihUYAX8DZgi4&amp;_nc_ht=scontent.fbsb13-1.fna&amp;oh=f5f6a4827f2da07acbb02380c82f4f72&amp;oe=5E95D84E\" alt=\"A imagem pode conter: texto\"\/><\/figure>\n\n\n\n<figure class=\"wp-block-image\"><img decoding=\"async\" src=\"https:\/\/scontent.fbsb13-1.fna.fbcdn.net\/v\/t1.0-9\/89531536_1544770852368653_3866893536309805056_n.jpg?_nc_cat=1&amp;_nc_sid=110474&amp;_nc_ohc=9gCSjO-K3tEAX9PRBpX&amp;_nc_ht=scontent.fbsb13-1.fna&amp;oh=26a36b5fd5638e973bdce037a6e0d334&amp;oe=5E964090\" alt=\"A imagem pode conter: uma ou mais pessoas, c\u00e9u e atividades ao ar livre\"\/><\/figure>\n\n\n\n<p>\u00c9 isso por hoje.<\/p>\n\n\n\n<p>Mantenha dist\u00e2ncia contra o coronav\u00edrus e o bolsonav\u00edrus.<\/p>\n","protected":false},"excerpt":{"rendered":"<p>Estupidez pand\u00eamica O Psol vai denunciar Jair Bolsonaro \u00e0 Organiza\u00e7\u00e3o Mundial de Sa\u00fade por expor a popula\u00e7\u00e3o a risco de morte pelo coronav\u00edrus. Ele deu uma banana \u00e0 orienta\u00e7\u00e3o de isolamento ap\u00f3s seu teste ter dado negativo para o Covid-19 e foi cumprimentar manifestantes durante ato fascista em Bras\u00edlia.<\/p>\n","protected":false},"author":1,"featured_media":0,"comment_status":"closed","ping_status":"open","sticky":false,"template":"","format":"standard","meta":{"_exactmetrics_skip_tracking":false,"_exactmetrics_sitenote_active":false,"_exactmetrics_sitenote_note":"","_exactmetrics_sitenote_category":0,"jetpack_post_was_ever_published":false,"_jetpack_newsletter_access":"","_jetpack_dont_email_post_to_subs":false,"_jetpack_newsletter_tier_id":0,"_jetpack_memberships_contains_paywalled_content":false,"_jetpack_memberships_contains_paid_content":false,"footnotes":"","jetpack_publicize_message":"","jetpack_publicize_feature_enabled":true,"jetpack_social_post_already_shared":true,"jetpack_social_options":{"image_generator_settings":{"template":"highway","enabled":false},"version":2}},"categories":[1],"tags":[],"class_list":["post-26900","post","type-post","status-publish","format-standard","hentry","category-notas"],"jetpack_publicize_connections":[],"jetpack_sharing_enabled":true,"jetpack_featured_media_url":"","jetpack_shortlink":"https:\/\/wp.me\/p7wKYW-6ZS","jetpack-related-posts":[],"_links":{"self":[{"href":"http:\/\/blogdalucianaoliveira.com.br\/blog\/wp-json\/wp\/v2\/posts\/26900","targetHints":{"allow":["GET"]}}],"collection":[{"href":"http:\/\/blogdalucianaoliveira.com.br\/blog\/wp-json\/wp\/v2\/posts"}],"about":[{"href":"http:\/\/blogdalucianaoliveira.com.br\/blog\/wp-json\/wp\/v2\/types\/post"}],"author":[{"embeddable":true,"href":"http:\/\/blogdalucianaoliveira.com.br\/blog\/wp-json\/wp\/v2\/users\/1"}],"replies":[{"embeddable":true,"href":"http:\/\/blogdalucianaoliveira.com.br\/blog\/wp-json\/wp\/v2\/comments?post=26900"}],"version-history":[{"count":15,"href":"http:\/\/blogdalucianaoliveira.com.br\/blog\/wp-json\/wp\/v2\/posts\/26900\/revisions"}],"predecessor-version":[{"id":26917,"href":"http:\/\/blogdalucianaoliveira.com.br\/blog\/wp-json\/wp\/v2\/posts\/26900\/revisions\/26917"}],"wp:attachment":[{"href":"http:\/\/blogdalucianaoliveira.com.br\/blog\/wp-json\/wp\/v2\/media?parent=26900"}],"wp:term":[{"taxonomy":"category","embeddable":true,"href":"http:\/\/blogdalucianaoliveira.com.br\/blog\/wp-json\/wp\/v2\/categories?post=26900"},{"taxonomy":"post_tag","embeddable":true,"href":"http:\/\/blogdalucianaoliveira.com.br\/blog\/wp-json\/wp\/v2\/tags?post=26900"}],"curies":[{"name":"wp","href":"https:\/\/api.w.org\/{rel}","templated":true}]}}