{"id":26918,"date":"2020-03-16T18:12:19","date_gmt":"2020-03-16T22:12:19","guid":{"rendered":"http:\/\/blogdalucianaoliveira.com.br\/blog\/?p=26918"},"modified":"2020-03-16T18:12:29","modified_gmt":"2020-03-16T22:12:29","slug":"coronavirus-movimentos-suspendem-atos-dia-18-mas-mantem-greves-e-paralisacoes","status":"publish","type":"post","link":"http:\/\/blogdalucianaoliveira.com.br\/blog\/2020\/03\/16\/coronavirus-movimentos-suspendem-atos-dia-18-mas-mantem-greves-e-paralisacoes\/","title":{"rendered":"Coronav\u00edrus: movimentos suspendem atos dia 18, mas mant\u00eam greves e paralisa\u00e7\u00f5es"},"content":{"rendered":"\n<figure class=\"wp-block-image\"><img data-recalc-dims=\"1\" decoding=\"async\" src=\"https:\/\/i0.wp.com\/cdn.brasildefato.com.br\/media\/01561b96949300cc9c38ec235a9aec16.jpg?w=600&#038;ssl=1\" alt=\"\"\/><\/figure>\n\n\n\n<p>Indica\u00e7\u00e3o da Organiza\u00e7\u00e3o Mundial da Sa\u00fade \u00e9 evitar aglomera\u00e7\u00f5es.<\/p>\n\n\n\n<!--more-->\n\n\n\n<p>No Brasil de Fato<\/p>\n\n\n\n<p>As manifesta\u00e7\u00f5es de rua em defesa dos servidores p\u00fablicos e da educa\u00e7\u00e3o, agendadas para a pr\u00f3xima quarta-feira (18) em diversos estados do pa\u00eds, foram suspensas em resposta \u00e0&nbsp;pandemia do novo coronav\u00edrus. A decis\u00e3o divulgada pelas Frentes Povo Sem Medo e Brasil Popular respeita orienta\u00e7\u00f5es da Organiza\u00e7\u00e3o Mundial da Sa\u00fade (OMS) e do Minist\u00e9rio da Sa\u00fade, que indicam que aglomera\u00e7\u00f5es devem ser evitadas.&nbsp;<\/p>\n\n\n\n<p>Apesar da suspens\u00e3o dos atos, as organiza\u00e7\u00f5es ir\u00e3o manter as paralisa\u00e7\u00f5es previstas para a data, que ser\u00e3o impulsionadas de forma intensa pelas redes sociais. At\u00e9 este domingo (16) havia 200 casos de brasileiros infectados pelo coronav\u00edrus confirmados pelo Minist\u00e9rio da Sa\u00fade, n\u00famero que tem subido exponencialmente.\u00a0<\/p>\n\n\n\n<p>Em defesa da educa\u00e7\u00e3o, a mobiliza\u00e7\u00e3o do dia 18 foi convocada primeiramente pelos estudantes, que enfrentaram um ano turbulento com Abraham Weintraub no Minist\u00e9rio da Educa\u00e7\u00e3o (MEC) e, posteriormente, teve ades\u00e3o dos servidores p\u00fablicos contra a crise socioecon\u00f4mica e o desmonte da m\u00e1quina estatal como um todo.<\/p>\n\n\n\n<p>Iago Montalv\u00e3o, presidente da Uni\u00e3o Nacional dos Estudantes (UNE), ressalta a import\u00e2ncia dos estudantes, movimentos populares e centrais sindicais atenderem \u00e0s orienta\u00e7\u00f5es da OMS neste momento.&nbsp;<\/p>\n\n\n\n<p>\u201cAcreditamos que \u00e9 uma quest\u00e3o de bom senso, de n\u00e3o colocar em risco a sa\u00fade da nossa popula\u00e7\u00e3o. Por mais que tenhamos aglomera\u00e7\u00f5es cotidianas, tudo que deve ser evitado, deve ser. S\u00e3o as recomenda\u00e7\u00f5es de especialistas. Seria uma irresponsabilidade nossa manter qualquer tipo de aglomera\u00e7\u00e3o\u201d, afirma Montalv\u00e3o.<\/p>\n\n\n\n<p>O presidente da entidade estudantil explica que grande parte das universidades p\u00fablicas e particulares j\u00e1 suspenderam as aulas para evitar a contamina\u00e7\u00e3o pelo Covid-19. Ainda assim, ele garante que os estudantes n\u00e3o deixar\u00e3o de denunciar o desmonte da educa\u00e7\u00e3o p\u00fablica.&nbsp;<\/p>\n\n\n\n<p>\u201cAchamos que n\u00e3o valia a pena manter essas mobiliza\u00e7\u00f5es nas ruas. Mas, manteremos, claro, as paralisa\u00e7\u00f5es e greves nas universidades, assim como a\u00e7\u00f5es individuais de interven\u00e7\u00e3o urbana, faixas nos viadutos. Vamos fazer uma forte mobiliza\u00e7\u00e3o de rede social. \u00c9 por uma quest\u00e3o de sa\u00fade p\u00fablica e de responsabilidade com o Brasil, diferente do que fez a direita ontem com o apoio do presidente. Foi uma imensa irresponsabilidade\u201d, critica, em&nbsp;<a href=\"https:\/\/www.brasildefato.com.br\/2020\/03\/15\/bolsonaro-ignora-coronavirus-e-participa-de-manifestacao-contra-congresso-e-stf\">refer\u00eancia \u00e0 participa\u00e7\u00e3o de Bolsonaro em ato contra o Congresso Nacional neste domingo (15).<\/a><\/p>\n\n\n\n<p>Montalv\u00e3o acrescenta que a&nbsp;<a href=\"https:\/\/www.brasildefato.com.br\/2020\/03\/11\/oposicao-quer-maior-participacao-da-uniao-nos-recursos-do-novo-fundeb\" target=\"_blank\" rel=\"noreferrer noopener\">defesa do Fundo de Manuten\u00e7\u00e3o e Desenvolvimento da Educa\u00e7\u00e3o B\u00e1sica (Fundeb)<\/a>, que garante mais recursos para o ensino b\u00e1sico, \u00e9 central. E denuncia que o governo Bolsonaro transfornou o MEC \u201cem um verdadeiro instrumento de guerra ideol\u00f3gica e n\u00e3o de promo\u00e7\u00e3o de pol\u00edticas p\u00fablicas\u201d.&nbsp;<\/p>\n\n\n\n<p>Heleno Ara\u00fajo, presidente da Confedera\u00e7\u00e3o Nacional dos Trabalhadores em Educa\u00e7\u00e3o (CNTE), refor\u00e7a que todo cuidado com a sa\u00fade da popula\u00e7\u00e3o \u00e9 fundamental, e que, para combater a transmiss\u00e3o do coronav\u00edrus, muitos estados j\u00e1 interromperam as aulas.&nbsp;<\/p>\n\n\n\n<p>Contudo, nas unidades de ensino que continuam funcionando normalmente, a paralisa\u00e7\u00e3o de quarta-feira est\u00e1 assegurada. De acordo com a CNTE, 53 entidades filiadas aderiram \u00e0 greve.&nbsp;<\/p>\n\n\n\n<p>\u201cA ideia \u00e9 manter a greve no dia 18. Onde estiver funcionando neste dia, entra em greve, n\u00e3o trabalha. E transformar nossa mobiliza\u00e7\u00e3o presencial em uma grande mobiliza\u00e7\u00e3o virtual. Queremos denunciar os ataques do governo Bolsonaro contra os servi\u00e7os p\u00fablicos, contra a educa\u00e7\u00e3o, contra a democracia e contra o patrim\u00f4nio natural do povo brasileiro\u201d, defende Ara\u00fajo.<\/p>\n\n\n\n<p>O dirigente ressalta ainda que a greve n\u00e3o contribui com a propaga\u00e7\u00e3o do v\u00edrus e \u00e9 uma forma importante de alertar a sociedade e os governantes para os ataques do mandato Bolsonaro.&nbsp;<\/p>\n\n\n\n<p>Ara\u00fajo tamb\u00e9m reprova a&nbsp;<a href=\"https:\/\/www.brasildefato.com.br\/2020\/03\/07\/bolsonaro-convoca-para-manifestacoes-contra-congresso-e-stf\" target=\"_blank\" rel=\"noreferrer noopener\">atitude do presidente, que ignorou a pandemia do coronav\u00edrus e estimulou seus apoiadores a participarem de manifesta\u00e7\u00f5es autorit\u00e1rias por meio das redes sociais<\/a>, indo na contrama\u00e7\u00e3o dos posicionamentos internacionais.<\/p>\n\n\n\n<p>\u201c\u00c9 uma vergonha para o pa\u00eds, a postura do presidente da Rep\u00fablica, mas \u00e9 coerente com sua vida e com sua forma de governar. Ele n\u00e3o tem nenhum valor pelo ser humano, nenhum valor pelo povo do Brasil\u201d, comenta o presidente da CNTE.<\/p>\n\n\n\n<p>Em comunicado divulgado na sexta-feira (13), a Central \u00danica dos Trabalhadores (CUT) tamb\u00e9m orientou suas entidades filiadas a manter as greves aprovadas para o dia 18, sem realiza\u00e7\u00e3o de manifesta\u00e7\u00f5es com aglomera\u00e7\u00f5es de pessoas.<\/p>\n\n\n\n<p><strong>Medidas protetivas<\/strong><\/p>\n\n\n\n<p>Em di\u00e1logo com as demais entidades organizadoras dos atos, a Frente Brasil Popular e a Frente Povo Sem Medo publicaram uma nota exigindo que os poderes Judici\u00e1rio, Executivo e Legislativo voltem toda sua aten\u00e7\u00e3o para encontrar e colocar em pr\u00e1tica a\u00e7\u00f5es que protejam os brasileiros do coronav\u00edrus.<\/p>\n\n\n\n<p>Os movimentos pedem tamb\u00e9m&nbsp;a revoga\u00e7\u00e3o da Emenda Constitucional 95, que limitou o investimento nas \u00e1reas p\u00fablicas por 20 anos.<\/p>\n\n\n\n<p>\u201cDiante desse quadro, pedimos a revoga\u00e7\u00e3o imediata do teto dos investimentos na sa\u00fade, educa\u00e7\u00e3o e pesquisa cient\u00edfica para que o Brasil possa enfrentar essa grave situa\u00e7\u00e3o. Al\u00e9m disso, exigimos que o Poder P\u00fablico apresente um plano de emerg\u00eancia com medidas efetivas para conter essa crise, tanto do ponto de vista da sa\u00fade p\u00fablica, quanto do ponto de vista dos impactos que ela acarretar\u00e1 em nossa economia, no emprego e na renda dos trabalhadores, que j\u00e1 apresentava sinais graves de deteriora\u00e7\u00e3o, mesmo antes do Coronav\u00edrus\u201d, diz o texto.<\/p>\n\n\n\n<p>Leia&nbsp;na \u00edntegra nota sobre as mobiliza\u00e7\u00f5es do dia 18:<\/p>\n\n\n\n<p><em>AS MANIFESTA\u00c7\u00d5ES DE RUA EST\u00c3O SUSPENSAS NO DIA 18\/03, MAS A MOBILIZA\u00c7\u00c3O EM DEFESA DO BRASIL CONTINUA!<\/em><\/p>\n\n\n\n<p><em>Tendo em vista a propaga\u00e7\u00e3o do Coronav\u00edrus no pa\u00eds, a Frente Brasil Popular e a Frente Povo Sem Medo em di\u00e1logo com as demais entidades organizadoras das manifesta\u00e7\u00f5es de 18\/03, decidiu pela suspens\u00e3o dos atos de rua agendados para esta data.<\/em><\/p>\n\n\n\n<p><em>Neste momento delicado do pa\u00eds e do mundo, entendemos que \u00e9 necess\u00e1rio fazermos todos os esfor\u00e7os para evitar o agravamento da pandemia. Isso exigir\u00e1 um comportamento adequado de todos os atores pol\u00edticos, principalmente do Judici\u00e1rio, do Executivo e do Legislativo federal que dever\u00e3o suspender a agenda de reformas neoliberais para concentrar todas as suas energias para encontrar meios que tenham a sa\u00fade do povo brasileiro como prioridade m\u00e1xima.<\/em><\/p>\n\n\n\n<p><em>Diante desse quadro, pedimos a revoga\u00e7\u00e3o imediata do teto dos investimentos na sa\u00fade, educa\u00e7\u00e3o e pesquisa cient\u00edfica para que o Brasil possa enfrentar essa grave situa\u00e7\u00e3o.<\/em><\/p>\n\n\n\n<p><em>Al\u00e9m disso, exigimos que o Poder P\u00fablico apresente um plano de emerg\u00eancia com medidas efetivas para conter essa crise, tanto do ponto de vista da sa\u00fade p\u00fablica, quanto do ponto de vista dos impactos que ela acarretar\u00e1 em nossa economia, no emprego e na renda dos trabalhadores, que j\u00e1 apresentava sinais graves de deteriora\u00e7\u00e3o, mesmo antes do Coronav\u00edrus.<\/em><\/p>\n\n\n\n<p><em>Por fim, reafirmamos que a luta em defesa da Educa\u00e7\u00e3o, do Emprego, dos Direitos e da Democracia n\u00e3o deve parar. O 18 de Mar\u00e7o segue como um dia de greves e paralisa\u00e7\u00f5es em todo pa\u00eds.<\/em><\/p>\n\n\n\n<p><em>Continuaremos denunciando o car\u00e1ter neoliberal, antidemocr\u00e1tico, antipopular e antinacional deste governo.<\/em><\/p>\n\n\n\n<p><em>13 de Mar\u00e7o de 2020<br>Frente Brasil Popular<br>Frente Povo Sem Medo<\/em><\/p>\n\n\n\n<p>Edi\u00e7\u00e3o: Leandro Melito<\/p>\n","protected":false},"excerpt":{"rendered":"<p>Indica\u00e7\u00e3o da Organiza\u00e7\u00e3o Mundial da Sa\u00fade \u00e9 evitar aglomera\u00e7\u00f5es.<\/p>\n","protected":false},"author":1,"featured_media":0,"comment_status":"closed","ping_status":"open","sticky":false,"template":"","format":"standard","meta":{"_exactmetrics_skip_tracking":false,"_exactmetrics_sitenote_active":false,"_exactmetrics_sitenote_note":"","_exactmetrics_sitenote_category":0,"jetpack_post_was_ever_published":false,"_jetpack_newsletter_access":"","_jetpack_dont_email_post_to_subs":false,"_jetpack_newsletter_tier_id":0,"_jetpack_memberships_contains_paywalled_content":false,"_jetpack_memberships_contains_paid_content":false,"footnotes":"","jetpack_publicize_message":"","jetpack_publicize_feature_enabled":true,"jetpack_social_post_already_shared":true,"jetpack_social_options":{"image_generator_settings":{"template":"highway","enabled":false},"version":2}},"categories":[1],"tags":[],"class_list":["post-26918","post","type-post","status-publish","format-standard","hentry","category-notas"],"jetpack_publicize_connections":[],"jetpack_sharing_enabled":true,"jetpack_featured_media_url":"","jetpack_shortlink":"https:\/\/wp.me\/p7wKYW-70a","jetpack-related-posts":[],"_links":{"self":[{"href":"http:\/\/blogdalucianaoliveira.com.br\/blog\/wp-json\/wp\/v2\/posts\/26918","targetHints":{"allow":["GET"]}}],"collection":[{"href":"http:\/\/blogdalucianaoliveira.com.br\/blog\/wp-json\/wp\/v2\/posts"}],"about":[{"href":"http:\/\/blogdalucianaoliveira.com.br\/blog\/wp-json\/wp\/v2\/types\/post"}],"author":[{"embeddable":true,"href":"http:\/\/blogdalucianaoliveira.com.br\/blog\/wp-json\/wp\/v2\/users\/1"}],"replies":[{"embeddable":true,"href":"http:\/\/blogdalucianaoliveira.com.br\/blog\/wp-json\/wp\/v2\/comments?post=26918"}],"version-history":[{"count":1,"href":"http:\/\/blogdalucianaoliveira.com.br\/blog\/wp-json\/wp\/v2\/posts\/26918\/revisions"}],"predecessor-version":[{"id":26919,"href":"http:\/\/blogdalucianaoliveira.com.br\/blog\/wp-json\/wp\/v2\/posts\/26918\/revisions\/26919"}],"wp:attachment":[{"href":"http:\/\/blogdalucianaoliveira.com.br\/blog\/wp-json\/wp\/v2\/media?parent=26918"}],"wp:term":[{"taxonomy":"category","embeddable":true,"href":"http:\/\/blogdalucianaoliveira.com.br\/blog\/wp-json\/wp\/v2\/categories?post=26918"},{"taxonomy":"post_tag","embeddable":true,"href":"http:\/\/blogdalucianaoliveira.com.br\/blog\/wp-json\/wp\/v2\/tags?post=26918"}],"curies":[{"name":"wp","href":"https:\/\/api.w.org\/{rel}","templated":true}]}}