{"id":26920,"date":"2020-03-16T18:14:53","date_gmt":"2020-03-16T22:14:53","guid":{"rendered":"http:\/\/blogdalucianaoliveira.com.br\/blog\/?p=26920"},"modified":"2020-03-16T18:15:04","modified_gmt":"2020-03-16T22:15:04","slug":"mundo-afora-governo-aqui-demencia-presidencial","status":"publish","type":"post","link":"http:\/\/blogdalucianaoliveira.com.br\/blog\/2020\/03\/16\/mundo-afora-governo-aqui-demencia-presidencial\/","title":{"rendered":"Mundo afora, governo; aqui, dem\u00eancia presidencial"},"content":{"rendered":"\n<figure class=\"wp-block-image\"><img data-recalc-dims=\"1\" decoding=\"async\" src=\"https:\/\/i0.wp.com\/publisher-publish.s3.eu-central-1.amazonaws.com\/pb-brasil247\/swp\/jtjeq9\/media\/20200316100320_de17dba97f131f2930ed3dc754090abff11a2ec8f0d9353a1642083a6d0d3cd8.jpeg?w=600&#038;ssl=1\" alt=\"\"\/><\/figure>\n\n\n\n<p>&#8220;Trata-se de uma quest\u00e3o de tempo. E de um tempo espec\u00edfico: at\u00e9 quando o pa\u00eds, destro\u00e7ado dia sim e o outro tamb\u00e9m, vai aguentar?&#8221;, questiona o jornalista Eric Nepomuceno.<br><\/p>\n\n\n\n<!--more-->\n\n\n\n<p><strong>Por Eric Nepomuceno, para o\u00a0<\/strong><a rel=\"noreferrer noopener\" target=\"_blank\" href=\"https:\/\/catarse.me\/jornalistaspelademocracia\"><strong>Jornalistas pela Democracia<\/strong><\/a>\u00a0<\/p>\n\n\n\n<p>Aqui ao lado, na Argentina, o esquerdalha (termo usado por Jair Messias) Alberto Fern\u00e1ndez decreta o fechamento de fronteiras por quinze dias. E convoca um gabinete de crise para lidar com a crise.<\/p>\n\n\n\n<p>Outros pa\u00edses latino-americanos adotam medidas que, na melhor das hip\u00f3teses, poderiam ser chamadas de dr\u00e1sticas. Todas decididas depois de reuni\u00f5es com os respectivos gabinetes de crise.&nbsp;<\/p>\n\n\n\n<p>Mundo afora, os governos, com rar\u00edssimas exce\u00e7\u00f5es, fazem a mesma coisa. At\u00e9 na distante e mais que corrupta Nig\u00e9ria o governo convoca gabinete de crise para ver que diabos fazer com o coronav\u00edrus.<\/p>\n\n\n\n<p>Pa\u00edses fecham fronteiras (a Alemanha, por exemplo, e para ficarmos em apenas um), e todos, todos, convocam gabinetes de crise, e dupla crise: o que fazer da economia, al\u00e9m do corona?<\/p>\n\n\n\n<p>Aqui no Brasil, governos estaduais adotam medidas radicais, umas mais, outras menos, compreens\u00edveis. E todos tratam de agir.<\/p>\n\n\n\n<p>E o que faz Jair Messias?<\/p>\n\n\n\n<p>Pois ele desobedece determina\u00e7\u00f5es do seu pr\u00f3prio ministro da Sa\u00fade, e vai para as ruas, numa aglomera\u00e7\u00e3o, apoiar manifesta\u00e7\u00f5es que pedem o fechamento do Congresso e o expurgo de v\u00e1rios integrantes do Supremo Tribunal Federal.&nbsp;<\/p>\n\n\n\n<p>E, como se fosse pouco, desafia os presidentes da C\u00e2mara (aten\u00e7\u00e3o, Moro e seguidores: \u00e9 c\u00e2mara de deputados; c\u00e2mera \u00e9 para tirar fotos ou filmar aberra\u00e7\u00f5es como voc\u00eas) e do Senado a fazerem a mesma coisa, ou seja, sair \u00e0s ruas e pedir o fechamento do Congresso e do Supremo.<br><\/p>\n\n\n\n<p>Trata-se de uma quest\u00e3o de tempo. E de um tempo espec\u00edfico: at\u00e9 quando o pa\u00eds, destro\u00e7ado dia sim e o outro tamb\u00e9m, vai aguentar?<\/p>\n\n\n\n<p>N\u00e3o d\u00e1, \u00e9 claro, para medir o apoio que o bo\u00e7al ainda consegue reunir. Entre o coronav\u00edrus e sabe-se l\u00e1 o qu\u00ea, o fato \u00e9 que as manifesta\u00e7\u00f5es do domingo, 15 de mar\u00e7o, foram p\u00edfias. P\u00edfias, mas especialmente agressivas. Ser\u00e1 esse o n\u00facleo duro do Bolsonarismo? Ser\u00e1 maior?<\/p>\n\n\n\n<p>Todo mundo concorda em ao menos um ponto: as exig\u00eancias foram mais contundentes que nunca. E especialmente dirigidas contra Rodrigo Maia e os deputados em geral.<\/p>\n\n\n\n<p>O pa\u00eds, al\u00e9m de todo destro\u00e7o produzido por Jair Messias e o aprendiz de Pinochet chamado Paulo Guedes, est\u00e1 num beco sem sa\u00edda.<\/p>\n\n\n\n<p>De um lado, a economia congelada e dando marcha a r\u00e9.<\/p>\n\n\n\n<p>De outro, os programas sociais destro\u00e7ados. A devasta\u00e7\u00e3o que o regime clept\u00f4mano de Michel Temer come\u00e7ou na legisla\u00e7\u00e3o trabalhista, e que Jair Messias e Guedes conclu\u00edram na Previd\u00eancia, fizeram uma devasta\u00e7\u00e3o infinita na sociedade brasileira.<\/p>\n\n\n\n<p>E, no meio, um desvariado e desequilibrado Jair Messias desembestado. A sa\u00edda, \u00fanica e l\u00f3gica, seria defenestrar esse sacripanta. N\u00e3o h\u00e1, por\u00e9m, sinal de iniciativa nessa dire\u00e7\u00e3o \u00e0 vista.<\/p>\n\n\n\n<p>Na manh\u00e3 desta segunda-feira Jair Messias tornou a falar. E o que ele disse comprova que est\u00e1 mais do que na hora de pedir uma interven\u00e7\u00e3o urgente. N\u00e3o militar, como querem os seus bo\u00e7ais mais fan\u00e1ticos. Mas psiqui\u00e1trica: os sinais de dem\u00eancia irremedi\u00e1vel s\u00e3o cada vez mais evidentes.<br><\/p>\n\n\n\n<p><br><\/p>\n","protected":false},"excerpt":{"rendered":"<p>&#8220;Trata-se de uma quest\u00e3o de tempo. E de um tempo espec\u00edfico: at\u00e9 quando o pa\u00eds, destro\u00e7ado dia sim e o outro tamb\u00e9m, vai aguentar?&#8221;, questiona o jornalista Eric Nepomuceno.<\/p>\n","protected":false},"author":1,"featured_media":0,"comment_status":"closed","ping_status":"open","sticky":false,"template":"","format":"standard","meta":{"_exactmetrics_skip_tracking":false,"_exactmetrics_sitenote_active":false,"_exactmetrics_sitenote_note":"","_exactmetrics_sitenote_category":0,"jetpack_post_was_ever_published":false,"_jetpack_newsletter_access":"","_jetpack_dont_email_post_to_subs":false,"_jetpack_newsletter_tier_id":0,"_jetpack_memberships_contains_paywalled_content":false,"_jetpack_memberships_contains_paid_content":false,"footnotes":"","jetpack_publicize_message":"","jetpack_publicize_feature_enabled":true,"jetpack_social_post_already_shared":true,"jetpack_social_options":{"image_generator_settings":{"template":"highway","enabled":false},"version":2}},"categories":[1],"tags":[],"class_list":["post-26920","post","type-post","status-publish","format-standard","hentry","category-notas"],"jetpack_publicize_connections":[],"jetpack_sharing_enabled":true,"jetpack_featured_media_url":"","jetpack_shortlink":"https:\/\/wp.me\/p7wKYW-70c","jetpack-related-posts":[],"_links":{"self":[{"href":"http:\/\/blogdalucianaoliveira.com.br\/blog\/wp-json\/wp\/v2\/posts\/26920","targetHints":{"allow":["GET"]}}],"collection":[{"href":"http:\/\/blogdalucianaoliveira.com.br\/blog\/wp-json\/wp\/v2\/posts"}],"about":[{"href":"http:\/\/blogdalucianaoliveira.com.br\/blog\/wp-json\/wp\/v2\/types\/post"}],"author":[{"embeddable":true,"href":"http:\/\/blogdalucianaoliveira.com.br\/blog\/wp-json\/wp\/v2\/users\/1"}],"replies":[{"embeddable":true,"href":"http:\/\/blogdalucianaoliveira.com.br\/blog\/wp-json\/wp\/v2\/comments?post=26920"}],"version-history":[{"count":1,"href":"http:\/\/blogdalucianaoliveira.com.br\/blog\/wp-json\/wp\/v2\/posts\/26920\/revisions"}],"predecessor-version":[{"id":26921,"href":"http:\/\/blogdalucianaoliveira.com.br\/blog\/wp-json\/wp\/v2\/posts\/26920\/revisions\/26921"}],"wp:attachment":[{"href":"http:\/\/blogdalucianaoliveira.com.br\/blog\/wp-json\/wp\/v2\/media?parent=26920"}],"wp:term":[{"taxonomy":"category","embeddable":true,"href":"http:\/\/blogdalucianaoliveira.com.br\/blog\/wp-json\/wp\/v2\/categories?post=26920"},{"taxonomy":"post_tag","embeddable":true,"href":"http:\/\/blogdalucianaoliveira.com.br\/blog\/wp-json\/wp\/v2\/tags?post=26920"}],"curies":[{"name":"wp","href":"https:\/\/api.w.org\/{rel}","templated":true}]}}