{"id":26922,"date":"2020-03-16T20:22:50","date_gmt":"2020-03-17T00:22:50","guid":{"rendered":"http:\/\/blogdalucianaoliveira.com.br\/blog\/?p=26922"},"modified":"2020-03-16T22:36:06","modified_gmt":"2020-03-17T02:36:06","slug":"da-italia-padre-pede-que-brasileiros-levem-a-serio-pandemia-do-covid-19","status":"publish","type":"post","link":"http:\/\/blogdalucianaoliveira.com.br\/blog\/2020\/03\/16\/da-italia-padre-pede-que-brasileiros-levem-a-serio-pandemia-do-covid-19\/","title":{"rendered":"Da It\u00e1lia, padre pede que brasileiros levem a s\u00e9rio pandemia do Covid-19"},"content":{"rendered":"\n<div class=\"fb-post\" data-href=\"https:\/\/www.facebook.com\/100005877791262\/posts\/1274585146080733\/?d=n\" data-width=\"552\"><\/div>\n\n\n\n<p>Enzo Mangano, padre que morou por tr\u00eas d\u00e9cadas em Porto Velho, Rond\u00f4nia, fez um apelo dram\u00e1tico em v\u00eddeo gravado na It\u00e1lia.<\/p>\n\n\n\n<p>\u201cOs brasileiros deviam fazer press\u00e3o para o governo central, estadual, levar a s\u00e9rio esta epidemia que virou pandemia\u201d.<\/p>\n\n\n\n<!--more-->\n\n\n\n<p>Ele detalha com ang\u00fastia o caos na It\u00e1lia por causa da doen\u00e7a.<\/p>\n\n\n\n<p>Pediu que as pessoas obede\u00e7am \u00e0s orienta\u00e7\u00f5es de preven\u00e7\u00e3o e tratamento contra o novo coronav\u00edrus.<\/p>\n\n\n\n<p>\u201cEu vejo urgente, urgente, se isso continuar como j\u00e1 est\u00e1 entrando no Brasil, que vai se espalhar de uma forma terr\u00edvel! \u00c9 r\u00e1pida, \u00e9 r\u00e1pida.\u201d, alertou padre Enzo. <\/p>\n\n\n\n<p>A mensagem impactou os portovelhenses, principalmente, porque o governador Marcos Rocha (PSL), fez como o presidente Bolsonaro, convocou e \u2018desconvocou\u2019 atos, banalizando orienta\u00e7\u00f5es para proteger a sa\u00fade da popula\u00e7\u00e3o.<\/p>\n\n\n\n<p>Hoje o governador publicou um decreto que paralisa aulas e imp\u00f5e regras contra aglomera\u00e7\u00e3o de pessoas, principalmente em locais fechados.<\/p>\n\n\n\n<p>Padre Enzo fala sobre a preocupa\u00e7\u00e3o do novo coronav\u00edrus chegar a regi\u00f5es sem a estrutura de socorro da It\u00e1lia.<\/p>\n\n\n\n<p>\u201cTem muita, muita gente que est\u00e1 levando na brincadeira\u201d, desabafou. <\/p>\n\n\n\n<p>E pediu: \u201cMeu Jesus, que Deus livre o Brasil disto\u201d.<\/p>\n\n\n\n<p>Em 16 de mar\u00e7o nenhum caso foi confirmado no estado, mas est\u00e3o registradas 36 notifica\u00e7\u00f5es do Covid-19.<\/p>\n","protected":false},"excerpt":{"rendered":"<p>Enzo Mangano, padre que morou por tr\u00eas d\u00e9cadas em Porto Velho, Rond\u00f4nia, fez um apelo dram\u00e1tico em v\u00eddeo gravado na It\u00e1lia. \u201cOs brasileiros deviam fazer press\u00e3o para o governo central, estadual, levar a s\u00e9rio esta epidemia que virou pandemia\u201d.<\/p>\n","protected":false},"author":1,"featured_media":0,"comment_status":"closed","ping_status":"open","sticky":false,"template":"","format":"standard","meta":{"_exactmetrics_skip_tracking":false,"_exactmetrics_sitenote_active":false,"_exactmetrics_sitenote_note":"","_exactmetrics_sitenote_category":0,"jetpack_post_was_ever_published":false,"_jetpack_newsletter_access":"","_jetpack_dont_email_post_to_subs":false,"_jetpack_newsletter_tier_id":0,"_jetpack_memberships_contains_paywalled_content":false,"_jetpack_memberships_contains_paid_content":false,"footnotes":"","jetpack_publicize_message":"","jetpack_publicize_feature_enabled":true,"jetpack_social_post_already_shared":true,"jetpack_social_options":{"image_generator_settings":{"template":"highway","enabled":false},"version":2}},"categories":[1],"tags":[],"class_list":["post-26922","post","type-post","status-publish","format-standard","hentry","category-notas"],"jetpack_publicize_connections":[],"jetpack_sharing_enabled":true,"jetpack_featured_media_url":"","jetpack_shortlink":"https:\/\/wp.me\/p7wKYW-70e","jetpack-related-posts":[],"_links":{"self":[{"href":"http:\/\/blogdalucianaoliveira.com.br\/blog\/wp-json\/wp\/v2\/posts\/26922","targetHints":{"allow":["GET"]}}],"collection":[{"href":"http:\/\/blogdalucianaoliveira.com.br\/blog\/wp-json\/wp\/v2\/posts"}],"about":[{"href":"http:\/\/blogdalucianaoliveira.com.br\/blog\/wp-json\/wp\/v2\/types\/post"}],"author":[{"embeddable":true,"href":"http:\/\/blogdalucianaoliveira.com.br\/blog\/wp-json\/wp\/v2\/users\/1"}],"replies":[{"embeddable":true,"href":"http:\/\/blogdalucianaoliveira.com.br\/blog\/wp-json\/wp\/v2\/comments?post=26922"}],"version-history":[{"count":4,"href":"http:\/\/blogdalucianaoliveira.com.br\/blog\/wp-json\/wp\/v2\/posts\/26922\/revisions"}],"predecessor-version":[{"id":26927,"href":"http:\/\/blogdalucianaoliveira.com.br\/blog\/wp-json\/wp\/v2\/posts\/26922\/revisions\/26927"}],"wp:attachment":[{"href":"http:\/\/blogdalucianaoliveira.com.br\/blog\/wp-json\/wp\/v2\/media?parent=26922"}],"wp:term":[{"taxonomy":"category","embeddable":true,"href":"http:\/\/blogdalucianaoliveira.com.br\/blog\/wp-json\/wp\/v2\/categories?post=26922"},{"taxonomy":"post_tag","embeddable":true,"href":"http:\/\/blogdalucianaoliveira.com.br\/blog\/wp-json\/wp\/v2\/tags?post=26922"}],"curies":[{"name":"wp","href":"https:\/\/api.w.org\/{rel}","templated":true}]}}