{"id":26928,"date":"2020-03-17T08:59:59","date_gmt":"2020-03-17T12:59:59","guid":{"rendered":"http:\/\/blogdalucianaoliveira.com.br\/blog\/?p=26928"},"modified":"2020-03-17T09:00:10","modified_gmt":"2020-03-17T13:00:10","slug":"haitiano-humilha-bolsonaro-e-dispara-voce-nao-e-presidente-mais","status":"publish","type":"post","link":"http:\/\/blogdalucianaoliveira.com.br\/blog\/2020\/03\/17\/haitiano-humilha-bolsonaro-e-dispara-voce-nao-e-presidente-mais\/","title":{"rendered":"Haitiano humilha Bolsonaro e dispara: voc\u00ea n\u00e3o \u00e9 presidente mais"},"content":{"rendered":"\n<figure class=\"wp-block-image size-large\"><img data-recalc-dims=\"1\" loading=\"lazy\" decoding=\"async\" width=\"500\" height=\"240\" data-attachment-id=\"26929\" data-permalink=\"http:\/\/blogdalucianaoliveira.com.br\/blog\/2020\/03\/17\/haitiano-humilha-bolsonaro-e-dispara-voce-nao-e-presidente-mais\/image-4-8\/\" data-orig-file=\"https:\/\/i0.wp.com\/blogdalucianaoliveira.com.br\/blog\/wp-content\/uploads\/2020\/03\/image-4.png?fit=500%2C240\" data-orig-size=\"500,240\" data-comments-opened=\"0\" data-image-meta=\"{&quot;aperture&quot;:&quot;0&quot;,&quot;credit&quot;:&quot;&quot;,&quot;camera&quot;:&quot;&quot;,&quot;caption&quot;:&quot;&quot;,&quot;created_timestamp&quot;:&quot;0&quot;,&quot;copyright&quot;:&quot;&quot;,&quot;focal_length&quot;:&quot;0&quot;,&quot;iso&quot;:&quot;0&quot;,&quot;shutter_speed&quot;:&quot;0&quot;,&quot;title&quot;:&quot;&quot;,&quot;orientation&quot;:&quot;0&quot;}\" data-image-title=\"image-4\" data-image-description=\"\" data-image-caption=\"\" data-medium-file=\"https:\/\/i0.wp.com\/blogdalucianaoliveira.com.br\/blog\/wp-content\/uploads\/2020\/03\/image-4.png?fit=300%2C144\" data-large-file=\"https:\/\/i0.wp.com\/blogdalucianaoliveira.com.br\/blog\/wp-content\/uploads\/2020\/03\/image-4.png?fit=500%2C240\" src=\"https:\/\/i0.wp.com\/blogdalucianaoliveira.com.br\/blog\/wp-content\/uploads\/2020\/03\/image-4.png?resize=500%2C240\" alt=\"\" class=\"wp-image-26929\" srcset=\"https:\/\/i0.wp.com\/blogdalucianaoliveira.com.br\/blog\/wp-content\/uploads\/2020\/03\/image-4.png?w=500 500w, https:\/\/i0.wp.com\/blogdalucianaoliveira.com.br\/blog\/wp-content\/uploads\/2020\/03\/image-4.png?resize=300%2C144 300w\" sizes=\"auto, (max-width: 500px) 100vw, 500px\" \/><\/figure>\n\n\n\n<p>247 &#8211; Um imigrante haitiano lavou a alma de milh\u00f5es de brasileiros, ao enquadrar diretamente Jair Bolsonaro na porta do Pal\u00e1cio da Alvorada, em Bras\u00edlia. &#8220;Voc\u00ea n\u00e3o \u00e9 presidente mais. Voc\u00ea est\u00e1 entendente, eu estou falando brasileiro. Voc\u00ea est\u00e1 espalhando v\u00edrus e matando brasileiros&#8221;, disse ele.<\/p>\n\n\n\n<!--more-->\n\n\n\n<p> No domingo, Bolsonaro quebrou recomenda\u00e7\u00e3o m\u00e9dica e foi a manifesta\u00e7\u00e3o de car\u00e1ter fascista, onde confraternizou com centenas de pessoas. Confira o v\u00eddeo.<\/p>\n\n\n\n<figure class=\"wp-block-embed-twitter wp-block-embed is-type-rich is-provider-twitter\"><div class=\"wp-block-embed__wrapper\">\n<blockquote class=\"twitter-tweet\" data-width=\"550\" data-dnt=\"true\"><p lang=\"pt\" dir=\"ltr\">Fato:<br>\u201cVoc\u00ea j\u00e1 \u00f1 \u00e9 presidente mais\u201d.<br><br>Ocupa espa\u00e7o de presidente, pal\u00e1cio de presidente, sal\u00e1rio de presidente, mas \u00f1 exerce a presid\u00eancia.<br><br>Se algu\u00e9m souber quem \u00e9 este corajoso Sr que disse na cara o que cada vez mais gente pensa, avise-o para proteger-se. <a href=\"https:\/\/t.co\/bAMBvIHzZy\">https:\/\/t.co\/bAMBvIHzZy<\/a><\/p>&mdash; Maria do Ros\u00e1rio (@mariadorosario) <a href=\"https:\/\/twitter.com\/mariadorosario\/status\/1239762335541211138?ref_src=twsrc%5Etfw\">March 17, 2020<\/a><\/blockquote><script async src=\"https:\/\/platform.twitter.com\/widgets.js\" charset=\"utf-8\"><\/script>\n<\/div><\/figure>\n","protected":false},"excerpt":{"rendered":"<p>247 &#8211; Um imigrante haitiano lavou a alma de milh\u00f5es de brasileiros, ao enquadrar diretamente Jair Bolsonaro na porta do Pal\u00e1cio da Alvorada, em Bras\u00edlia. &#8220;Voc\u00ea n\u00e3o \u00e9 presidente mais. Voc\u00ea est\u00e1 entendente, eu estou falando brasileiro. Voc\u00ea est\u00e1 espalhando v\u00edrus e matando brasileiros&#8221;, disse ele.<\/p>\n","protected":false},"author":1,"featured_media":0,"comment_status":"closed","ping_status":"open","sticky":false,"template":"","format":"standard","meta":{"_exactmetrics_skip_tracking":false,"_exactmetrics_sitenote_active":false,"_exactmetrics_sitenote_note":"","_exactmetrics_sitenote_category":0,"jetpack_post_was_ever_published":false,"_jetpack_newsletter_access":"","_jetpack_dont_email_post_to_subs":false,"_jetpack_newsletter_tier_id":0,"_jetpack_memberships_contains_paywalled_content":false,"_jetpack_memberships_contains_paid_content":false,"footnotes":"","jetpack_publicize_message":"","jetpack_publicize_feature_enabled":true,"jetpack_social_post_already_shared":true,"jetpack_social_options":{"image_generator_settings":{"template":"highway","enabled":false},"version":2}},"categories":[1],"tags":[],"class_list":["post-26928","post","type-post","status-publish","format-standard","hentry","category-notas"],"jetpack_publicize_connections":[],"jetpack_sharing_enabled":true,"jetpack_featured_media_url":"","jetpack_shortlink":"https:\/\/wp.me\/p7wKYW-70k","jetpack-related-posts":[],"_links":{"self":[{"href":"http:\/\/blogdalucianaoliveira.com.br\/blog\/wp-json\/wp\/v2\/posts\/26928","targetHints":{"allow":["GET"]}}],"collection":[{"href":"http:\/\/blogdalucianaoliveira.com.br\/blog\/wp-json\/wp\/v2\/posts"}],"about":[{"href":"http:\/\/blogdalucianaoliveira.com.br\/blog\/wp-json\/wp\/v2\/types\/post"}],"author":[{"embeddable":true,"href":"http:\/\/blogdalucianaoliveira.com.br\/blog\/wp-json\/wp\/v2\/users\/1"}],"replies":[{"embeddable":true,"href":"http:\/\/blogdalucianaoliveira.com.br\/blog\/wp-json\/wp\/v2\/comments?post=26928"}],"version-history":[{"count":1,"href":"http:\/\/blogdalucianaoliveira.com.br\/blog\/wp-json\/wp\/v2\/posts\/26928\/revisions"}],"predecessor-version":[{"id":26930,"href":"http:\/\/blogdalucianaoliveira.com.br\/blog\/wp-json\/wp\/v2\/posts\/26928\/revisions\/26930"}],"wp:attachment":[{"href":"http:\/\/blogdalucianaoliveira.com.br\/blog\/wp-json\/wp\/v2\/media?parent=26928"}],"wp:term":[{"taxonomy":"category","embeddable":true,"href":"http:\/\/blogdalucianaoliveira.com.br\/blog\/wp-json\/wp\/v2\/categories?post=26928"},{"taxonomy":"post_tag","embeddable":true,"href":"http:\/\/blogdalucianaoliveira.com.br\/blog\/wp-json\/wp\/v2\/tags?post=26928"}],"curies":[{"name":"wp","href":"https:\/\/api.w.org\/{rel}","templated":true}]}}