{"id":26931,"date":"2020-03-17T09:03:33","date_gmt":"2020-03-17T13:03:33","guid":{"rendered":"http:\/\/blogdalucianaoliveira.com.br\/blog\/?p=26931"},"modified":"2020-03-17T09:03:44","modified_gmt":"2020-03-17T13:03:44","slug":"sem-direitos-trabalhadores-informais-ficam-mais-expostos-ao-coronavirus-e-a-crise","status":"publish","type":"post","link":"http:\/\/blogdalucianaoliveira.com.br\/blog\/2020\/03\/17\/sem-direitos-trabalhadores-informais-ficam-mais-expostos-ao-coronavirus-e-a-crise\/","title":{"rendered":"Sem direitos, trabalhadores informais ficam mais expostos ao coronav\u00edrus e \u00e0 crise"},"content":{"rendered":"\n<figure class=\"wp-block-image size-large\"><img loading=\"lazy\" decoding=\"async\" width=\"1280\" height=\"853\" data-attachment-id=\"26932\" data-permalink=\"http:\/\/blogdalucianaoliveira.com.br\/blog\/2020\/03\/17\/sem-direitos-trabalhadores-informais-ficam-mais-expostos-ao-coronavirus-e-a-crise\/image-43-4\/\" data-orig-file=\"https:\/\/i0.wp.com\/blogdalucianaoliveira.com.br\/blog\/wp-content\/uploads\/2020\/03\/image-43.jpeg?fit=1280%2C853\" data-orig-size=\"1280,853\" data-comments-opened=\"0\" data-image-meta=\"{&quot;aperture&quot;:&quot;0&quot;,&quot;credit&quot;:&quot;&quot;,&quot;camera&quot;:&quot;&quot;,&quot;caption&quot;:&quot;&quot;,&quot;created_timestamp&quot;:&quot;1584381108&quot;,&quot;copyright&quot;:&quot;&quot;,&quot;focal_length&quot;:&quot;0&quot;,&quot;iso&quot;:&quot;0&quot;,&quot;shutter_speed&quot;:&quot;0&quot;,&quot;title&quot;:&quot;&quot;,&quot;orientation&quot;:&quot;0&quot;}\" data-image-title=\"image-43\" data-image-description=\"\" data-image-caption=\"\" data-medium-file=\"https:\/\/i0.wp.com\/blogdalucianaoliveira.com.br\/blog\/wp-content\/uploads\/2020\/03\/image-43.jpeg?fit=300%2C200\" data-large-file=\"https:\/\/i0.wp.com\/blogdalucianaoliveira.com.br\/blog\/wp-content\/uploads\/2020\/03\/image-43.jpeg?fit=600%2C400\" src=\"https:\/\/i2.wp.com\/blogdalucianaoliveira.com.br\/blog\/wp-content\/uploads\/2020\/03\/image-43.jpeg?fit=600%2C400\" alt=\"\" class=\"wp-image-26932\" srcset=\"https:\/\/i0.wp.com\/blogdalucianaoliveira.com.br\/blog\/wp-content\/uploads\/2020\/03\/image-43.jpeg?w=1280 1280w, https:\/\/i0.wp.com\/blogdalucianaoliveira.com.br\/blog\/wp-content\/uploads\/2020\/03\/image-43.jpeg?resize=300%2C200 300w, https:\/\/i0.wp.com\/blogdalucianaoliveira.com.br\/blog\/wp-content\/uploads\/2020\/03\/image-43.jpeg?resize=1024%2C682 1024w, https:\/\/i0.wp.com\/blogdalucianaoliveira.com.br\/blog\/wp-content\/uploads\/2020\/03\/image-43.jpeg?resize=768%2C512 768w, https:\/\/i0.wp.com\/blogdalucianaoliveira.com.br\/blog\/wp-content\/uploads\/2020\/03\/image-43.jpeg?resize=450%2C300 450w, https:\/\/i0.wp.com\/blogdalucianaoliveira.com.br\/blog\/wp-content\/uploads\/2020\/03\/image-43.jpeg?w=1200 1200w\" sizes=\"auto, (max-width: 600px) 100vw, 600px\" \/><\/figure>\n\n\n\n<h4 class=\"wp-block-heading\">Mais de 38 milh\u00f5es de pessoas &#8211; 41% da for\u00e7a de trabalho &#8211; n\u00e3o t\u00eam garantias para seguir recomenda\u00e7\u00f5es<\/h4>\n\n\n\n<!--more-->\n\n\n\n<p>Marina Duarte de SouzaBrasil de Fato | S\u00e3o Paulo (SP) |<\/p>\n\n\n\n<p>O coronav\u00edrus segue alcan\u00e7ando mais pessoas no Brasil e os casos j\u00e1 chegam a 234 infectados em 14 estados e no Distrito Federal e a tend\u00eancia \u00e9 que a propaga\u00e7\u00e3o do problema cres\u00e7a, assim como em outros pa\u00edses. Diferentemente da&nbsp;<a href=\"https:\/\/www.brasildefato.com.br\/2020\/03\/15\/bolsonaro-ignora-coronavirus-e-participa-de-manifestacao-contra-congresso-e-stf\">postura de Jair Bolsonaro (sem partido) ao ignorar a pandemia do coronav\u00edrus<\/a>, uma das principais medidas de conten\u00e7\u00e3o recomendadas pela Organiza\u00e7\u00e3o Mundial da Sa\u00fade (OMS) \u00e9 a quarentena dom\u00e9stica.<\/p>\n\n\n\n<p><a href=\"https:\/\/www.brasildefato.com.br\/minuto-a-minuto\/coronavirus-no-brasil\">:: Coronav\u00edrus: o que voc\u00ea precisa saber ::<\/a><\/p>\n\n\n\n<p>N\u00e3o \u00e0 toa, governos estaduais e municipais tem fechado \u00f3rg\u00e3os p\u00fablicos, empresas est\u00e3o direcionando os trabalhadores para<em>&nbsp;home office<\/em>&nbsp;e escolas suspenderam as aulas para evitar a prolifera\u00e7\u00e3o da infec\u00e7\u00e3o. Entretanto para 41,4% dos trabalhadores informais do pa\u00eds, segundo dados do Instituto Brasileiro de Geografia e Estat\u00edstica (IBGE) de janeiro deste ano, a preven\u00e7\u00e3o ao coronav\u00edrus n\u00e3o \u00e9 compat\u00edvel com a sua forma de renda. Se eles n\u00e3o trabalham, n\u00e3o ganham, uma vez que n\u00e3o h\u00e1 nenhum v\u00ednculo empregat\u00edcio.<\/p>\n\n\n\n<p>Esta \u00e9 a realidade do advogado Cla\u00fadio L\u00facio Dundes, que h\u00e1 seis meses trabalha como motorista de aplicativo para suprir o buraco que a advocacia tem deixado no \u00faltimo per\u00edodo. \u201c\u00c9 uma dualidade, porque a gente n\u00e3o pode parar [de trabalhar] e tem medo de ser transmissor, porque est\u00e1 totalmente exposto\u201d, lamenta ele, que j\u00e1 percebe uma diminui\u00e7\u00e3o no fluxo de trabalho. Se antes rodava tr\u00eas dias por semana, hoje tem que rodar todos os dias para conseguir o mesmo rendimento.&nbsp;<\/p>\n\n\n\n<p>\u201cComo a gente est\u00e1 na rua, a gente v\u00ea situa\u00e7\u00f5es tristes. Hoje eu vi aqueles vendedores de leite, caf\u00e9 e bolo e ningu\u00e9m parou na barraca deles. Igual agora, estou parado e tem uns cinco motoristas do aplicativo parados tamb\u00e9m. \u00c9 triste ver e preocupa\u201d, relata Dundes, que tamb\u00e9m vai encontrar dificuldades na pr\u00e1tica do direito, j\u00e1 que os tribunais suspenderam as audi\u00eancias.<\/p>\n\n\n\n<p>A paralisa\u00e7\u00e3o econ\u00f4mica, que est\u00e1 sendo sentida na ponta pelo advogado, \u00e9 o indicativo do que o diretor t\u00e9cnico do Departamento Intersindical de Estat\u00edstica e Estudos Socioecon\u00f4micos (Dieese), Clemente Ganz L\u00facio, aponta como uma&nbsp;\u201ctrag\u00e9dia social e econ\u00f4mica\u201d anunciada, visto que os trabalhadores informais est\u00e3o desprotegidos do impacto da crise de sa\u00fade.<\/p>\n\n\n\n<p>\u201cAs pessoas n\u00e3o v\u00e3o ter dinheiro para comprar comida, voc\u00ea pode ter conflitos sociais mais graves. N\u00f3s estamos falando de 80 a 100 milh\u00f5es de pessoas que v\u00e3o ser atingidas indiretamente, porque esses trabalhadores n\u00e3o poder\u00e3o alimentar suas fam\u00edlias\u201d, explica Ganz L\u00facio.<\/p>\n\n\n\n<p>Cad\u00ea a prote\u00e7\u00e3o?<\/p>\n\n\n\n<p>Enquanto o governo Bolsonaro busca relativizar a crise, o economista alerta para a urg\u00eancia de medidas em curto prazo por parte do&nbsp;Poder Executivo para que os trabalhadores informais consigam atravessar o per\u00edodo cr\u00edtico da economia em decorr\u00eancia das a\u00e7\u00f5es de conten\u00e7\u00e3o do coronav\u00edrus.<\/p>\n\n\n\n<p>\u201c\u00c9 necess\u00e1rio pensar que metade da sociedade precisa ter de algum instrumento para preservar a renda que ele estava tendo e n\u00e3o vai ter, porque ele \u00e9 obrigado, por atitude do pr\u00f3prio governo, como j\u00e1 est\u00e1 sendo na It\u00e1lia, Fran\u00e7a, Espanha. As pessoas est\u00e3o obrigadas pelo Estado a ficar isoladas, alguma coisa o Estado tem que dar para que elas tenham renda e possam comer, isso num curt\u00edssimo prazo\u201d, alerta.&nbsp;<\/p>\n\n\n\n<p>Dar condi\u00e7\u00f5es adequadas para que as pessoas que sejam atingidas pelo v\u00edrus tenham atendimento \u00e0 sa\u00fade, divulgar&nbsp;orienta\u00e7\u00f5es claras&nbsp;nos meios de comunica\u00e7\u00e3o relacionadas ao isolamento e, principalmente, adotar&nbsp;medidas adequadas para a preserva\u00e7\u00e3o da renda dos trabalhadores durante o per\u00edodo de conten\u00e7\u00e3o da pandemia, s\u00e3o os pontos que devem ter uma resposta adequada do poder p\u00fablico na vis\u00e3o do diretor t\u00e9cnico do Dieese.<\/p>\n\n\n\n<p>\u201c\u00c9 preciso criar esses mecanismos emergenciais, que a princ\u00edpio n\u00e3o existem, para permitir por exemplo, que essas pessoas tenham alongamento de d\u00edvidas, de compromissos, pagamento da luz, IPTU, coisas que os entes p\u00fablicos podem fazer. Tanto cr\u00e9dito direcionado para esse tipo de pessoas com algum tipo de prote\u00e7\u00e3o dado pelo estado, bem como algum tipo de subs\u00eddio que possa ser criado a depender do tipo de impacto que venha ter na economia. Isso tudo precisa ser imediatamente trabalhado para que nas pr\u00f3ximas duas a quatro semanas, tudo possa ser liberado na medida em que o pa\u00eds tenha necessidade de enfrentar o curto prazo\u201d, destaca.<\/p>\n\n\n\n<p>N\u00e3o h\u00e1 previs\u00e3o de quanto tempo vai levar a paralisa\u00e7\u00e3o econ\u00f4mica do pa\u00eds e do mundo, por isso&nbsp;\u00e9 preciso pensar a m\u00e9dio e longo prazo como ser\u00e1 retomada a atividade produtiva, destaca Ganz L\u00facio.<\/p>\n\n\n\n<p>\u201cEu vou pra rua, vou vender, mas as pessoas tamb\u00e9m estar\u00e3o sem sal\u00e1rio. Ou seja, a atividade produtiva ela demora, ela tem um ciclo para retomar, que ningu\u00e9m sabe qual \u00e9, porque n\u00f3s estamos diante de um problema in\u00e9dito, um problema em que a economia do mundo est\u00e1&nbsp;parando, ningu\u00e9m sabe como mant\u00eam essa economia parada e ningu\u00e9m sabe como colocar essa atividade produtiva, depois dela ter parado no mundo todo&#8221;, afirma.<\/p>\n\n\n\n<p>Quarentena<\/p>\n\n\n\n<p>A m\u00e9dica infectologista&nbsp;Marcela Vieira&nbsp;refor\u00e7a a necessidade de prote\u00e7\u00e3o do Estado aos trabalhadores informais como forma de conter a epidemia. \u201cNesses casos \u00e9 realmente importante a prote\u00e7\u00e3o do Estado, como tem sido na Portugal e na Espanha, com subs\u00eddios para que as pessoas possam se manter, mesmo sem trabalhar. Os per\u00edodos de quarentena seriam a melhor forma de reduzir a transmissibilidade e a exposi\u00e7\u00e3o dessas pessoas\u201d.<\/p>\n\n\n\n<p>Fortalecer o Sistema \u00danico de Sa\u00fade (SUS), as pesquisas nas universidades p\u00fablicas e fornecer&nbsp;todo amparo social nesses momentos de crise e pandemia s\u00e3o a melhor forma de combater essas situa\u00e7\u00f5es na opini\u00e3o da especialista.&nbsp;<\/p>\n\n\n\n<p>\u201cA gente sabe que a quarentena \u00e9 um privil\u00e9gio, mas para as pessoas que puderem se manter em quarentena que se mantenham assim, e para as que n\u00e3o puderem \u00e9 realmente tomar todas as precau\u00e7\u00f5es poss\u00edveis\u201d, explica a especialista.<\/p>\n\n\n\n<p>Vieira refor\u00e7a que as pessoas que inevitavelmente tenham que se expor reduzam as visitas com pessoas mais de 60 anos e que possam vir a ter um quadro mais grave. Al\u00e9m do uso de \u00e1lcool em gel, sempre que poss\u00edvel lavar as m\u00e3os com \u00e1gua e sab\u00e3o e evitar as aglomera\u00e7\u00f5es.<\/p>\n\n\n\n<p>Edi\u00e7\u00e3o: Leandro Melito<\/p>\n","protected":false},"excerpt":{"rendered":"<p>Mais de 38 milh\u00f5es de pessoas &#8211; 41% da for\u00e7a de trabalho &#8211; n\u00e3o t\u00eam garantias para seguir recomenda\u00e7\u00f5es<\/p>\n","protected":false},"author":1,"featured_media":0,"comment_status":"closed","ping_status":"open","sticky":false,"template":"","format":"standard","meta":{"_exactmetrics_skip_tracking":false,"_exactmetrics_sitenote_active":false,"_exactmetrics_sitenote_note":"","_exactmetrics_sitenote_category":0,"jetpack_post_was_ever_published":false,"_jetpack_newsletter_access":"","_jetpack_dont_email_post_to_subs":false,"_jetpack_newsletter_tier_id":0,"_jetpack_memberships_contains_paywalled_content":false,"_jetpack_memberships_contains_paid_content":false,"footnotes":"","jetpack_publicize_message":"","jetpack_publicize_feature_enabled":true,"jetpack_social_post_already_shared":true,"jetpack_social_options":{"image_generator_settings":{"template":"highway","enabled":false},"version":2}},"categories":[1],"tags":[],"class_list":["post-26931","post","type-post","status-publish","format-standard","hentry","category-notas"],"jetpack_publicize_connections":[],"jetpack_sharing_enabled":true,"jetpack_featured_media_url":"","jetpack_shortlink":"https:\/\/wp.me\/p7wKYW-70n","jetpack-related-posts":[],"_links":{"self":[{"href":"http:\/\/blogdalucianaoliveira.com.br\/blog\/wp-json\/wp\/v2\/posts\/26931","targetHints":{"allow":["GET"]}}],"collection":[{"href":"http:\/\/blogdalucianaoliveira.com.br\/blog\/wp-json\/wp\/v2\/posts"}],"about":[{"href":"http:\/\/blogdalucianaoliveira.com.br\/blog\/wp-json\/wp\/v2\/types\/post"}],"author":[{"embeddable":true,"href":"http:\/\/blogdalucianaoliveira.com.br\/blog\/wp-json\/wp\/v2\/users\/1"}],"replies":[{"embeddable":true,"href":"http:\/\/blogdalucianaoliveira.com.br\/blog\/wp-json\/wp\/v2\/comments?post=26931"}],"version-history":[{"count":1,"href":"http:\/\/blogdalucianaoliveira.com.br\/blog\/wp-json\/wp\/v2\/posts\/26931\/revisions"}],"predecessor-version":[{"id":26933,"href":"http:\/\/blogdalucianaoliveira.com.br\/blog\/wp-json\/wp\/v2\/posts\/26931\/revisions\/26933"}],"wp:attachment":[{"href":"http:\/\/blogdalucianaoliveira.com.br\/blog\/wp-json\/wp\/v2\/media?parent=26931"}],"wp:term":[{"taxonomy":"category","embeddable":true,"href":"http:\/\/blogdalucianaoliveira.com.br\/blog\/wp-json\/wp\/v2\/categories?post=26931"},{"taxonomy":"post_tag","embeddable":true,"href":"http:\/\/blogdalucianaoliveira.com.br\/blog\/wp-json\/wp\/v2\/tags?post=26931"}],"curies":[{"name":"wp","href":"https:\/\/api.w.org\/{rel}","templated":true}]}}