{"id":26934,"date":"2020-03-17T09:06:53","date_gmt":"2020-03-17T13:06:53","guid":{"rendered":"http:\/\/blogdalucianaoliveira.com.br\/blog\/?p=26934"},"modified":"2020-03-17T09:07:05","modified_gmt":"2020-03-17T13:07:05","slug":"governadores-e-parlamentares-consideram-que-pais-esta-sem-comando-na-crise-do-coronavirus","status":"publish","type":"post","link":"http:\/\/blogdalucianaoliveira.com.br\/blog\/2020\/03\/17\/governadores-e-parlamentares-consideram-que-pais-esta-sem-comando-na-crise-do-coronavirus\/","title":{"rendered":"Governadores e parlamentares consideram que Pa\u00eds est\u00e1 sem comando na crise do coronav\u00edrus"},"content":{"rendered":"\n<figure class=\"wp-block-image size-large\"><img data-recalc-dims=\"1\" loading=\"lazy\" decoding=\"async\" width=\"500\" height=\"240\" data-attachment-id=\"26935\" data-permalink=\"http:\/\/blogdalucianaoliveira.com.br\/blog\/2020\/03\/17\/governadores-e-parlamentares-consideram-que-pais-esta-sem-comando-na-crise-do-coronavirus\/image-44-4\/\" data-orig-file=\"https:\/\/i0.wp.com\/blogdalucianaoliveira.com.br\/blog\/wp-content\/uploads\/2020\/03\/image-44.jpeg?fit=500%2C240\" data-orig-size=\"500,240\" data-comments-opened=\"0\" data-image-meta=\"{&quot;aperture&quot;:&quot;0&quot;,&quot;credit&quot;:&quot;&quot;,&quot;camera&quot;:&quot;&quot;,&quot;caption&quot;:&quot;&quot;,&quot;created_timestamp&quot;:&quot;0&quot;,&quot;copyright&quot;:&quot;&quot;,&quot;focal_length&quot;:&quot;0&quot;,&quot;iso&quot;:&quot;0&quot;,&quot;shutter_speed&quot;:&quot;0&quot;,&quot;title&quot;:&quot;&quot;,&quot;orientation&quot;:&quot;0&quot;}\" data-image-title=\"image-44\" data-image-description=\"\" data-image-caption=\"\" data-medium-file=\"https:\/\/i0.wp.com\/blogdalucianaoliveira.com.br\/blog\/wp-content\/uploads\/2020\/03\/image-44.jpeg?fit=300%2C144\" data-large-file=\"https:\/\/i0.wp.com\/blogdalucianaoliveira.com.br\/blog\/wp-content\/uploads\/2020\/03\/image-44.jpeg?fit=500%2C240\" src=\"https:\/\/i0.wp.com\/blogdalucianaoliveira.com.br\/blog\/wp-content\/uploads\/2020\/03\/image-44.jpeg?resize=500%2C240\" alt=\"\" class=\"wp-image-26935\" srcset=\"https:\/\/i0.wp.com\/blogdalucianaoliveira.com.br\/blog\/wp-content\/uploads\/2020\/03\/image-44.jpeg?w=500 500w, https:\/\/i0.wp.com\/blogdalucianaoliveira.com.br\/blog\/wp-content\/uploads\/2020\/03\/image-44.jpeg?resize=300%2C144 300w\" sizes=\"auto, (max-width: 500px) 100vw, 500px\" \/><\/figure>\n\n\n\n<p>247 &#8211; Governadores e parlamentares consideraram, nesta segunda-feira (16), que a comunica\u00e7\u00e3o do governo Jair Bolsonaro sobre o coronav\u00edrus est\u00e1 desastrosa. A avalia\u00e7\u00e3o \u00e9 a de que o Pa\u00eds est\u00e1 sem comando e que os minist\u00e9rios est\u00e3o passando mensagens contradit\u00f3rias. <br><\/p>\n\n\n\n<!--more-->\n\n\n\n<p>A informa\u00e7\u00e3o \u00e9 da\u00a0<a rel=\"noreferrer noopener\" target=\"_blank\" href=\"https:\/\/www1.folha.uol.com.br\/colunas\/painel\/2020\/03\/comunicacao-sobre-coronavirus-expoe-contradicao-no-governo.shtml\">coluna Painel<\/a>. O Brasil tem pelo menos 234 casos confirmados, 2.064 casos suspeitos e 1.624 casos descartados. A doen\u00e7a atinge 15 estados e o Distrito Federal. Em n\u00edvel mundial, foram registradas 7.074 mortes pelo coronav\u00edrus, de acordo com monitoramento da Universidade Johns Hopkins, nos Estados Unidos. O n\u00famero de infectados \u00e9 de pelo menos 168 mil.<\/p>\n\n\n\n<p>Enquanto o minist\u00e9rio da Sa\u00fade brasileiro fala em diminuir a circula\u00e7\u00e3o de pessoas, o ministro da Economia, Paulo Guedes, sugeriu que apenas idosos adotassem o isolamento contra a doen\u00e7a.<\/p>\n\n\n\n<p>A avalia\u00e7\u00e3o no meio pol\u00edtico \u00e9 a de que o pacote de R$ 147 bilh\u00f5es anunciado por Guedes para medidas emergenciais contra o coronav\u00edrus ainda \u00e9 pequeno perto dos alertas de quebradeira que chegam do setor privado, principalmente das companhias a\u00e9reas, ainda n\u00e3o atendidas pelo governo.\u00a0<br><\/p>\n\n\n\n<p>Participantes da L\u00edder, que administra o DPVAT (Seguro Danos pessoais causados por ve\u00edculos automotores de via terrestre), viram no pacote de Guedes esp\u00e9cie de revanche, porque \u00e9 a segunda vez que o governo tenta usar o dinheiro da reserva de acidentes no tr\u00e2nsito. A primeira foi no come\u00e7o do ano, quando Bolsonaro tentou zerar o DPVAT, mas o Congresso barrou a medida.&nbsp;<\/p>\n\n\n\n<p>Bolsonaro convocou atos, mesmo com o maior risco de novos casos por causa das aglomera\u00e7\u00f5es, o que gerou muitas cr\u00edticas de parlamentares e de colunistas da imprensaa, t\u00e9 porque ele j\u00e1 havia dito que a pandemia do coronav\u00edrus \u00e9&nbsp;<a target=\"_blank\" href=\"https:\/\/www.brasil247.com\/brasil\/bolsonaro-afirma-que-epidemia-do-coronavirus-e-fantasia-propagada-pela-midia\" rel=\"noreferrer noopener\">\u201cfantasia propagada pela m\u00eddia\u201d.<\/a><\/p>\n","protected":false},"excerpt":{"rendered":"<p>247 &#8211; Governadores e parlamentares consideraram, nesta segunda-feira (16), que a comunica\u00e7\u00e3o do governo Jair Bolsonaro sobre o coronav\u00edrus est\u00e1 desastrosa. A avalia\u00e7\u00e3o \u00e9 a de que o Pa\u00eds est\u00e1 sem comando e que os minist\u00e9rios est\u00e3o passando mensagens contradit\u00f3rias.<\/p>\n","protected":false},"author":1,"featured_media":0,"comment_status":"closed","ping_status":"open","sticky":false,"template":"","format":"standard","meta":{"_exactmetrics_skip_tracking":false,"_exactmetrics_sitenote_active":false,"_exactmetrics_sitenote_note":"","_exactmetrics_sitenote_category":0,"jetpack_post_was_ever_published":false,"_jetpack_newsletter_access":"","_jetpack_dont_email_post_to_subs":false,"_jetpack_newsletter_tier_id":0,"_jetpack_memberships_contains_paywalled_content":false,"_jetpack_memberships_contains_paid_content":false,"footnotes":"","jetpack_publicize_message":"","jetpack_publicize_feature_enabled":true,"jetpack_social_post_already_shared":true,"jetpack_social_options":{"image_generator_settings":{"template":"highway","enabled":false},"version":2}},"categories":[1],"tags":[],"class_list":["post-26934","post","type-post","status-publish","format-standard","hentry","category-notas"],"jetpack_publicize_connections":[],"jetpack_sharing_enabled":true,"jetpack_featured_media_url":"","jetpack_shortlink":"https:\/\/wp.me\/p7wKYW-70q","jetpack-related-posts":[],"_links":{"self":[{"href":"http:\/\/blogdalucianaoliveira.com.br\/blog\/wp-json\/wp\/v2\/posts\/26934","targetHints":{"allow":["GET"]}}],"collection":[{"href":"http:\/\/blogdalucianaoliveira.com.br\/blog\/wp-json\/wp\/v2\/posts"}],"about":[{"href":"http:\/\/blogdalucianaoliveira.com.br\/blog\/wp-json\/wp\/v2\/types\/post"}],"author":[{"embeddable":true,"href":"http:\/\/blogdalucianaoliveira.com.br\/blog\/wp-json\/wp\/v2\/users\/1"}],"replies":[{"embeddable":true,"href":"http:\/\/blogdalucianaoliveira.com.br\/blog\/wp-json\/wp\/v2\/comments?post=26934"}],"version-history":[{"count":1,"href":"http:\/\/blogdalucianaoliveira.com.br\/blog\/wp-json\/wp\/v2\/posts\/26934\/revisions"}],"predecessor-version":[{"id":26936,"href":"http:\/\/blogdalucianaoliveira.com.br\/blog\/wp-json\/wp\/v2\/posts\/26934\/revisions\/26936"}],"wp:attachment":[{"href":"http:\/\/blogdalucianaoliveira.com.br\/blog\/wp-json\/wp\/v2\/media?parent=26934"}],"wp:term":[{"taxonomy":"category","embeddable":true,"href":"http:\/\/blogdalucianaoliveira.com.br\/blog\/wp-json\/wp\/v2\/categories?post=26934"},{"taxonomy":"post_tag","embeddable":true,"href":"http:\/\/blogdalucianaoliveira.com.br\/blog\/wp-json\/wp\/v2\/tags?post=26934"}],"curies":[{"name":"wp","href":"https:\/\/api.w.org\/{rel}","templated":true}]}}