{"id":26939,"date":"2020-03-17T09:55:26","date_gmt":"2020-03-17T13:55:26","guid":{"rendered":"http:\/\/blogdalucianaoliveira.com.br\/blog\/?p=26939"},"modified":"2020-03-17T09:55:31","modified_gmt":"2020-03-17T13:55:31","slug":"sao-paulo-registra-primeira-morte-por-coronavirus","status":"publish","type":"post","link":"http:\/\/blogdalucianaoliveira.com.br\/blog\/2020\/03\/17\/sao-paulo-registra-primeira-morte-por-coronavirus\/","title":{"rendered":"S\u00e3o Paulo registra primeira morte por coronav\u00edrus"},"content":{"rendered":"\n<figure class=\"wp-block-image size-large\"><img data-recalc-dims=\"1\" loading=\"lazy\" decoding=\"async\" width=\"558\" height=\"550\" data-attachment-id=\"26940\" data-permalink=\"http:\/\/blogdalucianaoliveira.com.br\/blog\/2020\/03\/17\/sao-paulo-registra-primeira-morte-por-coronavirus\/image-45-4\/\" data-orig-file=\"https:\/\/i0.wp.com\/blogdalucianaoliveira.com.br\/blog\/wp-content\/uploads\/2020\/03\/image-45.jpeg?fit=558%2C550\" data-orig-size=\"558,550\" data-comments-opened=\"0\" data-image-meta=\"{&quot;aperture&quot;:&quot;0&quot;,&quot;credit&quot;:&quot;&quot;,&quot;camera&quot;:&quot;&quot;,&quot;caption&quot;:&quot;&quot;,&quot;created_timestamp&quot;:&quot;0&quot;,&quot;copyright&quot;:&quot;&quot;,&quot;focal_length&quot;:&quot;0&quot;,&quot;iso&quot;:&quot;0&quot;,&quot;shutter_speed&quot;:&quot;0&quot;,&quot;title&quot;:&quot;&quot;,&quot;orientation&quot;:&quot;0&quot;}\" data-image-title=\"image-45\" data-image-description=\"\" data-image-caption=\"\" data-medium-file=\"https:\/\/i0.wp.com\/blogdalucianaoliveira.com.br\/blog\/wp-content\/uploads\/2020\/03\/image-45.jpeg?fit=300%2C296\" data-large-file=\"https:\/\/i0.wp.com\/blogdalucianaoliveira.com.br\/blog\/wp-content\/uploads\/2020\/03\/image-45.jpeg?fit=558%2C550\" src=\"https:\/\/i0.wp.com\/blogdalucianaoliveira.com.br\/blog\/wp-content\/uploads\/2020\/03\/image-45.jpeg?resize=558%2C550\" alt=\"\" class=\"wp-image-26940\" srcset=\"https:\/\/i0.wp.com\/blogdalucianaoliveira.com.br\/blog\/wp-content\/uploads\/2020\/03\/image-45.jpeg?w=558 558w, https:\/\/i0.wp.com\/blogdalucianaoliveira.com.br\/blog\/wp-content\/uploads\/2020\/03\/image-45.jpeg?resize=300%2C296 300w, https:\/\/i0.wp.com\/blogdalucianaoliveira.com.br\/blog\/wp-content\/uploads\/2020\/03\/image-45.jpeg?resize=304%2C300 304w\" sizes=\"auto, (max-width: 558px) 100vw, 558px\" \/><\/figure>\n\n\n\n<p>FSP, <strong>M\u00f4nica Bergamo<\/strong> &#8211; O estado de S\u00e3o Paulo registrou nesta ter\u00e7a (17) a primeira morte do coronav\u00edrus. A v\u00edtima era um homem de 62 anos.<\/p>\n\n\n\n<p>Maiores detalhes ser\u00e3o dados numa coletiva com os m\u00e9dicos do centro que cuida de medidas para prevenir a doen\u00e7a.<\/p>\n\n\n\n<p>O prefeito Bruno Covas, de S\u00e3o Paulo,&nbsp;<a href=\"https:\/\/www1.folha.uol.com.br\/cotidiano\/2020\/03\/bruno-covas-decreta-situacao-de-emergencia-em-sao-paulo-para-enfrentar-o-coronavirus.shtml\">decretou situa\u00e7\u00e3o de emerg\u00eancia na cidade<\/a>&nbsp;para enfrentar a crise provocada pelo coronav\u00edrus. A medida foi publicada no Di\u00e1rio Oficial desta ter\u00e7a.<\/p>\n","protected":false},"excerpt":{"rendered":"<p>FSP, M\u00f4nica Bergamo &#8211; O estado de S\u00e3o Paulo registrou nesta ter\u00e7a (17) a primeira morte do coronav\u00edrus. A v\u00edtima era um homem de 62 anos. Maiores detalhes ser\u00e3o dados numa coletiva com os m\u00e9dicos do centro que cuida de medidas para prevenir a doen\u00e7a. O prefeito Bruno Covas, de S\u00e3o Paulo,&nbsp;decretou situa\u00e7\u00e3o de emerg\u00eancia&#8230;<a class=\"more-link\" href=\"http:\/\/blogdalucianaoliveira.com.br\/blog\/2020\/03\/17\/sao-paulo-registra-primeira-morte-por-coronavirus\/\">Continue a leitura <span class=\"meta-nav\">&raquo;<\/span><\/a><\/p>\n","protected":false},"author":1,"featured_media":0,"comment_status":"closed","ping_status":"open","sticky":false,"template":"","format":"standard","meta":{"_exactmetrics_skip_tracking":false,"_exactmetrics_sitenote_active":false,"_exactmetrics_sitenote_note":"","_exactmetrics_sitenote_category":0,"jetpack_post_was_ever_published":false,"_jetpack_newsletter_access":"","_jetpack_dont_email_post_to_subs":false,"_jetpack_newsletter_tier_id":0,"_jetpack_memberships_contains_paywalled_content":false,"_jetpack_memberships_contains_paid_content":false,"footnotes":"","jetpack_publicize_message":"","jetpack_publicize_feature_enabled":true,"jetpack_social_post_already_shared":true,"jetpack_social_options":{"image_generator_settings":{"template":"highway","enabled":false},"version":2}},"categories":[1],"tags":[],"class_list":["post-26939","post","type-post","status-publish","format-standard","hentry","category-notas"],"jetpack_publicize_connections":[],"jetpack_sharing_enabled":true,"jetpack_featured_media_url":"","jetpack_shortlink":"https:\/\/wp.me\/p7wKYW-70v","jetpack-related-posts":[],"_links":{"self":[{"href":"http:\/\/blogdalucianaoliveira.com.br\/blog\/wp-json\/wp\/v2\/posts\/26939","targetHints":{"allow":["GET"]}}],"collection":[{"href":"http:\/\/blogdalucianaoliveira.com.br\/blog\/wp-json\/wp\/v2\/posts"}],"about":[{"href":"http:\/\/blogdalucianaoliveira.com.br\/blog\/wp-json\/wp\/v2\/types\/post"}],"author":[{"embeddable":true,"href":"http:\/\/blogdalucianaoliveira.com.br\/blog\/wp-json\/wp\/v2\/users\/1"}],"replies":[{"embeddable":true,"href":"http:\/\/blogdalucianaoliveira.com.br\/blog\/wp-json\/wp\/v2\/comments?post=26939"}],"version-history":[{"count":1,"href":"http:\/\/blogdalucianaoliveira.com.br\/blog\/wp-json\/wp\/v2\/posts\/26939\/revisions"}],"predecessor-version":[{"id":26941,"href":"http:\/\/blogdalucianaoliveira.com.br\/blog\/wp-json\/wp\/v2\/posts\/26939\/revisions\/26941"}],"wp:attachment":[{"href":"http:\/\/blogdalucianaoliveira.com.br\/blog\/wp-json\/wp\/v2\/media?parent=26939"}],"wp:term":[{"taxonomy":"category","embeddable":true,"href":"http:\/\/blogdalucianaoliveira.com.br\/blog\/wp-json\/wp\/v2\/categories?post=26939"},{"taxonomy":"post_tag","embeddable":true,"href":"http:\/\/blogdalucianaoliveira.com.br\/blog\/wp-json\/wp\/v2\/tags?post=26939"}],"curies":[{"name":"wp","href":"https:\/\/api.w.org\/{rel}","templated":true}]}}