{"id":26942,"date":"2020-03-17T10:00:45","date_gmt":"2020-03-17T14:00:45","guid":{"rendered":"http:\/\/blogdalucianaoliveira.com.br\/blog\/?p=26942"},"modified":"2020-03-17T10:00:55","modified_gmt":"2020-03-17T14:00:55","slug":"coronavius-pode-ser-vencido-diz-virologista-que-investigou-as-epidemias-do-hiv-e-ebola","status":"publish","type":"post","link":"http:\/\/blogdalucianaoliveira.com.br\/blog\/2020\/03\/17\/coronavius-pode-ser-vencido-diz-virologista-que-investigou-as-epidemias-do-hiv-e-ebola\/","title":{"rendered":"\u201cCoronav\u00edus pode ser vencido\u201d, diz virologista que investigou as epidemias do HIV e ebola"},"content":{"rendered":"\n<figure class=\"wp-block-image\"><img data-recalc-dims=\"1\" decoding=\"async\" src=\"https:\/\/i0.wp.com\/publisher-publish.s3.eu-central-1.amazonaws.com\/pb-brasil247\/swp\/jtjeq9\/media\/20200317090352_a39a42679b2e72b0852aafccc82c02f099a94c2958c6ba417b24deee34ac6dea.jpeg?w=600&#038;ssl=1\" alt=\"\"\/><\/figure>\n\n\n\n<p><strong>247 &#8211;<\/strong>&nbsp;Em entrevista ao jornal&nbsp;<a target=\"_blank\" href=\"https:\/\/oglobo.globo.com\/sociedade\/coronavirus\/coronavirus-imprevisivel-mas-pode-ser-vencido-diz-virologista-que-investigou-as-epidemias-do-hiv-ebola-1-24309363\" rel=\"noreferrer noopener\">O Globo<\/a>, nesta ter\u00e7a-feira (17), o professor da UERJ e virologista Am\u00edlcar Tanuri discorre sobre o novo coronav\u00edrus e seus impactos no Brasil e no mundo.&nbsp;<\/p>\n\n\n\n<!--more-->\n\n\n\n<p>Am\u00edlcar \u00e9 reconhecido internacionalmente no combate \u00e0 epidemia de HIV, na investiga\u00e7\u00e3o do H1N1, dengue e chicungunha, al\u00e9m de suas viagens para a \u00c1frica no auge da pior epidemia de ebola.&nbsp;<\/p>\n\n\n\n<p>Sobre a propaga\u00e7\u00e3o do coronav\u00edrus, o virologista respondeu: \u201cAinda n\u00e3o sabemos. Mas esse v\u00edrus est\u00e1 muito difundido, muito mesmo\u201d.\u00a0<br><\/p>\n\n\n\n<p>No Brasil, Am\u00edlcar disse que \u201cas pr\u00f3ximas quatro semanas ser\u00e3o determinantes. Mas h\u00e1 tr\u00eas cen\u00e1rios poss\u00edveis\u201d. \u201cO primeiro e mais prov\u00e1vel pode ser o cen\u00e1rio semelhante ao que vimos na China. Ele surge, causa uma explos\u00e3o de casos e depois a epidemia vai se apagando. Nada impede que ressurja na frente, mas em surtos isolados. O segundo cen\u00e1rio \u00e9 que vire uma infec\u00e7\u00e3o sazonal. Neste momento, acho menos prov\u00e1vel. E tem o pior cen\u00e1rio \u201d.\u00a0<br><\/p>\n","protected":false},"excerpt":{"rendered":"<p>247 &#8211;&nbsp;Em entrevista ao jornal&nbsp;O Globo, nesta ter\u00e7a-feira (17), o professor da UERJ e virologista Am\u00edlcar Tanuri discorre sobre o novo coronav\u00edrus e seus impactos no Brasil e no mundo.&nbsp;<\/p>\n","protected":false},"author":1,"featured_media":0,"comment_status":"closed","ping_status":"open","sticky":false,"template":"","format":"standard","meta":{"_exactmetrics_skip_tracking":false,"_exactmetrics_sitenote_active":false,"_exactmetrics_sitenote_note":"","_exactmetrics_sitenote_category":0,"jetpack_post_was_ever_published":false,"_jetpack_newsletter_access":"","_jetpack_dont_email_post_to_subs":false,"_jetpack_newsletter_tier_id":0,"_jetpack_memberships_contains_paywalled_content":false,"_jetpack_memberships_contains_paid_content":false,"footnotes":"","jetpack_publicize_message":"","jetpack_publicize_feature_enabled":true,"jetpack_social_post_already_shared":true,"jetpack_social_options":{"image_generator_settings":{"template":"highway","enabled":false},"version":2}},"categories":[1],"tags":[],"class_list":["post-26942","post","type-post","status-publish","format-standard","hentry","category-notas"],"jetpack_publicize_connections":[],"jetpack_sharing_enabled":true,"jetpack_featured_media_url":"","jetpack_shortlink":"https:\/\/wp.me\/p7wKYW-70y","jetpack-related-posts":[],"_links":{"self":[{"href":"http:\/\/blogdalucianaoliveira.com.br\/blog\/wp-json\/wp\/v2\/posts\/26942","targetHints":{"allow":["GET"]}}],"collection":[{"href":"http:\/\/blogdalucianaoliveira.com.br\/blog\/wp-json\/wp\/v2\/posts"}],"about":[{"href":"http:\/\/blogdalucianaoliveira.com.br\/blog\/wp-json\/wp\/v2\/types\/post"}],"author":[{"embeddable":true,"href":"http:\/\/blogdalucianaoliveira.com.br\/blog\/wp-json\/wp\/v2\/users\/1"}],"replies":[{"embeddable":true,"href":"http:\/\/blogdalucianaoliveira.com.br\/blog\/wp-json\/wp\/v2\/comments?post=26942"}],"version-history":[{"count":1,"href":"http:\/\/blogdalucianaoliveira.com.br\/blog\/wp-json\/wp\/v2\/posts\/26942\/revisions"}],"predecessor-version":[{"id":26943,"href":"http:\/\/blogdalucianaoliveira.com.br\/blog\/wp-json\/wp\/v2\/posts\/26942\/revisions\/26943"}],"wp:attachment":[{"href":"http:\/\/blogdalucianaoliveira.com.br\/blog\/wp-json\/wp\/v2\/media?parent=26942"}],"wp:term":[{"taxonomy":"category","embeddable":true,"href":"http:\/\/blogdalucianaoliveira.com.br\/blog\/wp-json\/wp\/v2\/categories?post=26942"},{"taxonomy":"post_tag","embeddable":true,"href":"http:\/\/blogdalucianaoliveira.com.br\/blog\/wp-json\/wp\/v2\/tags?post=26942"}],"curies":[{"name":"wp","href":"https:\/\/api.w.org\/{rel}","templated":true}]}}