{"id":26944,"date":"2020-03-17T10:05:07","date_gmt":"2020-03-17T14:05:07","guid":{"rendered":"http:\/\/blogdalucianaoliveira.com.br\/blog\/?p=26944"},"modified":"2020-03-17T10:05:19","modified_gmt":"2020-03-17T14:05:19","slug":"bolsonaro-insiste-que-crise-do-coronavirus-e-histeria-e-ex-aliados-sugerem-seu-afastamento","status":"publish","type":"post","link":"http:\/\/blogdalucianaoliveira.com.br\/blog\/2020\/03\/17\/bolsonaro-insiste-que-crise-do-coronavirus-e-histeria-e-ex-aliados-sugerem-seu-afastamento\/","title":{"rendered":"Bolsonaro insiste que crise do coronav\u00edrus \u00e9 \u201chisteria\u201d, e ex-aliados sugerem seu afastamento"},"content":{"rendered":"\n<figure class=\"wp-block-image\"><img data-recalc-dims=\"1\" decoding=\"async\" src=\"https:\/\/i0.wp.com\/imagens.brasil.elpais.com\/resizer\/ciTYi1Qcfv-gitUURmaLFs8uhF0%3D\/1500x0\/arc-anglerfish-eu-central-1-prod-prisa.s3.amazonaws.com\/public\/5KJSVCUZCZCLNO655HDVFETO5Q.jpg?w=600&#038;ssl=1\" alt=\"O presidente Jair Bolsonaro durante manifesta\u00e7\u00e3o na frente do Pal\u00e1cio do Planalto, no domingo.\"\/><\/figure>\n\n\n\n<p>Ap\u00f3s apari\u00e7\u00e3o em atos contra outros poderes, presidente n\u00e3o participa de videoconfer\u00eancia com presidentes da regi\u00e3o para tratar sobre o v\u00edrus que se espalha pelo continente, especialmente o Brasil.<\/p>\n\n\n\n<!--more-->\n\n\n\n<p>No El Pa\u00eds<\/p>\n\n\n\n<p>O presidente\u00a0<a href=\"https:\/\/brasil.elpais.com\/brasil\/2020-03-15\/bolsonaro-rompe-isolamento-e-endossa-atos-contra-congresso-em-meio-a-crise-do-coronavirus.html\">Jair Bolsonaro comprou para si uma<\/a>\u00a0crise extra com a sua sa\u00edda do Pal\u00e1cio do Planalto, no \u00faltimo domingo, para abra\u00e7ar e tirar selfies com populares em uma manifesta\u00e7\u00e3o de apoio ao seu Governo. Se ficou bem com aqueles que n\u00e3o se importaram em estender a m\u00e3o para cumpriment\u00e1-lo \u2014apesar de\u00a0<a href=\"https:\/\/elpais.com\/Comentario\/1584393899-0b69bd7958c5112de675cf545c9e28a0?gla=pt-br\">13 pessoas da comitiva<\/a>\u00a0que o acompanhou aos Estados Unidos terem sido contagiadas com o coronav\u00edrus\u2014 Bolsonaro perdeu o respeito de antigos aliados. Entre elas, a\u00a0<a href=\"https:\/\/brasil.elpais.com\/brasil\/2020-03-16\/ultimas-noticias-sobre-o-coronavirus.html\">deputada estadual Jana\u00edna Paschoal<\/a>\u00a0(PSL-SP), que quase foi sua candidata a vice durante as elei\u00e7\u00f5es de 2018.<\/p>\n\n\n\n<p>Nesta segunda, Paschoal prop\u00f4s que Bolsonaro deixasse o poder para algu\u00e9m \u201ccapaz de conduzir a na\u00e7\u00e3o.\u201c &#8220;As autoridades t\u00eam de se unir e pedir para ele [Bolsonaro] se afastar. N\u00e3o temos tempo para um processo de impeachment\u201d, afirmou Paschoal, que fez um discurso na tribuna da Assembleia Legislativa de S\u00e3o Paulo. \u201cEstamos sendo invadidos por um inimigo invis\u00edvel [o coronav\u00edrus]. Precisamos de gente capaz de conduzir a na\u00e7\u00e3o. Quero crer que [o vice-presidente Hamilton] Mour\u00e3o pode fazer isso por n\u00f3s\u201d, completou.<\/p>\n\n\n\n<p>Se a deputada rejeita a ideia de impeachment, outros desafetos do presidente veem nesse processo o caminho natural para Bolsonaro depois de seu gesto de indiferen\u00e7a com a crise do coronav\u00edrus neste domingo. O deputado Alexandre Frota (PSDB-SP), seu ex-aliado, promete entregar nesta ter\u00e7a-feira um pedido de afastamento do presidente ao presidente da C\u00e2mara, Rodrigo Maia (DEM-RJ).<\/p>\n\n\n\n<p>Bolsonaro, contudo, n\u00e3o acredita que ser\u00e1 afastado por acreditar que tem \u201co povo\u201d ao seu lado e os atos de populares a seu favor neste domingo seriam a prova. O mandat\u00e1rio teima em enxergar que cometeu erros, inclusive ao cumprimentar pessoalmente os seus apoiadores. Em&nbsp;<a href=\"https:\/\/www.youtube.com\/watch?v=M0za8MSoO64\">entrevista ao jornalista Luiz Datena, na r\u00e1dio Bandeirantes<\/a>, o presidente falou por longos 50 minutos, e admitiu que far\u00e1 um segundo teste esta semana para o coronav\u00edrus. Em momento algum cogitou que pudesse ele mesmo transmitir o v\u00edrus para os populares que foram celebr\u00e1-lo na porta do Pal\u00e1cio do Planalto. Ao contr\u00e1rio, insinua que se colocou ele mesmo em risco para respeitar o p\u00fablico. \u201cSe eu me contaminei, \u00e9 responsabilidade minha. Ningu\u00e9m tem nada com isso\u201d, afirmou Bolsonaro.<\/p>\n\n\n\n<p>Mantendo o tom desafiador, minimizou as cr\u00edticas que lhe s\u00e3o atribu\u00eddas e tratou novamente como \u201chisteria\u201d a preocupa\u00e7\u00e3o com a expans\u00e3o do coronav\u00edrus. \u201cVoc\u00ea tem um caos muito maior. Se economia afundar, afunda o Brasil. E qual \u00e9 o interesse? Dessas lideran\u00e7as pol\u00edticas [que o criticam]? Se afundar a economia, acaba o meu Governo\u201d, diz ele, que atribui a preocupa\u00e7\u00e3o com o coronav\u00edrus a uma guerra de poder. Perguntado se poderia fechar fronteiras, como o fizeram outros pa\u00edses, entre eles alguns com menos casos do v\u00edrus que o Brasil, Bolsonaro disse que o Brasil n\u00e3o tem espa\u00e7o de lei para fechar.<\/p>\n\n\n\n<p>Questionado sobre a postura do presidente diante da crise, o secret\u00e1rio-executivo do Minist\u00e9rio da Sa\u00fade, Jo\u00e3o Gabbardo Reis, negou-se a comentar. \u201cO Minist\u00e9rio da Sa\u00fade n\u00e3o avalia manifesta\u00e7\u00f5es do presidente. Vou falar sobre qualquer coisa que diga respeito \u00e0 sa\u00fade p\u00fablica, n\u00e3o vou falar sobre comportamento das pessoas, muito menos do presidente\u201d.<\/p>\n\n\n\n<p>Apesar de classificar de \u201chisteria\u201d a preocupa\u00e7\u00e3o com o coronav\u00edrus, o Governo decidiu criar um gabinete de crise, que avalia em tempo real a evolu\u00e7\u00e3o da doen\u00e7a \u2014j\u00e1 s\u00e3o 234 casos no pa\u00eds\u2014, e anunciou um pacote de medidas econ\u00f4micas que pretende injetar 147 milh\u00f5es de reais na economia. A ideia \u00e9 atenuar a oscila\u00e7\u00e3o nos mercados. A Bovespa acionou o&nbsp;<em>circuit breaker<\/em>&nbsp;(uma interrup\u00e7\u00e3o autom\u00e1tica dos neg\u00f3cios ap\u00f3s queda vertiginosa das a\u00e7\u00f5es) pela quinta vez este m\u00eas, fechando com redu\u00e7\u00e3o de quase 13%. Pela primeira vez no ano, o d\u00f3lar fechou em 5 reais nesta segunda.<\/p>\n\n\n\n<h2 class=\"wp-block-heading\">Isolamento<\/h2>\n\n\n\n<p>Se o presidente fez pontos com seus apoiadores mais radicais que foram \u00e0s ruas, entre a c\u00fapula dos poderes a tentativa \u00e9 de isol\u00e1-lo para deixar seus t\u00e9cnicos trabalharem. Um exemplo disso foi uma reuni\u00e3o de emerg\u00eancia que ocorreu na tarde desta segunda-feira no Supremo Tribunal Federal, do qual participaram o presidente e o vice da&nbsp;<a href=\"https:\/\/brasil.elpais.com\/tag\/jose_antonio_dias_toffoli\">Corte, Dias Toffoli<\/a>&nbsp;e Luiz Fux, al\u00e9m dos presidentes da C\u00e2mara, Rodrigo Maia, e do Senado, Davi Alcolumbre. O Executivo foi representado pelo ministro da Sa\u00fade, Luiz Henrique Mandetta. Alcolumbre e Maia se queixaram de que Bolsonaro tem estimulado o acirramento entre os poderes, o que foi refor\u00e7ado por sua participa\u00e7\u00e3o na manifesta\u00e7\u00e3o de domingo e em uma entrevista dada \u00e0&nbsp;<em>CNN Brasil<\/em>, na qual ele diz que esses dois parlamentares deveriam ir para as ruas para ouvir a popula\u00e7\u00e3o.<\/p>\n\n\n\n<p>Na esfera regional, Bolsonaro tamb\u00e9m demonstrou que n\u00e3o est\u00e1 interessado em unir for\u00e7as com outros pa\u00edses sul-americanos. Desde Santiago, no Chile,&nbsp;<a href=\"https:\/\/brasil.elpais.com\/tag\/sebastian_pinera\">o presidente Seb\u00e1stian Pi\u00f1era<\/a>&nbsp;coordenou uma reuni\u00e3o do Prosul (Argentina, Brasil, Col\u00f4mbia, Equador, Paraguai, Peru, Guiana e Chile). Com exce\u00e7\u00e3o do Brasil, os presidentes dos demais pa\u00edses do grupo participaram da reuni\u00e3o por teleconfer\u00eancia. Bolsonaro determinou que Mandetta e o chanceler Ernesto Ara\u00fajo o representassem. Nesse encontro, o grupo concordou em coordenar a ado\u00e7\u00e3o de medidas para a prote\u00e7\u00e3o de fronteiras, facilitar os retornos dos nacionais a seus respectivos pa\u00edses, estabelecer pol\u00edticas de compras conjuntas de insumos m\u00e9dicos e aumentar a capacidade de diagn\u00f3sticos dos poss\u00edveis infectados.<\/p>\n\n\n\n<p>Na&nbsp;<a href=\"https:\/\/brasil.elpais.com\/internacional\/2020-03-16\/com-menos-infectados-que-o-brasil-colombia-peru-e-argentina-restringem-entrada-de-estrangeiros-para-conter-virus.html\">contram\u00e3o de outros pa\u00edses da Am\u00e9rica do Sul<\/a>, o Brasil n\u00e3o dever\u00e1 fechar suas fronteiras para evitar a dissemina\u00e7\u00e3o do novo coronav\u00edrus. Peru, Argentina, Chile, Col\u00f4mbia, Peru e Paraguai impuseram restri\u00e7\u00f5es para a entrada de estrangeiros. Segundo o secret\u00e1rio-executivo do Minist\u00e9rio da Sa\u00fade, Jo\u00e3o Gabbardo Reis, o pa\u00eds est\u00e1 se preparando para receber estrangeiros que precisem de assist\u00eancia, como quatro argentinos e dois uruguaios que est\u00e3o em um cruzeiro atracado em Recife com casos suspeitos de coronav\u00edrus. O ministro Luiz Henrique Mandetta declarou ser contr\u00e1rio \u00e0 medida. \u201cSe for partir para fechar tudo, sai todo mundo correndo\u201d.<br><\/p>\n","protected":false},"excerpt":{"rendered":"<p>Ap\u00f3s apari\u00e7\u00e3o em atos contra outros poderes, presidente n\u00e3o participa de videoconfer\u00eancia com presidentes da regi\u00e3o para tratar sobre o v\u00edrus que se espalha pelo continente, especialmente o Brasil.<\/p>\n","protected":false},"author":1,"featured_media":0,"comment_status":"closed","ping_status":"open","sticky":false,"template":"","format":"standard","meta":{"_exactmetrics_skip_tracking":false,"_exactmetrics_sitenote_active":false,"_exactmetrics_sitenote_note":"","_exactmetrics_sitenote_category":0,"jetpack_post_was_ever_published":false,"_jetpack_newsletter_access":"","_jetpack_dont_email_post_to_subs":false,"_jetpack_newsletter_tier_id":0,"_jetpack_memberships_contains_paywalled_content":false,"_jetpack_memberships_contains_paid_content":false,"footnotes":"","jetpack_publicize_message":"","jetpack_publicize_feature_enabled":true,"jetpack_social_post_already_shared":true,"jetpack_social_options":{"image_generator_settings":{"template":"highway","enabled":false},"version":2}},"categories":[1],"tags":[],"class_list":["post-26944","post","type-post","status-publish","format-standard","hentry","category-notas"],"jetpack_publicize_connections":[],"jetpack_sharing_enabled":true,"jetpack_featured_media_url":"","jetpack_shortlink":"https:\/\/wp.me\/p7wKYW-70A","jetpack-related-posts":[],"_links":{"self":[{"href":"http:\/\/blogdalucianaoliveira.com.br\/blog\/wp-json\/wp\/v2\/posts\/26944","targetHints":{"allow":["GET"]}}],"collection":[{"href":"http:\/\/blogdalucianaoliveira.com.br\/blog\/wp-json\/wp\/v2\/posts"}],"about":[{"href":"http:\/\/blogdalucianaoliveira.com.br\/blog\/wp-json\/wp\/v2\/types\/post"}],"author":[{"embeddable":true,"href":"http:\/\/blogdalucianaoliveira.com.br\/blog\/wp-json\/wp\/v2\/users\/1"}],"replies":[{"embeddable":true,"href":"http:\/\/blogdalucianaoliveira.com.br\/blog\/wp-json\/wp\/v2\/comments?post=26944"}],"version-history":[{"count":1,"href":"http:\/\/blogdalucianaoliveira.com.br\/blog\/wp-json\/wp\/v2\/posts\/26944\/revisions"}],"predecessor-version":[{"id":26945,"href":"http:\/\/blogdalucianaoliveira.com.br\/blog\/wp-json\/wp\/v2\/posts\/26944\/revisions\/26945"}],"wp:attachment":[{"href":"http:\/\/blogdalucianaoliveira.com.br\/blog\/wp-json\/wp\/v2\/media?parent=26944"}],"wp:term":[{"taxonomy":"category","embeddable":true,"href":"http:\/\/blogdalucianaoliveira.com.br\/blog\/wp-json\/wp\/v2\/categories?post=26944"},{"taxonomy":"post_tag","embeddable":true,"href":"http:\/\/blogdalucianaoliveira.com.br\/blog\/wp-json\/wp\/v2\/tags?post=26944"}],"curies":[{"name":"wp","href":"https:\/\/api.w.org\/{rel}","templated":true}]}}