{"id":26946,"date":"2020-03-17T11:11:40","date_gmt":"2020-03-17T15:11:40","guid":{"rendered":"http:\/\/blogdalucianaoliveira.com.br\/blog\/?p=26946"},"modified":"2020-03-17T11:11:50","modified_gmt":"2020-03-17T15:11:50","slug":"perfil-de-mortos-por-coronavirus-na-italia-e-o-mesmo-da-china-mas-taxa-de-mortalidade-e-tres-vezes-maior","status":"publish","type":"post","link":"http:\/\/blogdalucianaoliveira.com.br\/blog\/2020\/03\/17\/perfil-de-mortos-por-coronavirus-na-italia-e-o-mesmo-da-china-mas-taxa-de-mortalidade-e-tres-vezes-maior\/","title":{"rendered":"PERFIL DE MORTOS POR CORONAV\u00cdRUS NA IT\u00c1LIA \u00c9 O MESMO DA CHINA, MAS TAXA DE MORTALIDADE \u00c9 TR\u00caS VEZES MAIOR"},"content":{"rendered":"\n<figure class=\"wp-block-image\"><img data-recalc-dims=\"1\" decoding=\"async\" src=\"https:\/\/i0.wp.com\/ogimg.infoglobo.com.br\/in\/24308416-fd5-070\/FT1086A\/652\/xItaliaChina02.jpg.pagespeed.ic.aYMmgwfb94.jpg?w=600&#038;ssl=1\" alt=\"Equipe de hospital em Wuhan, na China, se despede de paciente curado da covid-19 Foto: AFP\"\/><\/figure>\n\n\n\n<p>M\u00e9dia de idade dos italianos infectados pelo coronav\u00edrus \u00e9 de 63 anos, sendo que 60% deles s\u00e3o do sexo masculino.<\/p>\n\n\n\n<!--more-->\n\n\n\n<p>Lucas Ferraz<\/p>\n\n\n\n<p>Revista \u00c9poca<\/p>\n\n\n\n<p>O perfil da maior parte dos mortos relacionados ao&nbsp;<a href=\"https:\/\/epoca.globo.com\/mundo\/italia-bate-recorde-de-mortes-causadas-pelo-coronavirus-em-24-horas-24306590\">novo coronav\u00edrus na It\u00e1lia<\/a>, o segundo pa\u00eds mais afetado at\u00e9 agora pela pandemia, se assemelha aos da China, epicentro do novo v\u00edrus: os efeitos s\u00e3o particularmente fortes nos idosos do sexo masculino que j\u00e1 conviviam com alguma doen\u00e7a.<\/p>\n\n\n\n<p>Na It\u00e1lia, contudo, diante da popula\u00e7\u00e3o idosa proporcionalmente maior, a taxa de mortalidade da doen\u00e7a causada pelo v\u00edrus, a covid-19, chegou nesta segunda-feira (16\/03) a 7,7%, enquanto o \u00edndice chin\u00eas m\u00e9dio \u00e9 de 2,3%.<\/p>\n\n\n\n<p>Segundo dados do Instituto Superior de Sa\u00fade (ISS), \u00f3rg\u00e3o subordinado ao Minist\u00e9rio da Sa\u00fade da It\u00e1lia e que monitora a emerg\u00eancia nacionalmente, a m\u00e9dia de idade dos italianos infectados pelo coronav\u00edrus \u00e9 de 63 anos, sendo que 60% deles s\u00e3o do sexo masculino.<br><\/p>\n\n\n\n<p>Os n\u00fameros do ISS sobre as mortes relacionadas \u00e0 covid-19 mostram que a imensa maioria das v\u00edtimas convivia com pelo menos uma ou mais doen\u00e7as, com maior porcentagem (37%) para as cardiovasculares.<br><\/p>\n\n\n\n<p>Na China, entre os infectados, 4,7% ficaram em situa\u00e7\u00e3o cr\u00edtica, n\u00famero quase id\u00eantico ao da It\u00e1lia (5%). Cerca de 45% dos testados positivamente no pa\u00eds europeu sentiram sintomas leves (contra 80% na China) e 24% algum sintoma severo (ante 13%).<\/p>\n\n\n\n<p>O novo v\u00edrus j\u00e1 infectou no pa\u00eds asi\u00e1tico mais de 80 mil pessoas, deixando at\u00e9 o momento cerca de 3.200 mortos.<\/p>\n\n\n\n<p>A It\u00e1lia ainda n\u00e3o registrou morte relacionada ao&nbsp;<a href=\"https:\/\/www.bbc.com\/portuguese\/topics\/clmq8rgyyvjt\">coronav\u00edrus<\/a>&nbsp;de ningu\u00e9m com menos de 30 anos, ao contr\u00e1rio do que aconteceu na China. Segundo o m\u00e9dico Franco Locatelli, membro do Conselho Superior de Sa\u00fade, isso refor\u00e7a a necessidade de se proteger aqueles com mais de 60 anos, a faixa mais vulner\u00e1vel \u00e0 doen\u00e7a.<\/p>\n\n\n\n<p>&#8220;As crian\u00e7as podem se infectar, at\u00e9 agora os casos que vimos elas desenvolvem sintomas como a de uma gripe ou at\u00e9 conjuntivite. A maioria ficou assintom\u00e1tica. O problema \u00e9 que elas se tornam transmissoras do v\u00edrus, e quase sempre para os mais velhos&#8221;, comentou Locatelli.<\/p>\n\n\n\n<figure class=\"wp-block-image\"><img data-recalc-dims=\"1\" decoding=\"async\" src=\"https:\/\/i0.wp.com\/ogimg.infoglobo.com.br\/in\/24308417-653-332\/FT1086A\/652\/xItaliaChina03.jpg.pagespeed.ic.UCP6whYFMI.jpg?w=600&#038;ssl=1\" alt=\"It\u00e1lia est\u00e1 em emerg\u00eancia desde o final de fevereiro e em quarentena geral h\u00e1 uma semana Foto: EPA\/ETTORE FERRARI\"\/><figcaption>It\u00e1lia est\u00e1 em emerg\u00eancia desde o final de fevereiro e em quarentena geral h\u00e1 uma semana Foto: EPA\/ETTORE FERRARI<\/figcaption><\/figure>\n\n\n\n<h2 class=\"wp-block-heading\">QUARENTENA AMPLA E GERAL<\/h2>\n\n\n\n<p>Em quarentena geral h\u00e1 uma semana, e enfrentando uma emerg\u00eancia iniciada no final de fevereiro, a It\u00e1lia ainda se prepara para um agravamento dos casos do coronav\u00edrus.<\/p>\n\n\n\n<p>Em entrevista nesta segunda-feira (16\/03), quando anunciou medidas para aliviar os impactos da crise na economia, o primeiro-ministro Giuseppe Conte sinalizou que o pico do cont\u00e1gio ainda n\u00e3o chegou.<br> Ele pediu para a popula\u00e7\u00e3o permanecer em casa, como determina decreto do governo em vigor desde o dia 10. Para circular pela rua \u00e9 necess\u00e1rio comprovar o motivo (se por raz\u00e3o m\u00e9dica ou de trabalho), sob pena de multa. <\/p>\n\n\n\n<p>A m\u00e9dia dos novos contagiados no pa\u00eds, que enfrenta a situa\u00e7\u00e3o mais cr\u00edtica na Europa, supera os 2 mil infectados por dia. Atualmente, a It\u00e1lia tem mais de 23 mil pessoas diagnosticadas com covid-19. O n\u00famero de mortes j\u00e1 passou de 2.150. A regi\u00e3o da Lombardia, no norte do pa\u00eds, ainda \u00e9 a mais atingida, concentrando mais de 1.400 \u00f3bitos e com um sistema de sa\u00fade pr\u00f3ximo do colapso.<\/p>\n\n\n\n<p>&#8220;Estamos vendo os casos aumentarem em todo o mundo, esperamos que na It\u00e1lia seja diferente, mas precisamos esperar alguns dias para avaliar os efeitos da quarentena&#8221;, afirmou Locatelli, do Conselho Superior de Sa\u00fade, durante a divulga\u00e7\u00e3o do balan\u00e7o nacional nesta segunda.<\/p>\n\n\n\n<p>Segundo ele, \u00e9 poss\u00edvel o v\u00edrus continuar circulando por mais alguns meses no pa\u00eds. &#8220;O importante \u00e9 cercar a difus\u00e3o agora para proteger o sistema de sa\u00fade&#8221;, disse.<\/p>\n\n\n\n<p>O governo italiano est\u00e1 fazendo um esfor\u00e7o para aumentar os leitos dispon\u00edveis para a emerg\u00eancia nacional. Al\u00e9m de receber esta semana m\u00e9dicos do exterior, um hospital em Roma, na capital, ser\u00e1 destinado exclusivamente aos infectados. Estuda-se ainda o uso de hot\u00e9is como hospitais improvisados.<br><\/p>\n\n\n\n<p>O pa\u00eds tamb\u00e9m est\u00e1 \u00e0 espera de material hospitalar, como m\u00e1scaras, que estavam bloqueados em outros pa\u00edses \u2014 que, temendo a necessidade interna diante da pandemia global, passaram a restringir a exporta\u00e7\u00e3o desses produtos.<br><\/p>\n","protected":false},"excerpt":{"rendered":"<p>M\u00e9dia de idade dos italianos infectados pelo coronav\u00edrus \u00e9 de 63 anos, sendo que 60% deles s\u00e3o do sexo masculino.<\/p>\n","protected":false},"author":1,"featured_media":0,"comment_status":"closed","ping_status":"open","sticky":false,"template":"","format":"standard","meta":{"_exactmetrics_skip_tracking":false,"_exactmetrics_sitenote_active":false,"_exactmetrics_sitenote_note":"","_exactmetrics_sitenote_category":0,"jetpack_post_was_ever_published":false,"_jetpack_newsletter_access":"","_jetpack_dont_email_post_to_subs":false,"_jetpack_newsletter_tier_id":0,"_jetpack_memberships_contains_paywalled_content":false,"_jetpack_memberships_contains_paid_content":false,"footnotes":"","jetpack_publicize_message":"","jetpack_publicize_feature_enabled":true,"jetpack_social_post_already_shared":true,"jetpack_social_options":{"image_generator_settings":{"template":"highway","enabled":false},"version":2}},"categories":[1],"tags":[],"class_list":["post-26946","post","type-post","status-publish","format-standard","hentry","category-notas"],"jetpack_publicize_connections":[],"jetpack_sharing_enabled":true,"jetpack_featured_media_url":"","jetpack_shortlink":"https:\/\/wp.me\/p7wKYW-70C","jetpack-related-posts":[],"_links":{"self":[{"href":"http:\/\/blogdalucianaoliveira.com.br\/blog\/wp-json\/wp\/v2\/posts\/26946","targetHints":{"allow":["GET"]}}],"collection":[{"href":"http:\/\/blogdalucianaoliveira.com.br\/blog\/wp-json\/wp\/v2\/posts"}],"about":[{"href":"http:\/\/blogdalucianaoliveira.com.br\/blog\/wp-json\/wp\/v2\/types\/post"}],"author":[{"embeddable":true,"href":"http:\/\/blogdalucianaoliveira.com.br\/blog\/wp-json\/wp\/v2\/users\/1"}],"replies":[{"embeddable":true,"href":"http:\/\/blogdalucianaoliveira.com.br\/blog\/wp-json\/wp\/v2\/comments?post=26946"}],"version-history":[{"count":1,"href":"http:\/\/blogdalucianaoliveira.com.br\/blog\/wp-json\/wp\/v2\/posts\/26946\/revisions"}],"predecessor-version":[{"id":26947,"href":"http:\/\/blogdalucianaoliveira.com.br\/blog\/wp-json\/wp\/v2\/posts\/26946\/revisions\/26947"}],"wp:attachment":[{"href":"http:\/\/blogdalucianaoliveira.com.br\/blog\/wp-json\/wp\/v2\/media?parent=26946"}],"wp:term":[{"taxonomy":"category","embeddable":true,"href":"http:\/\/blogdalucianaoliveira.com.br\/blog\/wp-json\/wp\/v2\/categories?post=26946"},{"taxonomy":"post_tag","embeddable":true,"href":"http:\/\/blogdalucianaoliveira.com.br\/blog\/wp-json\/wp\/v2\/tags?post=26946"}],"curies":[{"name":"wp","href":"https:\/\/api.w.org\/{rel}","templated":true}]}}