{"id":26950,"date":"2020-03-17T19:15:48","date_gmt":"2020-03-17T23:15:48","guid":{"rendered":"http:\/\/blogdalucianaoliveira.com.br\/blog\/?p=26950"},"modified":"2020-03-17T19:15:55","modified_gmt":"2020-03-17T23:15:55","slug":"pedido-de-impeachment-de-bolsonaro-e-apresentado-na-camara","status":"publish","type":"post","link":"http:\/\/blogdalucianaoliveira.com.br\/blog\/2020\/03\/17\/pedido-de-impeachment-de-bolsonaro-e-apresentado-na-camara\/","title":{"rendered":"Pedido de impeachment de Bolsonaro \u00e9 apresentado na C\u00e2mara"},"content":{"rendered":"\n<figure class=\"wp-block-image size-large\"><img data-recalc-dims=\"1\" loading=\"lazy\" decoding=\"async\" width=\"500\" height=\"240\" data-attachment-id=\"26951\" data-permalink=\"http:\/\/blogdalucianaoliveira.com.br\/blog\/2020\/03\/17\/pedido-de-impeachment-de-bolsonaro-e-apresentado-na-camara\/image-46-4\/\" data-orig-file=\"https:\/\/i0.wp.com\/blogdalucianaoliveira.com.br\/blog\/wp-content\/uploads\/2020\/03\/image-46.jpeg?fit=500%2C240\" data-orig-size=\"500,240\" data-comments-opened=\"0\" data-image-meta=\"{&quot;aperture&quot;:&quot;0&quot;,&quot;credit&quot;:&quot;&quot;,&quot;camera&quot;:&quot;&quot;,&quot;caption&quot;:&quot;&quot;,&quot;created_timestamp&quot;:&quot;0&quot;,&quot;copyright&quot;:&quot;&quot;,&quot;focal_length&quot;:&quot;0&quot;,&quot;iso&quot;:&quot;0&quot;,&quot;shutter_speed&quot;:&quot;0&quot;,&quot;title&quot;:&quot;&quot;,&quot;orientation&quot;:&quot;0&quot;}\" data-image-title=\"image-46\" data-image-description=\"\" data-image-caption=\"\" data-medium-file=\"https:\/\/i0.wp.com\/blogdalucianaoliveira.com.br\/blog\/wp-content\/uploads\/2020\/03\/image-46.jpeg?fit=300%2C144\" data-large-file=\"https:\/\/i0.wp.com\/blogdalucianaoliveira.com.br\/blog\/wp-content\/uploads\/2020\/03\/image-46.jpeg?fit=500%2C240\" src=\"https:\/\/i0.wp.com\/blogdalucianaoliveira.com.br\/blog\/wp-content\/uploads\/2020\/03\/image-46.jpeg?resize=500%2C240\" alt=\"\" class=\"wp-image-26951\" srcset=\"https:\/\/i0.wp.com\/blogdalucianaoliveira.com.br\/blog\/wp-content\/uploads\/2020\/03\/image-46.jpeg?w=500 500w, https:\/\/i0.wp.com\/blogdalucianaoliveira.com.br\/blog\/wp-content\/uploads\/2020\/03\/image-46.jpeg?resize=300%2C144 300w\" sizes=\"auto, (max-width: 500px) 100vw, 500px\" \/><\/figure>\n\n\n\n<p>247 &#8211; Pedido de impeachment contra Jair Bolsonaro (sem partido) foi apresentado na C\u00e2mara dos Deputados nesta ter\u00e7a-feira, 17, informa\u00a0<a rel=\"noreferrer noopener\" target=\"_blank\" href=\"https:\/\/congressoemfoco.uol.com.br\/governo\/pedido-de-impeachment-de-bolsonaro-e-apresentado-na-camara-veja-a-integra\/\">artigo<\/a>\u00a0de Erick Mota no Congresso em Foco. O pedido foi feito pelo deputado Leandro Grass (Rede-DF). Dentre os motivos que justificam o pedido, est\u00e3o os constantes ataques \u00e0 imprensa, aos outros poderes da Rep\u00fablica e o endosso para que acontecessem, contra as orienta\u00e7\u00f5es da Organiza\u00e7\u00e3o Mundial da Sa\u00fade e o Minist\u00e9rio da Sa\u00fade, as manifesta\u00e7\u00f5es bolsonaristas de domingo, 15.<\/p>\n\n\n\n<!--more-->\n\n\n\n<p>Soma-se a isso o fato de que Bolsonaro, que deveria estar de quarentena por suspeita de coronav\u00edrus, compareceu a um dos atos, em Bras\u00edlia, ao lado de cartazes pela interven\u00e7\u00e3o militar e o fechamento do Congresso e do Supremo Tribunal Federal (STF), inclusive tendo contato com os manifestantes.<\/p>\n\n\n\n<p>O deputado distrital ainda cita &#8220;o envolvimento da fam\u00edlia do Presidente com mil\u00edcias do Estado do Rio de Janeiro, inclusive tendo exaltado policiais que hoje s\u00e3o condenados pela Justi\u00e7a. Ademais, o Presidente jamais explicou os empr\u00e9stimos de Fabr\u00edcio Queiroz \u00e0 sua esposa, nem mesmo as den\u00fancias de servidores fantasmas, enquanto era Deputado Federal&#8221;.<\/p>\n\n\n\n<p>Grass cita cinco crimes de responsabilidade cometidos por Bolsonaro: apoio e convoca\u00e7\u00e3o \u00e0s manifesta\u00e7\u00f5es do dia 15 de mar\u00e7o de 2020 por meio da divulga\u00e7\u00e3o de v\u00eddeos em redes; declara\u00e7\u00e3o, no \u00faltimo dia 9, de que as elei\u00e7\u00f5es gerais de 2018 foram fraudadas, cujas provas estariam em suas m\u00e3os e nunca foram apresentadas, nem no foro competente e nem para a imprensa; declara\u00e7\u00f5es indecorosas direcionadas \u00e0 jornalista Patr\u00edcia Campos Mello, feitas no dia 19 de fevereiro; publica\u00e7\u00e3o de v\u00eddeo, em rede social, com conte\u00fado pornogr\u00e1fico, ocorrida no carnaval do ano de 2019 &#8211; o famoso epis\u00f3dio do golden shower; determina\u00e7\u00e3o expressa de comemora\u00e7\u00e3o do Golpe Militar de 1964, direcionada \u00e0s For\u00e7as Armadas Brasileiras, em 25 de mar\u00e7o de 2019.<\/p>\n\n\n\n<p>&#8220;Desse conjunto de condutas revela-se extrema gravidade. Gravidade esta pelo reiterado desafio proposto pelo Presidente aos demais poderes &#8211; Legislativo e Judici\u00e1rio, pela convoca\u00e7\u00e3o de manifesta\u00e7\u00f5es contra tais poderes, bem como pelo descr\u00e9dito das decis\u00f5es judiciais em mat\u00e9ria eleitoral&#8221;, diz o documento. Al\u00e9m disso, refor\u00e7a que \u201cdescabe ao Presidente refutar decis\u00f5es judiciais sobre pleito que, pasme-se, ele foi eleito. N\u00e3o \u00e9 poss\u00edvel que o Presidente aja sem qualquer decoro, publicando material pornogr\u00e1fico em redes sociais, ofendendo jornalistas todos os dias e, ao fim e ao cabo, incentivando a comemora\u00e7\u00e3o do Golpe Militar de 1964\u201d.<\/p>\n\n\n\n<p><a target=\"_blank\" href=\"https:\/\/static.congressoemfoco.uol.com.br\/2020\/03\/JB-impedimento.pdf\" rel=\"noreferrer noopener\"><strong>Veja aqui a \u00edntegra do pedido<\/strong><\/a><\/p>\n","protected":false},"excerpt":{"rendered":"<p>247 &#8211; Pedido de impeachment contra Jair Bolsonaro (sem partido) foi apresentado na C\u00e2mara dos Deputados nesta ter\u00e7a-feira, 17, informa\u00a0artigo\u00a0de Erick Mota no Congresso em Foco. O pedido foi feito pelo deputado Leandro Grass (Rede-DF). Dentre os motivos que justificam o pedido, est\u00e3o os constantes ataques \u00e0 imprensa, aos outros poderes da Rep\u00fablica e o&#8230;<a class=\"more-link\" href=\"http:\/\/blogdalucianaoliveira.com.br\/blog\/2020\/03\/17\/pedido-de-impeachment-de-bolsonaro-e-apresentado-na-camara\/\">Continue a leitura <span class=\"meta-nav\">&raquo;<\/span><\/a><\/p>\n","protected":false},"author":1,"featured_media":0,"comment_status":"closed","ping_status":"open","sticky":false,"template":"","format":"standard","meta":{"_exactmetrics_skip_tracking":false,"_exactmetrics_sitenote_active":false,"_exactmetrics_sitenote_note":"","_exactmetrics_sitenote_category":0,"jetpack_post_was_ever_published":false,"_jetpack_newsletter_access":"","_jetpack_dont_email_post_to_subs":false,"_jetpack_newsletter_tier_id":0,"_jetpack_memberships_contains_paywalled_content":false,"_jetpack_memberships_contains_paid_content":false,"footnotes":"","jetpack_publicize_message":"","jetpack_publicize_feature_enabled":true,"jetpack_social_post_already_shared":true,"jetpack_social_options":{"image_generator_settings":{"template":"highway","enabled":false},"version":2}},"categories":[1],"tags":[],"class_list":["post-26950","post","type-post","status-publish","format-standard","hentry","category-notas"],"jetpack_publicize_connections":[],"jetpack_sharing_enabled":true,"jetpack_featured_media_url":"","jetpack_shortlink":"https:\/\/wp.me\/p7wKYW-70G","jetpack-related-posts":[],"_links":{"self":[{"href":"http:\/\/blogdalucianaoliveira.com.br\/blog\/wp-json\/wp\/v2\/posts\/26950","targetHints":{"allow":["GET"]}}],"collection":[{"href":"http:\/\/blogdalucianaoliveira.com.br\/blog\/wp-json\/wp\/v2\/posts"}],"about":[{"href":"http:\/\/blogdalucianaoliveira.com.br\/blog\/wp-json\/wp\/v2\/types\/post"}],"author":[{"embeddable":true,"href":"http:\/\/blogdalucianaoliveira.com.br\/blog\/wp-json\/wp\/v2\/users\/1"}],"replies":[{"embeddable":true,"href":"http:\/\/blogdalucianaoliveira.com.br\/blog\/wp-json\/wp\/v2\/comments?post=26950"}],"version-history":[{"count":1,"href":"http:\/\/blogdalucianaoliveira.com.br\/blog\/wp-json\/wp\/v2\/posts\/26950\/revisions"}],"predecessor-version":[{"id":26952,"href":"http:\/\/blogdalucianaoliveira.com.br\/blog\/wp-json\/wp\/v2\/posts\/26950\/revisions\/26952"}],"wp:attachment":[{"href":"http:\/\/blogdalucianaoliveira.com.br\/blog\/wp-json\/wp\/v2\/media?parent=26950"}],"wp:term":[{"taxonomy":"category","embeddable":true,"href":"http:\/\/blogdalucianaoliveira.com.br\/blog\/wp-json\/wp\/v2\/categories?post=26950"},{"taxonomy":"post_tag","embeddable":true,"href":"http:\/\/blogdalucianaoliveira.com.br\/blog\/wp-json\/wp\/v2\/tags?post=26950"}],"curies":[{"name":"wp","href":"https:\/\/api.w.org\/{rel}","templated":true}]}}