{"id":26953,"date":"2020-03-17T19:28:56","date_gmt":"2020-03-17T23:28:56","guid":{"rendered":"http:\/\/blogdalucianaoliveira.com.br\/blog\/?p=26953"},"modified":"2020-03-17T19:29:06","modified_gmt":"2020-03-17T23:29:06","slug":"direita-mundial-usa-pandemia-para-pregar-xenofobia-e-teorias-conspiratorias","status":"publish","type":"post","link":"http:\/\/blogdalucianaoliveira.com.br\/blog\/2020\/03\/17\/direita-mundial-usa-pandemia-para-pregar-xenofobia-e-teorias-conspiratorias\/","title":{"rendered":"Direita mundial usa pandemia para pregar xenofobia e teorias conspirat\u00f3rias"},"content":{"rendered":"\n<figure class=\"wp-block-image size-large\"><img loading=\"lazy\" decoding=\"async\" width=\"1200\" height=\"600\" data-attachment-id=\"26954\" data-permalink=\"http:\/\/blogdalucianaoliveira.com.br\/blog\/2020\/03\/17\/direita-mundial-usa-pandemia-para-pregar-xenofobia-e-teorias-conspiratorias\/image-47-4\/\" data-orig-file=\"https:\/\/i0.wp.com\/blogdalucianaoliveira.com.br\/blog\/wp-content\/uploads\/2020\/03\/image-47.jpeg?fit=1200%2C600\" data-orig-size=\"1200,600\" data-comments-opened=\"0\" data-image-meta=\"{&quot;aperture&quot;:&quot;0&quot;,&quot;credit&quot;:&quot;&quot;,&quot;camera&quot;:&quot;&quot;,&quot;caption&quot;:&quot;&quot;,&quot;created_timestamp&quot;:&quot;0&quot;,&quot;copyright&quot;:&quot;&quot;,&quot;focal_length&quot;:&quot;0&quot;,&quot;iso&quot;:&quot;0&quot;,&quot;shutter_speed&quot;:&quot;0&quot;,&quot;title&quot;:&quot;&quot;,&quot;orientation&quot;:&quot;0&quot;}\" data-image-title=\"image-47\" data-image-description=\"\" data-image-caption=\"\" data-medium-file=\"https:\/\/i0.wp.com\/blogdalucianaoliveira.com.br\/blog\/wp-content\/uploads\/2020\/03\/image-47.jpeg?fit=300%2C150\" data-large-file=\"https:\/\/i0.wp.com\/blogdalucianaoliveira.com.br\/blog\/wp-content\/uploads\/2020\/03\/image-47.jpeg?fit=600%2C300\" src=\"https:\/\/i0.wp.com\/blogdalucianaoliveira.com.br\/blog\/wp-content\/uploads\/2020\/03\/image-47.jpeg?fit=600%2C300\" alt=\"\" class=\"wp-image-26954\" srcset=\"https:\/\/i0.wp.com\/blogdalucianaoliveira.com.br\/blog\/wp-content\/uploads\/2020\/03\/image-47.jpeg?w=1200 1200w, https:\/\/i0.wp.com\/blogdalucianaoliveira.com.br\/blog\/wp-content\/uploads\/2020\/03\/image-47.jpeg?resize=300%2C150 300w, https:\/\/i0.wp.com\/blogdalucianaoliveira.com.br\/blog\/wp-content\/uploads\/2020\/03\/image-47.jpeg?resize=1024%2C512 1024w, https:\/\/i0.wp.com\/blogdalucianaoliveira.com.br\/blog\/wp-content\/uploads\/2020\/03\/image-47.jpeg?resize=768%2C384 768w, https:\/\/i0.wp.com\/blogdalucianaoliveira.com.br\/blog\/wp-content\/uploads\/2020\/03\/image-47.jpeg?resize=600%2C300 600w\" sizes=\"auto, (max-width: 600px) 100vw, 600px\" \/><\/figure>\n\n\n\n<h4 class=\"wp-block-heading\">L\u00edderes pol\u00edticos como Bolsonaro, Salvini (It\u00e1lia), Le Pen (Fran\u00e7a) e Orban (Hungria) usam crise para propagar \u00f3dio<\/h4>\n\n\n\n<!--more-->\n\n\n\n<p>Igor Carvalho<\/p>\n\n\n\n<p>Brasil de Fato | S\u00e3o Paulo (SP)\u00a0<\/p>\n\n\n\n<p>Enquanto o coronav\u00edrus se alastra pelo mundo, na boca do presidente brasileiro o tema \u00e9 tratado com chacota e desprezo. \u201cEu fa\u00e7o 65 anos daqui a quatro dias. Vai ter uma festinha tradicional aqui. At\u00e9 porque eu fa\u00e7o anivers\u00e1rio dia 21 e minha esposa dia 22. S\u00e3o dois dias de festa aqui\u201d, afirmou Jair Bolsonaro, fazendo tro\u00e7a com a epidemia que assusta o mundo.<\/p>\n\n\n\n<p><br><br>No \u00faltimo domingo (15), o presidente j\u00e1 havia contrariado as orienta\u00e7\u00f5es m\u00e9dicas, inclusive de seu ministro da Sa\u00fade, Luiz Henrique Mandetta, e participou das manifesta\u00e7\u00f5es contra o Congresso Nacional e o Supremo Tribunal Federal (STF).<\/p>\n\n\n\n<p>Bolsonaro deveria evitar o contato com a popula\u00e7\u00e3o, de acordo com especialistas, por carregar a suspeita de que esteja contaminado pelo coronav\u00edrus. Um novo exame foi feito nesta ter\u00e7a-feira (17) para confirmar, ou descartar, a possibilidade.<\/p>\n\n\n\n<p>Em outros momentos, Bolsonaro afirmou que a epidemia tem sido tratada com \u201chisteria\u201d e \u201cextremismo\u201d. O presidente, aliado aos seus filhos e o submundo da internet que o segue, tem afirmado que a preocupa\u00e7\u00e3o de especialistas e da imprensa com o coronav\u00edrus s\u00e3o parte de uma conspira\u00e7\u00e3o para derrub\u00e1-lo.<\/p>\n\n\n\n<p>\u201cVoc\u00ea tem um caos muito maior. Se a economia afundar, afunda o Brasil. E qual \u00e9 o interesse dessas lideran\u00e7as pol\u00edticas que me criticam? Se afundar a economia, acaba meu governo\u201d, explicou o presidente, que pediu para que a Confedera\u00e7\u00e3o Brasileira de Futebol (CBF) reveja a decis\u00e3o de paralisar o futebol e retome as partidas nos est\u00e1dios com port\u00f5es abertos \u00e0 torcida.<\/p>\n\n\n\n<p>Bolsonaro n\u00e3o est\u00e1 sozinho no governo, quando minimiza o potencial do v\u00edrus. &#8220;A cada epidemia de v\u00edrus origin\u00e1ria na China, o mundo entra em crise econ\u00f4mica. Ent\u00e3o, aquele pa\u00eds se recupera antes de todos os outros e se torna mais poderoso geopoliticamente. Rumo \u00e0 hegemonia global antecipada por crises econ\u00f4micas causadas por v\u00edrus&#8221; , afirma Ailton Benedito, secret\u00e1rio de Direitos Humanos da Procuradoria Geral da Rep\u00fablica<\/p>\n\n\n\n<p>Se em nome da pol\u00edtica, Bolsonaro minimiza os efeitos do coronav\u00edrus, outros representantes da extrema-direita pelo mundo usam a pandemia para alavancar propostas xen\u00f3fobas.<\/p>\n\n\n\n<p>&#8220;Uma das primeiras maneiras de frear a epidemia \u00e9 evidentemente efetuar o controle das fronteiras, o que [o presidente] Emmanuel Macron se recusa a fazer por raz\u00f5es quase religiosas&#8221; , afirma Marie Le Pen, l\u00edder da extrema-direita francesa, poss\u00edvel candidata \u00e0 elei\u00e7\u00e3o nacional em 2022.<\/p>\n\n\n\n<p>Na It\u00e1lia, onde o v\u00edrus se propaga de forma mais assustadora, Matteo Salvini, mais importante lideran\u00e7a da extrema-direita italiana, se pronunciou logo ap\u00f3s o primeiro caso confirmado no pa\u00eds, pedindo ao governo local que fechasse as fronteiras. \u201cUma ora\u00e7\u00e3o por ele [contaminado] e um pensamento para sua fam\u00edlia. Talvez agora algu\u00e9m tenha entendido que \u00e9 necess\u00e1rio fechar, controlar, bloquear, blindar, proteger?\u201d, perguntou.<\/p>\n\n\n\n<p>Na Hungria, o primeiro-ministro Viktor Orban, vaticinou. \u201cNossa experi\u00eancia mostra que os estrangeiros trouxeram a doen\u00e7a e ela est\u00e1 se espalhando\u201d. O l\u00edder do Brexit na Inglaterra, Nigel Farage, foi ao Twitter se pronunciar, tamb\u00e9m apelando \u00e0 xenofobia.<\/p>\n\n\n\n<p>&#8220;Numa crise o conceito de solidariedade, proposto pela Uni\u00e3o Europeia e os globalistas, n\u00e3o conta para nada. Somos todos nacionalistas agora&#8221; , finalizou.<\/p>\n\n\n\n<p>Ap\u00f3s minimizar as possibilidades de avan\u00e7o do coronav\u00edrus, Javier Ortega Smith e Santiago Abascal, l\u00edderes do Vox, partido de extrema-direita da Espanha, convocaram manifesta\u00e7\u00f5es populares em apoio \u00e0 legenda. Uma semana ap\u00f3s os atos, a sigla confirmou que ambos foram contaminados pelo v\u00edrus.<\/p>\n\n\n\n<p>Edi\u00e7\u00e3o: Leandro Melito<\/p>\n","protected":false},"excerpt":{"rendered":"<p>L\u00edderes pol\u00edticos como Bolsonaro, Salvini (It\u00e1lia), Le Pen (Fran\u00e7a) e Orban (Hungria) usam crise para propagar \u00f3dio<\/p>\n","protected":false},"author":1,"featured_media":0,"comment_status":"closed","ping_status":"open","sticky":false,"template":"","format":"standard","meta":{"_exactmetrics_skip_tracking":false,"_exactmetrics_sitenote_active":false,"_exactmetrics_sitenote_note":"","_exactmetrics_sitenote_category":0,"jetpack_post_was_ever_published":false,"_jetpack_newsletter_access":"","_jetpack_dont_email_post_to_subs":false,"_jetpack_newsletter_tier_id":0,"_jetpack_memberships_contains_paywalled_content":false,"_jetpack_memberships_contains_paid_content":false,"footnotes":"","jetpack_publicize_message":"","jetpack_publicize_feature_enabled":true,"jetpack_social_post_already_shared":true,"jetpack_social_options":{"image_generator_settings":{"template":"highway","enabled":false},"version":2}},"categories":[1],"tags":[],"class_list":["post-26953","post","type-post","status-publish","format-standard","hentry","category-notas"],"jetpack_publicize_connections":[],"jetpack_sharing_enabled":true,"jetpack_featured_media_url":"","jetpack_shortlink":"https:\/\/wp.me\/p7wKYW-70J","jetpack-related-posts":[],"_links":{"self":[{"href":"http:\/\/blogdalucianaoliveira.com.br\/blog\/wp-json\/wp\/v2\/posts\/26953","targetHints":{"allow":["GET"]}}],"collection":[{"href":"http:\/\/blogdalucianaoliveira.com.br\/blog\/wp-json\/wp\/v2\/posts"}],"about":[{"href":"http:\/\/blogdalucianaoliveira.com.br\/blog\/wp-json\/wp\/v2\/types\/post"}],"author":[{"embeddable":true,"href":"http:\/\/blogdalucianaoliveira.com.br\/blog\/wp-json\/wp\/v2\/users\/1"}],"replies":[{"embeddable":true,"href":"http:\/\/blogdalucianaoliveira.com.br\/blog\/wp-json\/wp\/v2\/comments?post=26953"}],"version-history":[{"count":1,"href":"http:\/\/blogdalucianaoliveira.com.br\/blog\/wp-json\/wp\/v2\/posts\/26953\/revisions"}],"predecessor-version":[{"id":26955,"href":"http:\/\/blogdalucianaoliveira.com.br\/blog\/wp-json\/wp\/v2\/posts\/26953\/revisions\/26955"}],"wp:attachment":[{"href":"http:\/\/blogdalucianaoliveira.com.br\/blog\/wp-json\/wp\/v2\/media?parent=26953"}],"wp:term":[{"taxonomy":"category","embeddable":true,"href":"http:\/\/blogdalucianaoliveira.com.br\/blog\/wp-json\/wp\/v2\/categories?post=26953"},{"taxonomy":"post_tag","embeddable":true,"href":"http:\/\/blogdalucianaoliveira.com.br\/blog\/wp-json\/wp\/v2\/tags?post=26953"}],"curies":[{"name":"wp","href":"https:\/\/api.w.org\/{rel}","templated":true}]}}