{"id":26957,"date":"2020-03-17T19:54:02","date_gmt":"2020-03-17T23:54:02","guid":{"rendered":"http:\/\/blogdalucianaoliveira.com.br\/blog\/?p=26957"},"modified":"2020-03-17T19:54:09","modified_gmt":"2020-03-17T23:54:09","slug":"italianos-acima-de-80-anos-serao-deixados-para-morrer-de-coronavirus-mostra-documento","status":"publish","type":"post","link":"http:\/\/blogdalucianaoliveira.com.br\/blog\/2020\/03\/17\/italianos-acima-de-80-anos-serao-deixados-para-morrer-de-coronavirus-mostra-documento\/","title":{"rendered":"Italianos acima de 80 anos ser\u00e3o deixados para morrer de coronav\u00edrus, mostra documento"},"content":{"rendered":"\n<figure class=\"wp-block-image size-large\"><img data-recalc-dims=\"1\" loading=\"lazy\" decoding=\"async\" width=\"500\" height=\"240\" data-attachment-id=\"26958\" data-permalink=\"http:\/\/blogdalucianaoliveira.com.br\/blog\/2020\/03\/17\/italianos-acima-de-80-anos-serao-deixados-para-morrer-de-coronavirus-mostra-documento\/image-48-4\/\" data-orig-file=\"https:\/\/i0.wp.com\/blogdalucianaoliveira.com.br\/blog\/wp-content\/uploads\/2020\/03\/image-48.jpeg?fit=500%2C240\" data-orig-size=\"500,240\" data-comments-opened=\"0\" data-image-meta=\"{&quot;aperture&quot;:&quot;0&quot;,&quot;credit&quot;:&quot;&quot;,&quot;camera&quot;:&quot;&quot;,&quot;caption&quot;:&quot;&quot;,&quot;created_timestamp&quot;:&quot;0&quot;,&quot;copyright&quot;:&quot;&quot;,&quot;focal_length&quot;:&quot;0&quot;,&quot;iso&quot;:&quot;0&quot;,&quot;shutter_speed&quot;:&quot;0&quot;,&quot;title&quot;:&quot;&quot;,&quot;orientation&quot;:&quot;0&quot;}\" data-image-title=\"image-48\" data-image-description=\"\" data-image-caption=\"\" data-medium-file=\"https:\/\/i0.wp.com\/blogdalucianaoliveira.com.br\/blog\/wp-content\/uploads\/2020\/03\/image-48.jpeg?fit=300%2C144\" data-large-file=\"https:\/\/i0.wp.com\/blogdalucianaoliveira.com.br\/blog\/wp-content\/uploads\/2020\/03\/image-48.jpeg?fit=500%2C240\" src=\"https:\/\/i0.wp.com\/blogdalucianaoliveira.com.br\/blog\/wp-content\/uploads\/2020\/03\/image-48.jpeg?resize=500%2C240\" alt=\"\" class=\"wp-image-26958\" srcset=\"https:\/\/i0.wp.com\/blogdalucianaoliveira.com.br\/blog\/wp-content\/uploads\/2020\/03\/image-48.jpeg?w=500 500w, https:\/\/i0.wp.com\/blogdalucianaoliveira.com.br\/blog\/wp-content\/uploads\/2020\/03\/image-48.jpeg?resize=300%2C144 300w\" sizes=\"auto, (max-width: 500px) 100vw, 500px\" \/><\/figure>\n\n\n\n<p>247 &#8211; Documento divulgado pelo jornal The Telegraph mostrou que a It\u00e1lia j\u00e1 se prepara para ter que escolher quem vive e quem morre durante a pandemia de coronav\u00edrus.<\/p>\n\n\n\n<!--more-->\n\n\n\n<p>O documento foi preparado pelo Departamento de Defesa Civil em Turim indica que o pa\u00eds ter\u00e1 de negar atendimento em unidades de terapia intesiva para pacientes com mais de 80 anos ou que apresentem m\u00e1s condi\u00e7\u00f5es de sa\u00fade.<\/p>\n\n\n\n<p>Al\u00e9m dos idosos e dos que apresentem outras condi\u00e7\u00f5es graves de sa\u00fade, tamb\u00e9m a possibilidade de sobreviv\u00eancia dos pacientes ser\u00e1 avaliada. &#8220;\u00c9 como seria se estiv\u00e9ssemos em guerra&#8221;, disse um m\u00e9dico ouvido pelo jornal ingl\u00eas.<\/p>\n\n\n\n<p>Leia tamb\u00e9m reportagem da ag\u00eancia Ansa Brasil sobre o coronav\u00edrus na It\u00e1lia:<\/p>\n\n\n\n<p><strong>N\u00famero de mortos na It\u00e1lia pelo coronav\u00edrus passa de 2,5 mil<\/strong><\/p>\n\n\n\n<p><strong>(ANSA) &#8211;<\/strong>\u00a0A Defesa Civil da It\u00e1lia anunciou nesta ter\u00e7a-feira (17) que o n\u00famero de mortos em decorr\u00eancia da pandemia do novo coronav\u00edrus (Sars-CoV-2) subiu para 2.503, um aumento de 345 v\u00edtimas em 24 horas.<\/p>\n\n\n\n<p>De acordo com o chefe da Prote\u00e7\u00e3o Civil da It\u00e1lia, Angelo Borrelli, a quantidade de pessoas contaminadas aumentou mais 2.989, totalizando 26.062 casos ativos de infec\u00e7\u00f5es.&nbsp;<\/p>\n\n\n\n<p>Al\u00e9m disso, as autoridades do pa\u00eds revelaram que o aumento de n\u00famero de mortes foi menor do que o registrado na segunda-feira (16) (349 contra 345).<\/p>\n\n\n\n<p>At\u00e9 o momento, 2.941 indiv\u00edduos conseguiram se recuperar da doen\u00e7a, 192 a mais do que ontem (16). Enquanto isso, h\u00e1 2.060 pacientes internados em terapia intensiva, sendo 879 destes na regi\u00e3o da Lombardia, no norte do pa\u00eds.<\/p>\n\n\n\n<p>A regi\u00e3o mais atingida segue sendo a Lombardia, que soma no total 16.220 casos e 1.640 mortos.<\/p>\n\n\n\n<p>Atr\u00e1s da Lombardia, principal polo financeiro e industrial da It\u00e1lia, est\u00e1 a Emilia-Romagna, com 3.931 casos confirmados. Ela \u00e9 seguida por V\u00eaneto (2.704), Piemonte (1.897), Marcas (1.371), Toscana (1.053), Lig\u00faria (778), Trentino Alto-\u00c1dige (676), Lazio (607), Camp\u00e2nia (460), Friuli Veneza Giulia (394), Puglia (340), Sic\u00edlia (237), Abruzzo (229), Umbria (197), Vale de Aosta (136), Sardenha (117), Cal\u00e1bria (114), Molise (25) e Basilicata (20).<\/p>\n","protected":false},"excerpt":{"rendered":"<p>247 &#8211; Documento divulgado pelo jornal The Telegraph mostrou que a It\u00e1lia j\u00e1 se prepara para ter que escolher quem vive e quem morre durante a pandemia de coronav\u00edrus.<\/p>\n","protected":false},"author":1,"featured_media":0,"comment_status":"closed","ping_status":"open","sticky":false,"template":"","format":"standard","meta":{"_exactmetrics_skip_tracking":false,"_exactmetrics_sitenote_active":false,"_exactmetrics_sitenote_note":"","_exactmetrics_sitenote_category":0,"jetpack_post_was_ever_published":false,"_jetpack_newsletter_access":"","_jetpack_dont_email_post_to_subs":false,"_jetpack_newsletter_tier_id":0,"_jetpack_memberships_contains_paywalled_content":false,"_jetpack_memberships_contains_paid_content":false,"footnotes":"","jetpack_publicize_message":"","jetpack_publicize_feature_enabled":true,"jetpack_social_post_already_shared":true,"jetpack_social_options":{"image_generator_settings":{"template":"highway","enabled":false},"version":2}},"categories":[1],"tags":[],"class_list":["post-26957","post","type-post","status-publish","format-standard","hentry","category-notas"],"jetpack_publicize_connections":[],"jetpack_sharing_enabled":true,"jetpack_featured_media_url":"","jetpack_shortlink":"https:\/\/wp.me\/p7wKYW-70N","jetpack-related-posts":[],"_links":{"self":[{"href":"http:\/\/blogdalucianaoliveira.com.br\/blog\/wp-json\/wp\/v2\/posts\/26957","targetHints":{"allow":["GET"]}}],"collection":[{"href":"http:\/\/blogdalucianaoliveira.com.br\/blog\/wp-json\/wp\/v2\/posts"}],"about":[{"href":"http:\/\/blogdalucianaoliveira.com.br\/blog\/wp-json\/wp\/v2\/types\/post"}],"author":[{"embeddable":true,"href":"http:\/\/blogdalucianaoliveira.com.br\/blog\/wp-json\/wp\/v2\/users\/1"}],"replies":[{"embeddable":true,"href":"http:\/\/blogdalucianaoliveira.com.br\/blog\/wp-json\/wp\/v2\/comments?post=26957"}],"version-history":[{"count":1,"href":"http:\/\/blogdalucianaoliveira.com.br\/blog\/wp-json\/wp\/v2\/posts\/26957\/revisions"}],"predecessor-version":[{"id":26959,"href":"http:\/\/blogdalucianaoliveira.com.br\/blog\/wp-json\/wp\/v2\/posts\/26957\/revisions\/26959"}],"wp:attachment":[{"href":"http:\/\/blogdalucianaoliveira.com.br\/blog\/wp-json\/wp\/v2\/media?parent=26957"}],"wp:term":[{"taxonomy":"category","embeddable":true,"href":"http:\/\/blogdalucianaoliveira.com.br\/blog\/wp-json\/wp\/v2\/categories?post=26957"},{"taxonomy":"post_tag","embeddable":true,"href":"http:\/\/blogdalucianaoliveira.com.br\/blog\/wp-json\/wp\/v2\/tags?post=26957"}],"curies":[{"name":"wp","href":"https:\/\/api.w.org\/{rel}","templated":true}]}}