{"id":26960,"date":"2020-03-18T08:52:17","date_gmt":"2020-03-18T12:52:17","guid":{"rendered":"http:\/\/blogdalucianaoliveira.com.br\/blog\/?p=26960"},"modified":"2020-03-18T08:52:27","modified_gmt":"2020-03-18T12:52:27","slug":"general-augusto-heleno-testa-positivo-para-coronavirus","status":"publish","type":"post","link":"http:\/\/blogdalucianaoliveira.com.br\/blog\/2020\/03\/18\/general-augusto-heleno-testa-positivo-para-coronavirus\/","title":{"rendered":"General Augusto Heleno testa positivo para coronav\u00edrus"},"content":{"rendered":"\n<figure class=\"wp-block-image size-large\"><img data-recalc-dims=\"1\" loading=\"lazy\" decoding=\"async\" width=\"600\" height=\"360\" data-attachment-id=\"26961\" data-permalink=\"http:\/\/blogdalucianaoliveira.com.br\/blog\/2020\/03\/18\/general-augusto-heleno-testa-positivo-para-coronavirus\/image-5-8\/\" data-orig-file=\"https:\/\/i0.wp.com\/blogdalucianaoliveira.com.br\/blog\/wp-content\/uploads\/2020\/03\/image-5.png?fit=1024%2C615\" data-orig-size=\"1024,615\" data-comments-opened=\"0\" data-image-meta=\"{&quot;aperture&quot;:&quot;0&quot;,&quot;credit&quot;:&quot;&quot;,&quot;camera&quot;:&quot;&quot;,&quot;caption&quot;:&quot;&quot;,&quot;created_timestamp&quot;:&quot;0&quot;,&quot;copyright&quot;:&quot;&quot;,&quot;focal_length&quot;:&quot;0&quot;,&quot;iso&quot;:&quot;0&quot;,&quot;shutter_speed&quot;:&quot;0&quot;,&quot;title&quot;:&quot;&quot;,&quot;orientation&quot;:&quot;0&quot;}\" data-image-title=\"image-5\" data-image-description=\"\" data-image-caption=\"\" data-medium-file=\"https:\/\/i0.wp.com\/blogdalucianaoliveira.com.br\/blog\/wp-content\/uploads\/2020\/03\/image-5.png?fit=300%2C180\" data-large-file=\"https:\/\/i0.wp.com\/blogdalucianaoliveira.com.br\/blog\/wp-content\/uploads\/2020\/03\/image-5.png?fit=600%2C360\" src=\"https:\/\/i0.wp.com\/blogdalucianaoliveira.com.br\/blog\/wp-content\/uploads\/2020\/03\/image-5.png?resize=600%2C360\" alt=\"\" class=\"wp-image-26961\" srcset=\"https:\/\/i0.wp.com\/blogdalucianaoliveira.com.br\/blog\/wp-content\/uploads\/2020\/03\/image-5.png?w=1024 1024w, https:\/\/i0.wp.com\/blogdalucianaoliveira.com.br\/blog\/wp-content\/uploads\/2020\/03\/image-5.png?resize=300%2C180 300w, https:\/\/i0.wp.com\/blogdalucianaoliveira.com.br\/blog\/wp-content\/uploads\/2020\/03\/image-5.png?resize=768%2C461 768w, https:\/\/i0.wp.com\/blogdalucianaoliveira.com.br\/blog\/wp-content\/uploads\/2020\/03\/image-5.png?resize=500%2C300 500w\" sizes=\"auto, (max-width: 600px) 100vw, 600px\" \/><\/figure>\n\n\n\n<h2 class=\"wp-block-heading\"><br>Heleno afirma que est\u00e1 sem febre, n\u00e3o apresenta sintomas e aguarda a contraprova da Fiocruz<\/h2>\n\n\n\n<!--more-->\n\n\n\n<p>Na Carta Capital- O ministro-chefe do Gabinete de Seguran\u00e7a Institucional (GSI) general Augusto Heleno testou positivo para o coronav\u00edrus. Ele tamb\u00e9m integrou a comitiva presidencial que acompanhou o presidente Jair Bolsonaro aos EUA. \u00c9 o segundo exame feito por Heleno, no dia 12 de mar\u00e7o, o resultado havia sido negativo.<\/p>\n\n\n\n<p>Em seu twitter, Heleno afirma que est\u00e1 sem febre, n\u00e3o apresenta sintomas e aguarda a contraprova da Fiocruz.<\/p>\n\n\n\n<figure class=\"wp-block-embed-twitter wp-block-embed is-type-rich is-provider-twitter\"><div class=\"wp-block-embed__wrapper\">\n<blockquote class=\"twitter-tweet\" data-width=\"550\" data-dnt=\"true\"><p lang=\"pt\" dir=\"ltr\">Informo que o resultado do meu segundo exame, realizado no HFA, acusou positivo. Aguardo  a contraprova da FioCruz. Estou sem febre e n\u00e3o apresento qualquer dos sintomas relacionados ao COVID-19. Estou isolado, em casa, e n\u00e3o atenderei telefonemas.<\/p>&mdash; General Heleno (@gen_heleno) <a href=\"https:\/\/twitter.com\/gen_heleno\/status\/1240251678282125318?ref_src=twsrc%5Etfw\">March 18, 2020<\/a><\/blockquote><script async src=\"https:\/\/platform.twitter.com\/widgets.js\" charset=\"utf-8\"><\/script>\n<\/div><\/figure>\n","protected":false},"excerpt":{"rendered":"<p>Heleno afirma que est\u00e1 sem febre, n\u00e3o apresenta sintomas e aguarda a contraprova da Fiocruz<\/p>\n","protected":false},"author":1,"featured_media":0,"comment_status":"closed","ping_status":"open","sticky":false,"template":"","format":"standard","meta":{"_exactmetrics_skip_tracking":false,"_exactmetrics_sitenote_active":false,"_exactmetrics_sitenote_note":"","_exactmetrics_sitenote_category":0,"jetpack_post_was_ever_published":false,"_jetpack_newsletter_access":"","_jetpack_dont_email_post_to_subs":false,"_jetpack_newsletter_tier_id":0,"_jetpack_memberships_contains_paywalled_content":false,"_jetpack_memberships_contains_paid_content":false,"footnotes":"","jetpack_publicize_message":"","jetpack_publicize_feature_enabled":true,"jetpack_social_post_already_shared":true,"jetpack_social_options":{"image_generator_settings":{"template":"highway","enabled":false},"version":2}},"categories":[1],"tags":[],"class_list":["post-26960","post","type-post","status-publish","format-standard","hentry","category-notas"],"jetpack_publicize_connections":[],"jetpack_sharing_enabled":true,"jetpack_featured_media_url":"","jetpack_shortlink":"https:\/\/wp.me\/p7wKYW-70Q","jetpack-related-posts":[],"_links":{"self":[{"href":"http:\/\/blogdalucianaoliveira.com.br\/blog\/wp-json\/wp\/v2\/posts\/26960","targetHints":{"allow":["GET"]}}],"collection":[{"href":"http:\/\/blogdalucianaoliveira.com.br\/blog\/wp-json\/wp\/v2\/posts"}],"about":[{"href":"http:\/\/blogdalucianaoliveira.com.br\/blog\/wp-json\/wp\/v2\/types\/post"}],"author":[{"embeddable":true,"href":"http:\/\/blogdalucianaoliveira.com.br\/blog\/wp-json\/wp\/v2\/users\/1"}],"replies":[{"embeddable":true,"href":"http:\/\/blogdalucianaoliveira.com.br\/blog\/wp-json\/wp\/v2\/comments?post=26960"}],"version-history":[{"count":1,"href":"http:\/\/blogdalucianaoliveira.com.br\/blog\/wp-json\/wp\/v2\/posts\/26960\/revisions"}],"predecessor-version":[{"id":26962,"href":"http:\/\/blogdalucianaoliveira.com.br\/blog\/wp-json\/wp\/v2\/posts\/26960\/revisions\/26962"}],"wp:attachment":[{"href":"http:\/\/blogdalucianaoliveira.com.br\/blog\/wp-json\/wp\/v2\/media?parent=26960"}],"wp:term":[{"taxonomy":"category","embeddable":true,"href":"http:\/\/blogdalucianaoliveira.com.br\/blog\/wp-json\/wp\/v2\/categories?post=26960"},{"taxonomy":"post_tag","embeddable":true,"href":"http:\/\/blogdalucianaoliveira.com.br\/blog\/wp-json\/wp\/v2\/tags?post=26960"}],"curies":[{"name":"wp","href":"https:\/\/api.w.org\/{rel}","templated":true}]}}