{"id":26963,"date":"2020-03-18T08:55:32","date_gmt":"2020-03-18T12:55:32","guid":{"rendered":"http:\/\/blogdalucianaoliveira.com.br\/blog\/?p=26963"},"modified":"2020-03-18T08:55:37","modified_gmt":"2020-03-18T12:55:37","slug":"bolsonaro-pressiona-mandetta-a-negar-recomendacoes-medicas-e-cientificas","status":"publish","type":"post","link":"http:\/\/blogdalucianaoliveira.com.br\/blog\/2020\/03\/18\/bolsonaro-pressiona-mandetta-a-negar-recomendacoes-medicas-e-cientificas\/","title":{"rendered":"Bolsonaro pressiona Mandetta a negar recomenda\u00e7\u00f5es m\u00e9dicas e cient\u00edficas"},"content":{"rendered":"\n<figure class=\"wp-block-image size-large\"><img data-recalc-dims=\"1\" loading=\"lazy\" decoding=\"async\" width=\"500\" height=\"240\" data-attachment-id=\"26964\" data-permalink=\"http:\/\/blogdalucianaoliveira.com.br\/blog\/2020\/03\/18\/bolsonaro-pressiona-mandetta-a-negar-recomendacoes-medicas-e-cientificas\/image-49-4\/\" data-orig-file=\"https:\/\/i0.wp.com\/blogdalucianaoliveira.com.br\/blog\/wp-content\/uploads\/2020\/03\/image-49.jpeg?fit=500%2C240\" data-orig-size=\"500,240\" data-comments-opened=\"0\" data-image-meta=\"{&quot;aperture&quot;:&quot;0&quot;,&quot;credit&quot;:&quot;&quot;,&quot;camera&quot;:&quot;&quot;,&quot;caption&quot;:&quot;&quot;,&quot;created_timestamp&quot;:&quot;0&quot;,&quot;copyright&quot;:&quot;&quot;,&quot;focal_length&quot;:&quot;0&quot;,&quot;iso&quot;:&quot;0&quot;,&quot;shutter_speed&quot;:&quot;0&quot;,&quot;title&quot;:&quot;&quot;,&quot;orientation&quot;:&quot;0&quot;}\" data-image-title=\"image-49\" data-image-description=\"\" data-image-caption=\"\" data-medium-file=\"https:\/\/i0.wp.com\/blogdalucianaoliveira.com.br\/blog\/wp-content\/uploads\/2020\/03\/image-49.jpeg?fit=300%2C144\" data-large-file=\"https:\/\/i0.wp.com\/blogdalucianaoliveira.com.br\/blog\/wp-content\/uploads\/2020\/03\/image-49.jpeg?fit=500%2C240\" src=\"https:\/\/i0.wp.com\/blogdalucianaoliveira.com.br\/blog\/wp-content\/uploads\/2020\/03\/image-49.jpeg?resize=500%2C240\" alt=\"\" class=\"wp-image-26964\" srcset=\"https:\/\/i0.wp.com\/blogdalucianaoliveira.com.br\/blog\/wp-content\/uploads\/2020\/03\/image-49.jpeg?w=500 500w, https:\/\/i0.wp.com\/blogdalucianaoliveira.com.br\/blog\/wp-content\/uploads\/2020\/03\/image-49.jpeg?resize=300%2C144 300w\" sizes=\"auto, (max-width: 500px) 100vw, 500px\" \/><\/figure>\n\n\n\n<p>247 &#8211; Jair Bolsonaro est\u00e1 pressionando o ministro da Sa\u00fade, Luiz Henrique Mandetta, atacando-o nos bastidores do governo, para que ele passe a adotar o discurso negacionista sobre a pandemia do coronav\u00edrus. Para Bolsonaro, Mandetta estimula &#8220;histeria&#8221;.<\/p>\n\n\n\n<!--more-->\n\n\n\n<p>Ele tem dito deputados bolsonaristas que Mandetta tem que adotar a ret\u00f3ria de Paulo Guedes e defenda a manuten\u00e7\u00e3o da atividade econ\u00f4mica normlamente. Mais ainda, ele quer que o ministro apoie sua tese de libera\u00e7\u00e3o de protestos nas ruas contra o Congresso e o STF.<\/p>\n\n\n\n<p>Ele tamb\u00e9m tem considerado que o tom adotado pelo Minist\u00e9rio da Sa\u00fade tem gerado &#8220;histeria&#8221;, relatam os jornalistas Gustavo Uribe e Nat\u00e1lia Cancian na\u00a0<a rel=\"noreferrer noopener\" target=\"_blank\" href=\"https:\/\/www1.folha.uol.com.br\/poder\/2020\/03\/bolsonaro-cobra-discurso-politico-de-mandetta-em-pandemia-do-coronavirus\">Folha de S. Paulo<\/a>.<\/p>\n\n\n\n<p>Com um discurso t\u00e9cnico, em conson\u00e2ncia com os protocolos internacionais de sa\u00fade p\u00fablica, o ministro tem defendido, por exemplo, que as pessoas n\u00e3o participem de aglomera\u00e7\u00f5es e adotem medidas de precau\u00e7\u00e3o, al\u00e9m de ficarem em isolamento se tiverem sintomas.<\/p>\n","protected":false},"excerpt":{"rendered":"<p>247 &#8211; Jair Bolsonaro est\u00e1 pressionando o ministro da Sa\u00fade, Luiz Henrique Mandetta, atacando-o nos bastidores do governo, para que ele passe a adotar o discurso negacionista sobre a pandemia do coronav\u00edrus. Para Bolsonaro, Mandetta estimula &#8220;histeria&#8221;.<\/p>\n","protected":false},"author":1,"featured_media":0,"comment_status":"closed","ping_status":"open","sticky":false,"template":"","format":"standard","meta":{"_exactmetrics_skip_tracking":false,"_exactmetrics_sitenote_active":false,"_exactmetrics_sitenote_note":"","_exactmetrics_sitenote_category":0,"jetpack_post_was_ever_published":false,"_jetpack_newsletter_access":"","_jetpack_dont_email_post_to_subs":false,"_jetpack_newsletter_tier_id":0,"_jetpack_memberships_contains_paywalled_content":false,"_jetpack_memberships_contains_paid_content":false,"footnotes":"","jetpack_publicize_message":"","jetpack_publicize_feature_enabled":true,"jetpack_social_post_already_shared":true,"jetpack_social_options":{"image_generator_settings":{"template":"highway","enabled":false},"version":2}},"categories":[1],"tags":[],"class_list":["post-26963","post","type-post","status-publish","format-standard","hentry","category-notas"],"jetpack_publicize_connections":[],"jetpack_sharing_enabled":true,"jetpack_featured_media_url":"","jetpack_shortlink":"https:\/\/wp.me\/p7wKYW-70T","jetpack-related-posts":[],"_links":{"self":[{"href":"http:\/\/blogdalucianaoliveira.com.br\/blog\/wp-json\/wp\/v2\/posts\/26963","targetHints":{"allow":["GET"]}}],"collection":[{"href":"http:\/\/blogdalucianaoliveira.com.br\/blog\/wp-json\/wp\/v2\/posts"}],"about":[{"href":"http:\/\/blogdalucianaoliveira.com.br\/blog\/wp-json\/wp\/v2\/types\/post"}],"author":[{"embeddable":true,"href":"http:\/\/blogdalucianaoliveira.com.br\/blog\/wp-json\/wp\/v2\/users\/1"}],"replies":[{"embeddable":true,"href":"http:\/\/blogdalucianaoliveira.com.br\/blog\/wp-json\/wp\/v2\/comments?post=26963"}],"version-history":[{"count":1,"href":"http:\/\/blogdalucianaoliveira.com.br\/blog\/wp-json\/wp\/v2\/posts\/26963\/revisions"}],"predecessor-version":[{"id":26965,"href":"http:\/\/blogdalucianaoliveira.com.br\/blog\/wp-json\/wp\/v2\/posts\/26963\/revisions\/26965"}],"wp:attachment":[{"href":"http:\/\/blogdalucianaoliveira.com.br\/blog\/wp-json\/wp\/v2\/media?parent=26963"}],"wp:term":[{"taxonomy":"category","embeddable":true,"href":"http:\/\/blogdalucianaoliveira.com.br\/blog\/wp-json\/wp\/v2\/categories?post=26963"},{"taxonomy":"post_tag","embeddable":true,"href":"http:\/\/blogdalucianaoliveira.com.br\/blog\/wp-json\/wp\/v2\/tags?post=26963"}],"curies":[{"name":"wp","href":"https:\/\/api.w.org\/{rel}","templated":true}]}}