{"id":26966,"date":"2020-03-18T09:03:29","date_gmt":"2020-03-18T13:03:29","guid":{"rendered":"http:\/\/blogdalucianaoliveira.com.br\/blog\/?p=26966"},"modified":"2020-03-18T09:03:40","modified_gmt":"2020-03-18T13:03:40","slug":"panelacos-em-todo-o-brasil-revelam-que-ninguem-aguenta-mais-bolsonaro","status":"publish","type":"post","link":"http:\/\/blogdalucianaoliveira.com.br\/blog\/2020\/03\/18\/panelacos-em-todo-o-brasil-revelam-que-ninguem-aguenta-mais-bolsonaro\/","title":{"rendered":"Panela\u00e7os em todo o Brasil revelam que ningu\u00e9m aguenta mais Bolsonaro"},"content":{"rendered":"\n<figure class=\"wp-block-image size-large\"><img data-recalc-dims=\"1\" loading=\"lazy\" decoding=\"async\" width=\"600\" height=\"374\" data-attachment-id=\"26967\" data-permalink=\"http:\/\/blogdalucianaoliveira.com.br\/blog\/2020\/03\/18\/panelacos-em-todo-o-brasil-revelam-que-ninguem-aguenta-mais-bolsonaro\/image-50-4\/\" data-orig-file=\"https:\/\/i0.wp.com\/blogdalucianaoliveira.com.br\/blog\/wp-content\/uploads\/2020\/03\/image-50.jpeg?fit=610%2C380\" data-orig-size=\"610,380\" data-comments-opened=\"0\" data-image-meta=\"{&quot;aperture&quot;:&quot;0&quot;,&quot;credit&quot;:&quot;&quot;,&quot;camera&quot;:&quot;&quot;,&quot;caption&quot;:&quot;&quot;,&quot;created_timestamp&quot;:&quot;0&quot;,&quot;copyright&quot;:&quot;&quot;,&quot;focal_length&quot;:&quot;0&quot;,&quot;iso&quot;:&quot;0&quot;,&quot;shutter_speed&quot;:&quot;0&quot;,&quot;title&quot;:&quot;&quot;,&quot;orientation&quot;:&quot;0&quot;}\" data-image-title=\"image-50\" data-image-description=\"\" data-image-caption=\"\" data-medium-file=\"https:\/\/i0.wp.com\/blogdalucianaoliveira.com.br\/blog\/wp-content\/uploads\/2020\/03\/image-50.jpeg?fit=300%2C187\" data-large-file=\"https:\/\/i0.wp.com\/blogdalucianaoliveira.com.br\/blog\/wp-content\/uploads\/2020\/03\/image-50.jpeg?fit=600%2C374\" src=\"https:\/\/i0.wp.com\/blogdalucianaoliveira.com.br\/blog\/wp-content\/uploads\/2020\/03\/image-50.jpeg?resize=600%2C374\" alt=\"\" class=\"wp-image-26967\" srcset=\"https:\/\/i0.wp.com\/blogdalucianaoliveira.com.br\/blog\/wp-content\/uploads\/2020\/03\/image-50.jpeg?w=610 610w, https:\/\/i0.wp.com\/blogdalucianaoliveira.com.br\/blog\/wp-content\/uploads\/2020\/03\/image-50.jpeg?resize=300%2C187 300w, https:\/\/i0.wp.com\/blogdalucianaoliveira.com.br\/blog\/wp-content\/uploads\/2020\/03\/image-50.jpeg?resize=482%2C300 482w\" sizes=\"auto, (max-width: 600px) 100vw, 600px\" \/><\/figure>\n\n\n\n<p><strong>Sputinik \u2013&nbsp;<\/strong>Diversos v\u00eddeos nas redes sociais surgiram durante a noite desta ter\u00e7a-feira (17) e registraram os protestos.<\/p>\n\n\n\n<p>As frentes Brasil Popular e Povo Sem Medo, que re\u00fanem centenas de movimentos sociais, sindicatos e partidos pol\u00edticos de oposi\u00e7\u00e3o, tinham marcado um panela\u00e7o para as 20h desta quarta-feira (18), em\u00a0<a rel=\"noreferrer noopener\" href=\"http:\/\/br.sputniknews.com\/brasil\/20200317\/15340770.html\" target=\"_blank\">defesa da sa\u00fade p\u00fablica<\/a>\u00a0e contra emenda constitucional aprovada em 2018 que instituiu o\u00a0<a rel=\"noreferrer noopener\" href=\"http:\/\/br.sputniknews.com\/brasil\/20200317\/15340742.html\" target=\"_blank\">teto de gastos do governo.<\/a><\/p>\n\n\n\n<!--more-->\n\n\n\n<figure class=\"wp-block-embed-twitter wp-block-embed is-type-rich is-provider-twitter\"><div class=\"wp-block-embed__wrapper\">\n<blockquote class=\"twitter-tweet\" data-width=\"550\" data-dnt=\"true\"><p lang=\"pt\" dir=\"ltr\">Panela\u00e7o contra <a href=\"https:\/\/twitter.com\/jairbolsonaro?ref_src=twsrc%5Etfw\">@jairbolsonaro<\/a> em S\u00e3o Paulo. 15o m\u00eas de governo. <a href=\"https:\/\/t.co\/ZnWsoNUdsc\">pic.twitter.com\/ZnWsoNUdsc<\/a><\/p>&mdash; Guilherme Amado (@guilherme_amado) <a href=\"https:\/\/twitter.com\/guilherme_amado\/status\/1240083648206028807?ref_src=twsrc%5Etfw\">March 18, 2020<\/a><\/blockquote><script async src=\"https:\/\/platform.twitter.com\/widgets.js\" charset=\"utf-8\"><\/script>\n<\/div><\/figure>\n\n\n\n<p>Segundo uma\u00a0<a rel=\"noreferrer noopener\" href=\"https:\/\/politica.estadao.com.br\/noticias\/geral,panelacos-contra-bolsonaro-sao-registrados-em-sao-paulo,70003237466\" target=\"_blank\">reportagem<\/a>\u00a0do jornal O Estado de S.Paulo, o panela\u00e7o foi realizado em ao menos nove bairros de S\u00e3o Paulo: Bela Vista, Barra Funda, Campos El\u00edseos, Consola\u00e7\u00e3o, Higien\u00f3polis, Jardins, Perdizes, Pinheiros, Pomp\u00e9ia, Pra\u00e7a Roosevelt, Santa Cec\u00edlia, Vila Madalena e Vila Romana.<\/p>\n\n\n\n<figure class=\"wp-block-embed-twitter wp-block-embed is-type-rich is-provider-twitter\"><div class=\"wp-block-embed__wrapper\">\n<blockquote class=\"twitter-tweet\" data-width=\"550\" data-dnt=\"true\"><p lang=\"pt\" dir=\"ltr\">AGORA: Panela\u00e7o em S\u00e3o Paulo contra Bolsonaro. Amanh\u00e3 \u00e9 em todo o Brasil! <a href=\"https:\/\/twitter.com\/hashtag\/PovoSemMedo?src=hash&amp;ref_src=twsrc%5Etfw\">#PovoSemMedo<\/a> <a href=\"https:\/\/t.co\/N1SD0F3MQX\">pic.twitter.com\/N1SD0F3MQX<\/a><\/p>&mdash; Guilherme Boulos (@GuilhermeBoulos) <a href=\"https:\/\/twitter.com\/GuilhermeBoulos\/status\/1240082999737229318?ref_src=twsrc%5Etfw\">March 18, 2020<\/a><\/blockquote><script async src=\"https:\/\/platform.twitter.com\/widgets.js\" charset=\"utf-8\"><\/script>\n<\/div><\/figure>\n\n\n\n<p>No Rio de Janeiro, panela\u00e7os foram\u00a0<a rel=\"noreferrer noopener\" href=\"http:\/\/br.sputniknews.com\/brasil\/20200317\/15340535.html\" target=\"_blank\">ouvidos em diversos locais<\/a>\u00a0como Copacabana, Laranjeiras, Humait\u00e1, Botafogo e Leme.<\/p>\n\n\n\n<figure class=\"wp-block-embed-twitter wp-block-embed is-type-rich is-provider-twitter\"><div class=\"wp-block-embed__wrapper\">\n<blockquote class=\"twitter-tweet\" data-width=\"550\" data-dnt=\"true\"><p lang=\"pt\" dir=\"ltr\">Panela\u00e7o e gritos de \u201cFora Bolsonaro\u201d agora aqui em Copacabana.<br><br>O povo n\u00e3o aguenta mais! <a href=\"https:\/\/t.co\/4ZwCjCfFwV\">pic.twitter.com\/4ZwCjCfFwV<\/a><\/p>&mdash; Gui Cohen (@guicohenrio) <a href=\"https:\/\/twitter.com\/guicohenrio\/status\/1240057769073545219?ref_src=twsrc%5Etfw\">March 17, 2020<\/a><\/blockquote><script async src=\"https:\/\/platform.twitter.com\/widgets.js\" charset=\"utf-8\"><\/script>\n<\/div><\/figure>\n\n\n\n<p>V\u00eddeos tamb\u00e9m mostraram panela\u00e7os na capital ga\u00facha, Porto Alegre.<\/p>\n\n\n\n<figure class=\"wp-block-embed-twitter wp-block-embed is-type-rich is-provider-twitter\"><div class=\"wp-block-embed__wrapper\">\n<blockquote class=\"twitter-tweet\" data-width=\"550\" data-dnt=\"true\"><p lang=\"pt\" dir=\"ltr\">17 de mar\u00e7o de 2020: No centro de Porto Alegre ecoa <a href=\"https:\/\/twitter.com\/hashtag\/panela%C3%A7o?src=hash&amp;ref_src=twsrc%5Etfw\">#panela\u00e7o<\/a> <a href=\"https:\/\/twitter.com\/hashtag\/ForaBolsonaro?src=hash&amp;ref_src=twsrc%5Etfw\">#ForaBolsonaro<\/a> <a href=\"https:\/\/t.co\/Ve3Zl99jfE\">pic.twitter.com\/Ve3Zl99jfE<\/a><\/p>&mdash; Karen Couto (@kascouto) <a href=\"https:\/\/twitter.com\/kascouto\/status\/1240080178845491202?ref_src=twsrc%5Etfw\">March 18, 2020<\/a><\/blockquote><script async src=\"https:\/\/platform.twitter.com\/widgets.js\" charset=\"utf-8\"><\/script>\n<\/div><\/figure>\n\n\n\n<p>Nesta ter\u00e7a-feira (17), o primeiro\u00a0<a rel=\"noreferrer noopener\" href=\"http:\/\/br.sputniknews.com\/brasil\/20200317\/15339005.html\" target=\"_blank\">pedido de impeachment<\/a>\u00a0contra o presidente brasileiro, Jair Bolsonaro, foi protocolado em Bras\u00edlia pelo deputado distrital Leandro Grass (Rede-DF).<\/p>\n","protected":false},"excerpt":{"rendered":"<p>Sputinik \u2013&nbsp;Diversos v\u00eddeos nas redes sociais surgiram durante a noite desta ter\u00e7a-feira (17) e registraram os protestos. As frentes Brasil Popular e Povo Sem Medo, que re\u00fanem centenas de movimentos sociais, sindicatos e partidos pol\u00edticos de oposi\u00e7\u00e3o, tinham marcado um panela\u00e7o para as 20h desta quarta-feira (18), em\u00a0defesa da sa\u00fade p\u00fablica\u00a0e contra emenda constitucional aprovada&#8230;<a class=\"more-link\" href=\"http:\/\/blogdalucianaoliveira.com.br\/blog\/2020\/03\/18\/panelacos-em-todo-o-brasil-revelam-que-ninguem-aguenta-mais-bolsonaro\/\">Continue a leitura <span class=\"meta-nav\">&raquo;<\/span><\/a><\/p>\n","protected":false},"author":1,"featured_media":0,"comment_status":"closed","ping_status":"open","sticky":false,"template":"","format":"standard","meta":{"_exactmetrics_skip_tracking":false,"_exactmetrics_sitenote_active":false,"_exactmetrics_sitenote_note":"","_exactmetrics_sitenote_category":0,"jetpack_post_was_ever_published":false,"_jetpack_newsletter_access":"","_jetpack_dont_email_post_to_subs":false,"_jetpack_newsletter_tier_id":0,"_jetpack_memberships_contains_paywalled_content":false,"_jetpack_memberships_contains_paid_content":false,"footnotes":"","jetpack_publicize_message":"","jetpack_publicize_feature_enabled":true,"jetpack_social_post_already_shared":true,"jetpack_social_options":{"image_generator_settings":{"template":"highway","enabled":false},"version":2}},"categories":[1],"tags":[],"class_list":["post-26966","post","type-post","status-publish","format-standard","hentry","category-notas"],"jetpack_publicize_connections":[],"jetpack_sharing_enabled":true,"jetpack_featured_media_url":"","jetpack_shortlink":"https:\/\/wp.me\/p7wKYW-70W","jetpack-related-posts":[],"_links":{"self":[{"href":"http:\/\/blogdalucianaoliveira.com.br\/blog\/wp-json\/wp\/v2\/posts\/26966","targetHints":{"allow":["GET"]}}],"collection":[{"href":"http:\/\/blogdalucianaoliveira.com.br\/blog\/wp-json\/wp\/v2\/posts"}],"about":[{"href":"http:\/\/blogdalucianaoliveira.com.br\/blog\/wp-json\/wp\/v2\/types\/post"}],"author":[{"embeddable":true,"href":"http:\/\/blogdalucianaoliveira.com.br\/blog\/wp-json\/wp\/v2\/users\/1"}],"replies":[{"embeddable":true,"href":"http:\/\/blogdalucianaoliveira.com.br\/blog\/wp-json\/wp\/v2\/comments?post=26966"}],"version-history":[{"count":1,"href":"http:\/\/blogdalucianaoliveira.com.br\/blog\/wp-json\/wp\/v2\/posts\/26966\/revisions"}],"predecessor-version":[{"id":26968,"href":"http:\/\/blogdalucianaoliveira.com.br\/blog\/wp-json\/wp\/v2\/posts\/26966\/revisions\/26968"}],"wp:attachment":[{"href":"http:\/\/blogdalucianaoliveira.com.br\/blog\/wp-json\/wp\/v2\/media?parent=26966"}],"wp:term":[{"taxonomy":"category","embeddable":true,"href":"http:\/\/blogdalucianaoliveira.com.br\/blog\/wp-json\/wp\/v2\/categories?post=26966"},{"taxonomy":"post_tag","embeddable":true,"href":"http:\/\/blogdalucianaoliveira.com.br\/blog\/wp-json\/wp\/v2\/tags?post=26966"}],"curies":[{"name":"wp","href":"https:\/\/api.w.org\/{rel}","templated":true}]}}