{"id":26969,"date":"2020-03-18T11:18:38","date_gmt":"2020-03-18T15:18:38","guid":{"rendered":"http:\/\/blogdalucianaoliveira.com.br\/blog\/?p=26969"},"modified":"2020-03-18T11:18:50","modified_gmt":"2020-03-18T15:18:50","slug":"saiba-quais-sao-as-recomendacoes-para-o-uso-de-alcool-em-gel-e-liquido","status":"publish","type":"post","link":"http:\/\/blogdalucianaoliveira.com.br\/blog\/2020\/03\/18\/saiba-quais-sao-as-recomendacoes-para-o-uso-de-alcool-em-gel-e-liquido\/","title":{"rendered":"Saiba quais s\u00e3o as recomenda\u00e7\u00f5es para o uso de \u00e1lcool em gel e l\u00edquido"},"content":{"rendered":"\n<figure class=\"wp-block-image\"><img data-recalc-dims=\"1\" decoding=\"async\" src=\"https:\/\/i0.wp.com\/ogimg.infoglobo.com.br\/in\/24302443-172-580\/FT1086A\/652\/xalcool-gel-coronavirus.jpg.pagespeed.ic.l2iGehyZWV.jpg?w=600&#038;ssl=1\" alt=\"Resultado de imagem para alcool gel coronav\u00edrus\"\/><\/figure>\n\n\n\n<p>Falta dos produtos tamb\u00e9m motiva pessoas a fazerem \u00e1lcool em gel caseiro, o que n\u00e3o \u00e9 recomendado por especialistas.<\/p>\n\n\n\n<!--more-->\n\n\n\n<p> Renata Okumura, O Estado de S.Paulo<\/p>\n\n\n\n<p><br>O avan\u00e7o do\u00a0<a href=\"https:\/\/www.estadao.com.br\/infograficos\/brasil,coronavirus-veja-o-que-ja-se-sabe-sobre-a-doenca,1070017\"><strong>novo coronav\u00edrus<\/strong><\/a>\u00a0no Brasil tem provocado a falta de\u00a0<strong>\u00e1lcool em gel<\/strong>\u00a0nas prateleiras de supermercados e farm\u00e1cias. Diante desse cen\u00e1rio, pessoas se questionam se o uso do\u00a0<strong>\u00e1lcool l\u00edquido<\/strong>\u00a0ou\u00a0<strong>\u00e1lcool em gel caseiro<\/strong>\u00a0tamb\u00e9m funcionaria\u00a0de forma eficaz contra a\u00a0<strong>covid-19<\/strong>.<\/p>\n\n\n\n<figure class=\"wp-block-image\"><img data-recalc-dims=\"1\" decoding=\"async\" src=\"https:\/\/i0.wp.com\/img.estadao.com.br\/resources\/jpg\/4\/5\/1525541572454.jpg?w=600&#038;ssl=1\" alt=\"Lavar as m\u00e3os\"\/><\/figure>\n\n\n\n<p>Especialistas alertam que o uso do \u00e1lcool l\u00edquido deve ser feito apenas se a pessoa n\u00e3o tiver \u00e1gua e sab\u00e3o por perto. A\u00a0<a rel=\"noreferrer noopener\" href=\"https:\/\/www.estadao.com.br\/infograficos\/brasil,contra-o-coronavirus-aprenda-a-lavar-as-maos,1079550\" target=\"_blank\"><strong>lavagem correta das m\u00e3os com \u00e1gua e sab\u00e3o por 20 segundos<\/strong><\/a>\u00a0\u00e9 considerada a melhor forma de preven\u00e7\u00e3o contra essa e outras doen\u00e7as. O \u00e1lcool l\u00edquido at\u00e9 pode ser usado, mas somente em \u00faltimo caso. E os especialistas s\u00e3o categ\u00f3ricos: jamais fa\u00e7a uso de \u00e1lcool em gel caseiro.<\/p>\n\n\n\n<p><strong>Veja as orienta\u00e7\u00f5es dos especialistas<\/strong><\/p>\n\n\n\n<h3 class=\"wp-block-heading\">Quando devo usar \u00e1lcool l\u00edquido comum?<\/h3>\n\n\n\n<p>&#8220;Se voc\u00ea usar sempre para higienizar as m\u00e3os, o&nbsp;<strong>\u00e1lcool l\u00edquido<\/strong>&nbsp;poder\u00e1 rach\u00e1-las e teremos uma porta de entrada para qualquer bact\u00e9ria. Deve ser algo excepcional. A rotina adequada \u00e9 usar \u00e1gua e sab\u00e3o na higieniza\u00e7\u00e3o das m\u00e3os, com paci\u00eancia e de forma adequada, contando at\u00e9 20 segundos, esfregando as unhas, as palmas das m\u00e3os, como um ritual sempre que pegar algo compartilhado. Se n\u00e3o tiver \u00e1gua e sab\u00e3o por perto, a\u00ed sim pode usar \u00e1lcool em gel&#8221;, afirma Lauro Ferreira Pinto Neto, infectologista da Sociedade Brasileira de Infectologia e professor da Santa Casa de Vit\u00f3ria.<\/p>\n\n\n\n<p>O\u00a0<strong>\u00e1lcool l\u00edquido comum<\/strong>\u00a0pode ser usado para a limpeza de superf\u00edcies. &#8220;Em superf\u00edcies n\u00e3o se usa \u00e1lcool gel, porque ele faz uma gosma e n\u00e3o funciona adequadamente. Precisa ser \u00e1lcool l\u00edquido. J\u00e1 o \u00e1lcool em gel foi feito para as m\u00e3os, para proteger e para n\u00e3o ressecar a pele&#8221;, afirma Anna Sara Levin, infectologista respons\u00e1vel pelo controle de infec\u00e7\u00e3o hospitalar da Faculdade de Medicina da Universidade de S\u00e3o Paulo (FMUSP).<\/p>\n\n\n\n<h3 class=\"wp-block-heading\">Qual a efic\u00e1cia do \u00e1lcool em gel?<\/h3>\n\n\n\n<p>Considerado antiss\u00e9ptico, o&nbsp;<strong>\u00e1lcool em gel<\/strong>&nbsp;ajuda a evitar o cont\u00e1gio pelo novo coronav\u00edrus. O recomendado pela Organiza\u00e7\u00e3o Mundial da Sa\u00fade (OMS) \u00e9 pela Anvisa \u00e9 usar solu\u00e7\u00f5es onde h\u00e1 concentra\u00e7\u00e3o de 70% de \u00e1lcool et\u00edlico.<\/p>\n\n\n\n<p>&#8220;\u00c9 um insumo que est\u00e1 acabando nas prateleiras. Precisamos usar com parcim\u00f4nia. Voc\u00ea pode deixar na bolsa ou dentro do carro e usar quando necess\u00e1rio. Somente se n\u00e3o tiver \u00e1gua e sab\u00e3o por perto. Refor\u00e7o ainda que, ap\u00f3s lavar as m\u00e3os com \u00e1gua e sab\u00e3o dentro da etiqueta de 20 segundos, n\u00e3o \u00e9 preciso usar \u00e1lcool em gel na sequ\u00eancia. Pode usar um ou outro. Para evitar a doen\u00e7a, \u00e9 importante tamb\u00e9m n\u00e3o compartilhar objetos pessoais&#8221;, orienta Pinto Neto.<\/p>\n\n\n\n<h3 class=\"wp-block-heading\">Voc\u00ea sabe quais s\u00e3o os riscos do uso de \u00e1lcool em gel caseiro?<\/h3>\n\n\n\n<p>Diante da falta de&nbsp;<strong>\u00e1lcool em gel<\/strong>&nbsp;nas prateleiras e aumento de pre\u00e7os, algumas pessoas recorrem a receitas caseiras. J\u00e1 circulam na internet receitas que recomendam a produ\u00e7\u00e3o do&nbsp;<strong>\u00e1lcool em gel em casa a partir do \u00e1lcool l\u00edquido concentrado<\/strong>. Os especialistas dizem que as pessoas n\u00e3o devem fazer uso desses produtos, pois h\u00e1 riscos.<\/p>\n\n\n\n<p>Segundo o Conselho Federal de Qu\u00edmica (CFQ), quando se utiliza&nbsp;<strong>\u00e1lcool l\u00edquido<\/strong>&nbsp;em elevadas concentra\u00e7\u00f5es, aumenta-se bastante o risco de acidentes que podem provocar inc\u00eandios, queimaduras de grau elevado e irrita\u00e7\u00e3o da pele e mucosas.<\/p>\n\n\n\n<p>&#8220;Al\u00e9m disso, a depender do que se utiliza como espessante, no lugar de eliminar microrganismos pode-se potencializar sua prolifera\u00e7\u00e3o&#8221;, alerta o conselho.<\/p>\n\n\n\n<p>Os especialistas afirmam que os produtos industrializados passam por rigoroso processo de produ\u00e7\u00e3o, onde h\u00e1 padr\u00f5es a serem seguidos, todas as etapas s\u00e3o monitoradas para garantir a qualidade ao consumidor final.<\/p>\n\n\n\n<p>&#8220;Eu n\u00e3o aconselho o uso de&nbsp;<strong>\u00e1lcool caseiro<\/strong>. O ideal \u00e9 usar \u00e1gua e sab\u00e3o para a limpeza das m\u00e3os e o \u00e1lcool em gel comercializado como segunda alternativa de higieniza\u00e7\u00e3o&#8221;, diz o infectologista da Sociedade Brasileira de Infectologia e professor da Santa Casa de Vit\u00f3ria.<\/p>\n","protected":false},"excerpt":{"rendered":"<p>Falta dos produtos tamb\u00e9m motiva pessoas a fazerem \u00e1lcool em gel caseiro, o que n\u00e3o \u00e9 recomendado por especialistas.<\/p>\n","protected":false},"author":1,"featured_media":0,"comment_status":"closed","ping_status":"open","sticky":false,"template":"","format":"standard","meta":{"_exactmetrics_skip_tracking":false,"_exactmetrics_sitenote_active":false,"_exactmetrics_sitenote_note":"","_exactmetrics_sitenote_category":0,"jetpack_post_was_ever_published":false,"_jetpack_newsletter_access":"","_jetpack_dont_email_post_to_subs":false,"_jetpack_newsletter_tier_id":0,"_jetpack_memberships_contains_paywalled_content":false,"_jetpack_memberships_contains_paid_content":false,"footnotes":"","jetpack_publicize_message":"","jetpack_publicize_feature_enabled":true,"jetpack_social_post_already_shared":true,"jetpack_social_options":{"image_generator_settings":{"template":"highway","enabled":false},"version":2}},"categories":[1],"tags":[],"class_list":["post-26969","post","type-post","status-publish","format-standard","hentry","category-notas"],"jetpack_publicize_connections":[],"jetpack_sharing_enabled":true,"jetpack_featured_media_url":"","jetpack_shortlink":"https:\/\/wp.me\/p7wKYW-70Z","jetpack-related-posts":[],"_links":{"self":[{"href":"http:\/\/blogdalucianaoliveira.com.br\/blog\/wp-json\/wp\/v2\/posts\/26969","targetHints":{"allow":["GET"]}}],"collection":[{"href":"http:\/\/blogdalucianaoliveira.com.br\/blog\/wp-json\/wp\/v2\/posts"}],"about":[{"href":"http:\/\/blogdalucianaoliveira.com.br\/blog\/wp-json\/wp\/v2\/types\/post"}],"author":[{"embeddable":true,"href":"http:\/\/blogdalucianaoliveira.com.br\/blog\/wp-json\/wp\/v2\/users\/1"}],"replies":[{"embeddable":true,"href":"http:\/\/blogdalucianaoliveira.com.br\/blog\/wp-json\/wp\/v2\/comments?post=26969"}],"version-history":[{"count":1,"href":"http:\/\/blogdalucianaoliveira.com.br\/blog\/wp-json\/wp\/v2\/posts\/26969\/revisions"}],"predecessor-version":[{"id":26970,"href":"http:\/\/blogdalucianaoliveira.com.br\/blog\/wp-json\/wp\/v2\/posts\/26969\/revisions\/26970"}],"wp:attachment":[{"href":"http:\/\/blogdalucianaoliveira.com.br\/blog\/wp-json\/wp\/v2\/media?parent=26969"}],"wp:term":[{"taxonomy":"category","embeddable":true,"href":"http:\/\/blogdalucianaoliveira.com.br\/blog\/wp-json\/wp\/v2\/categories?post=26969"},{"taxonomy":"post_tag","embeddable":true,"href":"http:\/\/blogdalucianaoliveira.com.br\/blog\/wp-json\/wp\/v2\/tags?post=26969"}],"curies":[{"name":"wp","href":"https:\/\/api.w.org\/{rel}","templated":true}]}}