{"id":26971,"date":"2020-03-18T11:26:18","date_gmt":"2020-03-18T15:26:18","guid":{"rendered":"http:\/\/blogdalucianaoliveira.com.br\/blog\/?p=26971"},"modified":"2020-03-18T11:26:26","modified_gmt":"2020-03-18T15:26:26","slug":"italianos-alertam-brasileiros-nao-subestimem-o-coronavirus-video","status":"publish","type":"post","link":"http:\/\/blogdalucianaoliveira.com.br\/blog\/2020\/03\/18\/italianos-alertam-brasileiros-nao-subestimem-o-coronavirus-video\/","title":{"rendered":"Italianos alertam brasileiros: n\u00e3o subestimem o coronav\u00edrus (V\u00cdDEO)"},"content":{"rendered":"\n<figure class=\"wp-block-image\"><img data-recalc-dims=\"1\" decoding=\"async\" src=\"https:\/\/i0.wp.com\/publisher-publish.s3.eu-central-1.amazonaws.com\/pb-brasil247\/swp\/jtjeq9\/media\/20200318100336_8274c9c3513ae5c6b7fd0485e6cf7ed855acb29b35712b3ed49d1194e23798f7.jpeg?w=600&#038;ssl=1\" alt=\"\"\/><\/figure>\n\n\n\n<p><strong>247 &#8211;<\/strong>&nbsp;A It\u00e1lia registou, nesta ter\u00e7a-feira (17), mais de 2.500 mortes pelo novo coronav\u00edrus, e 26 mil casos confirmados. Desde o in\u00edcio da crise, s\u00e3o pouco mais de 31 mil infectados com o Covid-19, entre mortos e curados. A informa\u00e7\u00e3o \u00e9 do&nbsp;<a target=\"_blank\" href=\"https:\/\/noticias.uol.com.br\/internacional\/ultimas-noticias\/2020\/03\/17\/mortes-coronavirus-italia.htm\" rel=\"noreferrer noopener\">portal UOL<\/a>. &nbsp;&nbsp;<\/p>\n\n\n\n<!--more-->\n\n\n\n<p>J\u00e1 reportagem da&nbsp;<a target=\"_blank\" href=\"https:\/\/www1.folha.uol.com.br\/equilibrioesaude\/2020\/03\/vigesimo-dia-de-coronavirus-no-brasil-e-pior-que-o-da-italia.shtml\" rel=\"noreferrer noopener\">Folha de S\u00e3o Paulo<\/a>&nbsp;relata que o pa\u00eds europeu contabilizou, vinte dias ap\u00f3s o primeiro diagn\u00f3stico de Covid-19, apenas 3 casos confirmados do novo coronav\u00edrus. No Brasil, considerando um per\u00edodo proporcional, mais de 290 pessoas foram infectadas.&nbsp;<\/p>\n\n\n\n<p>Um compilado de grava\u00e7\u00f5es de avisos de italianos sobre o coronav\u00edrus ganhou bastante repercuss\u00e3o nas redes. \u00a0<br><\/p>\n\n\n\n<div class=\"fb-video\" data-allowfullscreen=\"true\" data-href=\"https:\/\/www.facebook.com\/Brasil247\/videos\/220565659143712\/\"><\/div>\n","protected":false},"excerpt":{"rendered":"<p>247 &#8211;&nbsp;A It\u00e1lia registou, nesta ter\u00e7a-feira (17), mais de 2.500 mortes pelo novo coronav\u00edrus, e 26 mil casos confirmados. Desde o in\u00edcio da crise, s\u00e3o pouco mais de 31 mil infectados com o Covid-19, entre mortos e curados. A informa\u00e7\u00e3o \u00e9 do&nbsp;portal UOL. &nbsp;&nbsp;<\/p>\n","protected":false},"author":1,"featured_media":0,"comment_status":"closed","ping_status":"open","sticky":false,"template":"","format":"standard","meta":{"_exactmetrics_skip_tracking":false,"_exactmetrics_sitenote_active":false,"_exactmetrics_sitenote_note":"","_exactmetrics_sitenote_category":0,"jetpack_post_was_ever_published":false,"_jetpack_newsletter_access":"","_jetpack_dont_email_post_to_subs":false,"_jetpack_newsletter_tier_id":0,"_jetpack_memberships_contains_paywalled_content":false,"_jetpack_memberships_contains_paid_content":false,"footnotes":"","jetpack_publicize_message":"","jetpack_publicize_feature_enabled":true,"jetpack_social_post_already_shared":true,"jetpack_social_options":{"image_generator_settings":{"template":"highway","enabled":false},"version":2}},"categories":[1],"tags":[],"class_list":["post-26971","post","type-post","status-publish","format-standard","hentry","category-notas"],"jetpack_publicize_connections":[],"jetpack_sharing_enabled":true,"jetpack_featured_media_url":"","jetpack_shortlink":"https:\/\/wp.me\/p7wKYW-711","jetpack-related-posts":[],"_links":{"self":[{"href":"http:\/\/blogdalucianaoliveira.com.br\/blog\/wp-json\/wp\/v2\/posts\/26971","targetHints":{"allow":["GET"]}}],"collection":[{"href":"http:\/\/blogdalucianaoliveira.com.br\/blog\/wp-json\/wp\/v2\/posts"}],"about":[{"href":"http:\/\/blogdalucianaoliveira.com.br\/blog\/wp-json\/wp\/v2\/types\/post"}],"author":[{"embeddable":true,"href":"http:\/\/blogdalucianaoliveira.com.br\/blog\/wp-json\/wp\/v2\/users\/1"}],"replies":[{"embeddable":true,"href":"http:\/\/blogdalucianaoliveira.com.br\/blog\/wp-json\/wp\/v2\/comments?post=26971"}],"version-history":[{"count":2,"href":"http:\/\/blogdalucianaoliveira.com.br\/blog\/wp-json\/wp\/v2\/posts\/26971\/revisions"}],"predecessor-version":[{"id":26973,"href":"http:\/\/blogdalucianaoliveira.com.br\/blog\/wp-json\/wp\/v2\/posts\/26971\/revisions\/26973"}],"wp:attachment":[{"href":"http:\/\/blogdalucianaoliveira.com.br\/blog\/wp-json\/wp\/v2\/media?parent=26971"}],"wp:term":[{"taxonomy":"category","embeddable":true,"href":"http:\/\/blogdalucianaoliveira.com.br\/blog\/wp-json\/wp\/v2\/categories?post=26971"},{"taxonomy":"post_tag","embeddable":true,"href":"http:\/\/blogdalucianaoliveira.com.br\/blog\/wp-json\/wp\/v2\/tags?post=26971"}],"curies":[{"name":"wp","href":"https:\/\/api.w.org\/{rel}","templated":true}]}}