{"id":26974,"date":"2020-03-18T11:33:19","date_gmt":"2020-03-18T15:33:19","guid":{"rendered":"http:\/\/blogdalucianaoliveira.com.br\/blog\/?p=26974"},"modified":"2020-03-18T11:33:30","modified_gmt":"2020-03-18T15:33:30","slug":"adnet-destroi-bolsonaro-e-a-estupidez-bolsonarista","status":"publish","type":"post","link":"http:\/\/blogdalucianaoliveira.com.br\/blog\/2020\/03\/18\/adnet-destroi-bolsonaro-e-a-estupidez-bolsonarista\/","title":{"rendered":"Adnet destr\u00f3i Bolsonaro e a estupidez bolsonarista"},"content":{"rendered":"\n<figure class=\"wp-block-image\"><img data-recalc-dims=\"1\" decoding=\"async\" src=\"https:\/\/i0.wp.com\/publisher-publish.s3.eu-central-1.amazonaws.com\/pb-brasil247\/swp\/jtjeq9\/media\/20200318090340_78fbda12c590e5864ab9fe788e8a4cc03cfbbb1e6e5767e5025ef01be71c5152.jpeg?w=600&#038;ssl=1\" alt=\"\"\/><\/figure>\n\n\n\n<p><strong>247<\/strong>\u00a0&#8211; O ator Marcelo Adnet demonstrou a falta de governabilidade de Jair Bolsonaro, que deixa claro n\u00e3o saber apontar alternativas diante dos casos de coronav\u00edrus no Pa\u00eds, bem como das crises na pol\u00edtica, na economia, na cultura e nos servi\u00e7os p\u00fablicos.\u00a0 <\/p>\n\n\n\n<p>&#8220;Queda do preg\u00e3o e o d\u00f3lar sobe todo m\u00eas&#8221;, diz o humorista. &#8220;Educa\u00e7\u00e3o t\u00e1 ok, sa\u00fade t\u00e1 ok&#8221;, ironiza. &#8220;Cultura t\u00e1 ok. O \u2018pum\u2019 do palha\u00e7o vai virar o seu cach\u00ea&#8221;.\u00a0<\/p>\n\n\n\n<!--more-->\n\n\n\n<p>&#8220;Se o PIB n\u00e3o cresce vou me preocupar pra qu\u00ea? A culpa \u00e9 das not\u00edcias dos jornais e da TVs. O Congresso um dia vai aprender a obedecer \u00e0s minhas leis. Estamos tranquil\u00e3o para o desespero de voc\u00eas&#8221;.\u00a0<\/p>\n\n\n\n<div class=\"fb-video\" data-allowfullscreen=\"true\" data-href=\"https:\/\/www.facebook.com\/Brasil247\/videos\/214668403232170\/\"><\/div>\n\n\n\n<p><br><\/p>\n","protected":false},"excerpt":{"rendered":"<p>247\u00a0&#8211; O ator Marcelo Adnet demonstrou a falta de governabilidade de Jair Bolsonaro, que deixa claro n\u00e3o saber apontar alternativas diante dos casos de coronav\u00edrus no Pa\u00eds, bem como das crises na pol\u00edtica, na economia, na cultura e nos servi\u00e7os p\u00fablicos.\u00a0 &#8220;Queda do preg\u00e3o e o d\u00f3lar sobe todo m\u00eas&#8221;, diz o humorista. &#8220;Educa\u00e7\u00e3o t\u00e1&#8230;<a class=\"more-link\" href=\"http:\/\/blogdalucianaoliveira.com.br\/blog\/2020\/03\/18\/adnet-destroi-bolsonaro-e-a-estupidez-bolsonarista\/\">Continue a leitura <span class=\"meta-nav\">&raquo;<\/span><\/a><\/p>\n","protected":false},"author":1,"featured_media":0,"comment_status":"closed","ping_status":"open","sticky":false,"template":"","format":"standard","meta":{"_exactmetrics_skip_tracking":false,"_exactmetrics_sitenote_active":false,"_exactmetrics_sitenote_note":"","_exactmetrics_sitenote_category":0,"jetpack_post_was_ever_published":false,"_jetpack_newsletter_access":"","_jetpack_dont_email_post_to_subs":false,"_jetpack_newsletter_tier_id":0,"_jetpack_memberships_contains_paywalled_content":false,"_jetpack_memberships_contains_paid_content":false,"footnotes":"","jetpack_publicize_message":"","jetpack_publicize_feature_enabled":true,"jetpack_social_post_already_shared":true,"jetpack_social_options":{"image_generator_settings":{"template":"highway","enabled":false},"version":2}},"categories":[1],"tags":[],"class_list":["post-26974","post","type-post","status-publish","format-standard","hentry","category-notas"],"jetpack_publicize_connections":[],"jetpack_sharing_enabled":true,"jetpack_featured_media_url":"","jetpack_shortlink":"https:\/\/wp.me\/p7wKYW-714","jetpack-related-posts":[],"_links":{"self":[{"href":"http:\/\/blogdalucianaoliveira.com.br\/blog\/wp-json\/wp\/v2\/posts\/26974","targetHints":{"allow":["GET"]}}],"collection":[{"href":"http:\/\/blogdalucianaoliveira.com.br\/blog\/wp-json\/wp\/v2\/posts"}],"about":[{"href":"http:\/\/blogdalucianaoliveira.com.br\/blog\/wp-json\/wp\/v2\/types\/post"}],"author":[{"embeddable":true,"href":"http:\/\/blogdalucianaoliveira.com.br\/blog\/wp-json\/wp\/v2\/users\/1"}],"replies":[{"embeddable":true,"href":"http:\/\/blogdalucianaoliveira.com.br\/blog\/wp-json\/wp\/v2\/comments?post=26974"}],"version-history":[{"count":1,"href":"http:\/\/blogdalucianaoliveira.com.br\/blog\/wp-json\/wp\/v2\/posts\/26974\/revisions"}],"predecessor-version":[{"id":26975,"href":"http:\/\/blogdalucianaoliveira.com.br\/blog\/wp-json\/wp\/v2\/posts\/26974\/revisions\/26975"}],"wp:attachment":[{"href":"http:\/\/blogdalucianaoliveira.com.br\/blog\/wp-json\/wp\/v2\/media?parent=26974"}],"wp:term":[{"taxonomy":"category","embeddable":true,"href":"http:\/\/blogdalucianaoliveira.com.br\/blog\/wp-json\/wp\/v2\/categories?post=26974"},{"taxonomy":"post_tag","embeddable":true,"href":"http:\/\/blogdalucianaoliveira.com.br\/blog\/wp-json\/wp\/v2\/tags?post=26974"}],"curies":[{"name":"wp","href":"https:\/\/api.w.org\/{rel}","templated":true}]}}