{"id":26982,"date":"2020-03-18T18:00:47","date_gmt":"2020-03-18T22:00:47","guid":{"rendered":"http:\/\/blogdalucianaoliveira.com.br\/blog\/?p=26982"},"modified":"2020-03-18T18:00:58","modified_gmt":"2020-03-18T22:00:58","slug":"bolsonaro-e-mandetta-ignoram-recomendacao-de-uso-de-mascara-contra-coronavirus","status":"publish","type":"post","link":"http:\/\/blogdalucianaoliveira.com.br\/blog\/2020\/03\/18\/bolsonaro-e-mandetta-ignoram-recomendacao-de-uso-de-mascara-contra-coronavirus\/","title":{"rendered":"Bolsonaro e Mandetta ignoram recomenda\u00e7\u00e3o de uso de m\u00e1scara contra coronav\u00edrus"},"content":{"rendered":"\n<figure class=\"wp-block-image size-large\"><img data-recalc-dims=\"1\" loading=\"lazy\" decoding=\"async\" width=\"600\" height=\"400\" data-attachment-id=\"26983\" data-permalink=\"http:\/\/blogdalucianaoliveira.com.br\/blog\/2020\/03\/18\/bolsonaro-e-mandetta-ignoram-recomendacao-de-uso-de-mascara-contra-coronavirus\/image-51-4\/\" data-orig-file=\"https:\/\/i0.wp.com\/blogdalucianaoliveira.com.br\/blog\/wp-content\/uploads\/2020\/03\/image-51.jpeg?fit=1024%2C683\" data-orig-size=\"1024,683\" data-comments-opened=\"0\" data-image-meta=\"{&quot;aperture&quot;:&quot;0&quot;,&quot;credit&quot;:&quot;&quot;,&quot;camera&quot;:&quot;&quot;,&quot;caption&quot;:&quot;&quot;,&quot;created_timestamp&quot;:&quot;0&quot;,&quot;copyright&quot;:&quot;&quot;,&quot;focal_length&quot;:&quot;0&quot;,&quot;iso&quot;:&quot;0&quot;,&quot;shutter_speed&quot;:&quot;0&quot;,&quot;title&quot;:&quot;&quot;,&quot;orientation&quot;:&quot;0&quot;}\" data-image-title=\"image-51\" data-image-description=\"\" data-image-caption=\"\" data-medium-file=\"https:\/\/i0.wp.com\/blogdalucianaoliveira.com.br\/blog\/wp-content\/uploads\/2020\/03\/image-51.jpeg?fit=300%2C200\" data-large-file=\"https:\/\/i0.wp.com\/blogdalucianaoliveira.com.br\/blog\/wp-content\/uploads\/2020\/03\/image-51.jpeg?fit=600%2C400\" src=\"https:\/\/i0.wp.com\/blogdalucianaoliveira.com.br\/blog\/wp-content\/uploads\/2020\/03\/image-51.jpeg?resize=600%2C400\" alt=\"\" class=\"wp-image-26983\" srcset=\"https:\/\/i0.wp.com\/blogdalucianaoliveira.com.br\/blog\/wp-content\/uploads\/2020\/03\/image-51.jpeg?w=1024 1024w, https:\/\/i0.wp.com\/blogdalucianaoliveira.com.br\/blog\/wp-content\/uploads\/2020\/03\/image-51.jpeg?resize=300%2C200 300w, https:\/\/i0.wp.com\/blogdalucianaoliveira.com.br\/blog\/wp-content\/uploads\/2020\/03\/image-51.jpeg?resize=768%2C512 768w, https:\/\/i0.wp.com\/blogdalucianaoliveira.com.br\/blog\/wp-content\/uploads\/2020\/03\/image-51.jpeg?resize=450%2C300 450w\" sizes=\"auto, (max-width: 600px) 100vw, 600px\" \/><\/figure>\n\n\n\n<p>Autoridades tocaram no item e o tiraram para falar, al\u00e9m de quebrarem protocolo de isolamento ap\u00f3s contato com doente.<\/p>\n\n\n\n<!--more-->\n\n\n\n<p><strong><a href=\"https:\/\/www1.folha.uol.com.br\/autores\/phillippe-watanabe.shtml\">Phillippe Watanabe<\/a><\/strong><br>FSP<\/p>\n\n\n\n<p>O presidente Jair Bolsonaro (sem partido) e o ministro da Sa\u00fade, Luiz Henrique Mandetta, quebraram os protocolos sanit\u00e1rios estabelecidos pelo pr\u00f3prio Minist\u00e9rio da Sa\u00fade e por \u00f3rg\u00e3os internacionais de sa\u00fade quanto ao uso de m\u00e1scaras contra o&nbsp;<a href=\"https:\/\/www1.folha.uol.com.br\/equilibrioesaude\/2020\/01\/veja-o-que-se-sabe-ate-agora-sobre-o-coronavirus-chines.shtml\">novo coronav\u00edrus<\/a>.<\/p>\n\n\n\n<p><a href=\"https:\/\/www1.folha.uol.com.br\/poder\/2020\/03\/de-mascara-bolsonaro-anuncia-mais-um-ministro-infectado-pelo-coronavirus.shtml\">Durante coletiva de imprensa, nesta quarta (18)<\/a>, Bolsonaro e Mandetta, conforme iam falar ao microfone, tiravam a m\u00e1scara. Sergio Moro (justi\u00e7a), Paulo Guedes (economia), Fernando Azevedo e Silva (defesa) e Tarc\u00edsio de Freitas (infraestrutura) foram outros que tamb\u00e9m tiraram a m\u00e1scara para se dirigir aos jornalistas.<\/p>\n\n\n\n<p>A indica\u00e7\u00e3o \u00e9 que usem m\u00e1scaras somente pessoas que est\u00e3o com sintomas ou que est\u00e3o no mesmo ambiente de pessoas doentes.<\/p>\n\n\n\n<p>A rep\u00f3rter da Rede Globo Delis Ortiz, sem m\u00e1scara, chegou a perguntar o motivo da presen\u00e7a do equipamento prote\u00e7\u00e3o no rosto de todas as autoridades presentes coletiva. Bolsonaro tergiversou e falou que n\u00e3o descumpre &#8220;qualquer orienta\u00e7\u00e3o sanit\u00e1ria por parte do senhor ministro da sa\u00fade&#8221;. &#8220;Eu dou o exemplo&#8221;, afirmou o presidente, referindo-se \u00e0 sua participa\u00e7\u00e3o das manifesta\u00e7\u00f5es de domingo favor\u00e1veis ao governo.<\/p>\n\n\n\n<p>Em seguida, o ministro da Sa\u00fade disse que todas as autoridades estavam com m\u00e1scara porque tiveram contato com o general Augusto Heleno (ministro-chefe do Gabinete de Seguran\u00e7a Institucional),&nbsp;<a href=\"https:\/\/www1.folha.uol.com.br\/poder\/2020\/03\/ministro-de-bolsonaro-general-heleno-diz-que-esta-com-coronavirus.shtml\">que teve diagn\u00f3stico confirmado de Covid-19.<\/a>&nbsp;O ministro de Minas e Energia, Bento Albuquerque, tamb\u00e9m contraiu o v\u00edrus.<\/p>\n\n\n\n<p>&#8220;Faz parte voc\u00ea proteger a cadeia de comando. Todos aqui, nas \u00faltimas 48 horas, tivemos trabalho em mesas ao lado do nosso querido general Heleno, um elemento de coes\u00e3o para todos os minist\u00e9rios&#8221;, afirmou Mandetta, que comparou o uso da m\u00e1scara por toda a equipe ali presente com a utiliza\u00e7\u00e3o por m\u00e9dicos. &#8220;O uso dessa m\u00e1scara n\u00e3o \u00e9 nada fora do que \u00e9 planejado pela sa\u00fade.&#8221;<\/p>\n\n\n\n<p>O ministro da sa\u00fade disse ainda que a medida era tamb\u00e9m uma forma de proteger os jornalistas presentes na coletiva. Para fazer as perguntas, somente um microfone era utilizado por todos os rep\u00f3rteres presentes.<\/p>\n\n\n\n<p>Mandetta defendeu a retirada da m\u00e1scara ao falar e disse que, por todos em volta estarem protegidos, o risco seria menor.<\/p>\n\n\n\n<p>As orienta\u00e7\u00f5es das autoridades de sa\u00fade \u00e9 que as pessoas evitem aglomera\u00e7\u00f5es e que, caso tenham contato com algum caso confirmado de Covid-19, fiquem em observa\u00e7\u00e3o e isolamento domiciliar.<\/p>\n\n\n\n<p>Mandetta disse ainda que Bolsonaro, em voo recente, n\u00e3o estava sentado pr\u00f3ximo ao general Heleno.<\/p>\n\n\n\n<p>&#8220;Estarem todos de m\u00e1scara significa que algu\u00e9m daquela mesa est\u00e1 doente? Se est\u00e1 doente n\u00e3o deveria estar ali&#8221;, afirma Maur\u00edcio Nogueira, virologista e professor da Faculdade de Medicina de S\u00e3o Jos\u00e9 do Rio Preto.<\/p>\n\n\n\n<p>Segundo o virologista, al\u00e9m do discurso oficial de preven\u00e7\u00e3o contra o novo coronav\u00edrus, as autoridades devem observar os exemplos que d\u00e3o. &#8220;A mensagem de um agente p\u00fablico n\u00e3o respeitando os protocolos de sa\u00fade acaba diminuindo a mensagem falada de preocupa\u00e7\u00e3o com a doen\u00e7a&#8221;, afirmou.<\/p>\n\n\n\n<p>Em alguns partes do mundo, houve falta de m\u00e1scaras para uso de profissionais de sa\u00fade. Nesta quarta,&nbsp;<a href=\"https:\/\/aovivo.folha.uol.com.br\/equilibrio_e_saude\/2020\/03\/12\/5888-acompanhe-todas-as-informacoes-sobre-a-pandemia-de-coronavirus.shtml#post398564\">enfermeiros em Pernambuco amea\u00e7aram greve por falta de m\u00e1scaras e sab\u00e3o nos hospitais<\/a>. A OMS (Organiza\u00e7\u00e3o Mundial da Sa\u00fade) j\u00e1 alertou para a&nbsp;<a href=\"https:\/\/www1.folha.uol.com.br\/equilibrioesaude\/2020\/03\/parem-de-comprar-mascaras-contra-coronavirus-diz-orgao-de-saude-nos-eua.shtml\">escassez de equipamentos de prote\u00e7\u00e3o no mundo<\/a>. Nos EUA, o surgeon general (equivalente ao ministro da Sa\u00fade nos EUA) Jerome M. Adams pediu ao p\u00fablico que pare de comprar m\u00e1scaras.<\/p>\n\n\n\n<p>Nogueira diz que, com exce\u00e7\u00e3o do ocorrido na coletiva desta quarta, o Minist\u00e9rio da Sa\u00fade tem tido atitudes de profissionalismo com a divulga\u00e7\u00e3o de informa\u00e7\u00f5es.<\/p>\n\n\n\n<p>N\u00e3o \u00e9 a primeira vez que Bolsonaro desrespeita as orienta\u00e7\u00f5es sanit\u00e1rias. No domingo (15), contrariando as instru\u00e7\u00f5es de evitar aglomera\u00e7\u00f5es,&nbsp;<a href=\"https:\/\/www1.folha.uol.com.br\/poder\/2020\/03\/bolsonaro-deixa-isolamento-do-coronavirus-e-de-carro-participa-de-ato-pro-governo-na-esplanada.shtml\">o presidente se aproximou de manifestantes em Bras\u00edlia<\/a>, teve contato com eles e chegou a tirar selfies com rosto pr\u00f3ximo. Bolsonaro tamb\u00e9m passou o dia compartilhando imagens de protestos a seu favor pa\u00eds afora.<\/p>\n\n\n\n<p>&#8220;A partir do momento em que n\u00e3o estou infectado, n\u00e3o estou colocando em risco a vida ou a sa\u00fade daquela pessoa. Se voc\u00ea prestar aten\u00e7\u00e3o no hor\u00e1rio de domingo, quando eu compareci aqui na minha casa, a casa a qual frequento e despacho, a Presid\u00eancia da Rep\u00fablica, eu n\u00e3o fui ao encontro de movimento nenhum. O movimento que veio ao meu encontro&#8221;, disse Bolsonaro sobre ter participado das manifesta\u00e7\u00f5es de domingo.<\/p>\n","protected":false},"excerpt":{"rendered":"<p>Autoridades tocaram no item e o tiraram para falar, al\u00e9m de quebrarem protocolo de isolamento ap\u00f3s contato com doente.<\/p>\n","protected":false},"author":1,"featured_media":0,"comment_status":"closed","ping_status":"open","sticky":false,"template":"","format":"standard","meta":{"_exactmetrics_skip_tracking":false,"_exactmetrics_sitenote_active":false,"_exactmetrics_sitenote_note":"","_exactmetrics_sitenote_category":0,"jetpack_post_was_ever_published":false,"_jetpack_newsletter_access":"","_jetpack_dont_email_post_to_subs":false,"_jetpack_newsletter_tier_id":0,"_jetpack_memberships_contains_paywalled_content":false,"_jetpack_memberships_contains_paid_content":false,"footnotes":"","jetpack_publicize_message":"","jetpack_publicize_feature_enabled":true,"jetpack_social_post_already_shared":true,"jetpack_social_options":{"image_generator_settings":{"template":"highway","enabled":false},"version":2}},"categories":[1],"tags":[],"class_list":["post-26982","post","type-post","status-publish","format-standard","hentry","category-notas"],"jetpack_publicize_connections":[],"jetpack_sharing_enabled":true,"jetpack_featured_media_url":"","jetpack_shortlink":"https:\/\/wp.me\/p7wKYW-71c","jetpack-related-posts":[],"_links":{"self":[{"href":"http:\/\/blogdalucianaoliveira.com.br\/blog\/wp-json\/wp\/v2\/posts\/26982","targetHints":{"allow":["GET"]}}],"collection":[{"href":"http:\/\/blogdalucianaoliveira.com.br\/blog\/wp-json\/wp\/v2\/posts"}],"about":[{"href":"http:\/\/blogdalucianaoliveira.com.br\/blog\/wp-json\/wp\/v2\/types\/post"}],"author":[{"embeddable":true,"href":"http:\/\/blogdalucianaoliveira.com.br\/blog\/wp-json\/wp\/v2\/users\/1"}],"replies":[{"embeddable":true,"href":"http:\/\/blogdalucianaoliveira.com.br\/blog\/wp-json\/wp\/v2\/comments?post=26982"}],"version-history":[{"count":1,"href":"http:\/\/blogdalucianaoliveira.com.br\/blog\/wp-json\/wp\/v2\/posts\/26982\/revisions"}],"predecessor-version":[{"id":26984,"href":"http:\/\/blogdalucianaoliveira.com.br\/blog\/wp-json\/wp\/v2\/posts\/26982\/revisions\/26984"}],"wp:attachment":[{"href":"http:\/\/blogdalucianaoliveira.com.br\/blog\/wp-json\/wp\/v2\/media?parent=26982"}],"wp:term":[{"taxonomy":"category","embeddable":true,"href":"http:\/\/blogdalucianaoliveira.com.br\/blog\/wp-json\/wp\/v2\/categories?post=26982"},{"taxonomy":"post_tag","embeddable":true,"href":"http:\/\/blogdalucianaoliveira.com.br\/blog\/wp-json\/wp\/v2\/tags?post=26982"}],"curies":[{"name":"wp","href":"https:\/\/api.w.org\/{rel}","templated":true}]}}