{"id":26985,"date":"2020-03-18T22:36:27","date_gmt":"2020-03-19T02:36:27","guid":{"rendered":"http:\/\/blogdalucianaoliveira.com.br\/blog\/?p=26985"},"modified":"2020-03-18T22:36:37","modified_gmt":"2020-03-19T02:36:37","slug":"panelacos-explodem-de-norte-a-sul-do-pais-pedindo-a-saida-de-bolsonaro","status":"publish","type":"post","link":"http:\/\/blogdalucianaoliveira.com.br\/blog\/2020\/03\/18\/panelacos-explodem-de-norte-a-sul-do-pais-pedindo-a-saida-de-bolsonaro\/","title":{"rendered":"Panela\u00e7os explodem de norte a sul do Pa\u00eds pedindo a sa\u00edda de Bolsonaro"},"content":{"rendered":"\n<figure class=\"wp-block-image size-large\"><img data-recalc-dims=\"1\" loading=\"lazy\" decoding=\"async\" width=\"500\" height=\"240\" data-attachment-id=\"26986\" data-permalink=\"http:\/\/blogdalucianaoliveira.com.br\/blog\/2020\/03\/18\/panelacos-explodem-de-norte-a-sul-do-pais-pedindo-a-saida-de-bolsonaro\/image-52-4\/\" data-orig-file=\"https:\/\/i0.wp.com\/blogdalucianaoliveira.com.br\/blog\/wp-content\/uploads\/2020\/03\/image-52.jpeg?fit=500%2C240\" data-orig-size=\"500,240\" data-comments-opened=\"0\" data-image-meta=\"{&quot;aperture&quot;:&quot;0&quot;,&quot;credit&quot;:&quot;&quot;,&quot;camera&quot;:&quot;&quot;,&quot;caption&quot;:&quot;&quot;,&quot;created_timestamp&quot;:&quot;0&quot;,&quot;copyright&quot;:&quot;&quot;,&quot;focal_length&quot;:&quot;0&quot;,&quot;iso&quot;:&quot;0&quot;,&quot;shutter_speed&quot;:&quot;0&quot;,&quot;title&quot;:&quot;&quot;,&quot;orientation&quot;:&quot;0&quot;}\" data-image-title=\"image-52\" data-image-description=\"\" data-image-caption=\"\" data-medium-file=\"https:\/\/i0.wp.com\/blogdalucianaoliveira.com.br\/blog\/wp-content\/uploads\/2020\/03\/image-52.jpeg?fit=300%2C144\" data-large-file=\"https:\/\/i0.wp.com\/blogdalucianaoliveira.com.br\/blog\/wp-content\/uploads\/2020\/03\/image-52.jpeg?fit=500%2C240\" src=\"https:\/\/i0.wp.com\/blogdalucianaoliveira.com.br\/blog\/wp-content\/uploads\/2020\/03\/image-52.jpeg?resize=500%2C240\" alt=\"\" class=\"wp-image-26986\" srcset=\"https:\/\/i0.wp.com\/blogdalucianaoliveira.com.br\/blog\/wp-content\/uploads\/2020\/03\/image-52.jpeg?w=500 500w, https:\/\/i0.wp.com\/blogdalucianaoliveira.com.br\/blog\/wp-content\/uploads\/2020\/03\/image-52.jpeg?resize=300%2C144 300w\" sizes=\"auto, (max-width: 500px) 100vw, 500px\" \/><\/figure>\n\n\n\n<p>247 &#8211; V\u00e1rias cidades do Pa\u00eds registram protestos na noite desta quarta-feira, 18, contra Jair Bolsonaro.\u00a0<\/p>\n\n\n\n<p>Pelo segundo dia seguido, brasileiros e brasileiras de cidades como S\u00e3o PAulo, Rio de Janeiro, Bras\u00edlia, Fortaleza, Recife, Porto Alegre, Goi\u00e2nia moradores protestam com panela\u00e7os e pedem a sa\u00edda de Jair Bolsonaro, que tem minimizado os riscos da pandemia de coronav\u00edrus.<\/p>\n\n\n\n<!--more-->\n\n\n\n<figure class=\"wp-block-embed-twitter wp-block-embed is-type-rich is-provider-twitter\"><div class=\"wp-block-embed__wrapper\">\n<blockquote class=\"twitter-tweet\" data-width=\"550\" data-dnt=\"true\"><p lang=\"pt\" dir=\"ltr\">&quot;Fora, Bolsonaro!&quot;, gritam moradores de \u00c1guas Claras, em Bras\u00edlia. <a href=\"https:\/\/t.co\/t0GcdILZmX\">pic.twitter.com\/t0GcdILZmX<\/a><\/p>&mdash; Brasil 247 (@brasil247) <a href=\"https:\/\/twitter.com\/brasil247\/status\/1240414708982779907?ref_src=twsrc%5Etfw\">March 18, 2020<\/a><\/blockquote><script async src=\"https:\/\/platform.twitter.com\/widgets.js\" charset=\"utf-8\"><\/script>\n<\/div><\/figure>\n\n\n\n<figure class=\"wp-block-embed-twitter wp-block-embed is-type-rich is-provider-twitter\"><div class=\"wp-block-embed__wrapper\">\n<blockquote class=\"twitter-tweet\" data-width=\"550\" data-dnt=\"true\"><p lang=\"pt\" dir=\"ltr\">Menino Deus na \u00e1rea!! <a href=\"https:\/\/t.co\/QlVL5hxvBt\">pic.twitter.com\/QlVL5hxvBt<\/a><\/p>&mdash; Um! Dois! Tr\u00eas! Gr\u00eamio, Gr\u00eamio, GR\u00caMIO!! (@HeNrYrEgGaE) <a href=\"https:\/\/twitter.com\/HeNrYrEgGaE\/status\/1240416704196468737?ref_src=twsrc%5Etfw\">March 18, 2020<\/a><\/blockquote><script async src=\"https:\/\/platform.twitter.com\/widgets.js\" charset=\"utf-8\"><\/script>\n<\/div><\/figure>\n\n\n\n<figure class=\"wp-block-embed-twitter wp-block-embed is-type-rich is-provider-twitter\"><div class=\"wp-block-embed__wrapper\">\n<blockquote class=\"twitter-tweet\" data-width=\"550\" data-dnt=\"true\"><p lang=\"pt\" dir=\"ltr\">Protesto contra Jair Bolsonaro h\u00e1 pouco no bairro de Meirelles, em Fortaleza. <a href=\"https:\/\/t.co\/2dL9WImwqS\">pic.twitter.com\/2dL9WImwqS<\/a><\/p>&mdash; Brasil 247 (@brasil247) <a href=\"https:\/\/twitter.com\/brasil247\/status\/1240414125722865664?ref_src=twsrc%5Etfw\">March 18, 2020<\/a><\/blockquote><script async src=\"https:\/\/platform.twitter.com\/widgets.js\" charset=\"utf-8\"><\/script>\n<\/div><\/figure>\n\n\n\n<figure class=\"wp-block-embed-twitter wp-block-embed is-type-rich is-provider-twitter\"><div class=\"wp-block-embed__wrapper\">\n<blockquote class=\"twitter-tweet\" data-width=\"550\" data-dnt=\"true\"><p lang=\"pt\" dir=\"ltr\">Na Aclima\u00e7\u00e3o, em S\u00e3o Paulo,  ja j\u00e1 come\u00e7ou o <a href=\"https:\/\/twitter.com\/hashtag\/ForaBolsonaros?src=hash&amp;ref_src=twsrc%5Etfw\">#ForaBolsonaros<\/a> <a href=\"https:\/\/t.co\/Qx37jdkZBO\">pic.twitter.com\/Qx37jdkZBO<\/a><\/p>&mdash; Luck\ud83c\udff4\ud83e\udd97 (@Rod_Luck) <a href=\"https:\/\/twitter.com\/Rod_Luck\/status\/1240414752729452546?ref_src=twsrc%5Etfw\">March 18, 2020<\/a><\/blockquote><script async src=\"https:\/\/platform.twitter.com\/widgets.js\" charset=\"utf-8\"><\/script>\n<\/div><\/figure>\n\n\n\n<figure class=\"wp-block-embed-twitter wp-block-embed is-type-rich is-provider-twitter\"><div class=\"wp-block-embed__wrapper\">\n<blockquote class=\"twitter-tweet\" data-width=\"550\" data-dnt=\"true\"><p lang=\"pt\" dir=\"ltr\">No bairro do M\u00e9ier, no Rio de Janeiro, as pessoas tamb\u00e9m est\u00e3o protestando contra Jair Bolsonaro nesta noite. <a href=\"https:\/\/t.co\/lgAM6X2zuJ\">pic.twitter.com\/lgAM6X2zuJ<\/a><\/p>&mdash; Brasil 247 (@brasil247) <a href=\"https:\/\/twitter.com\/brasil247\/status\/1240417127171055616?ref_src=twsrc%5Etfw\">March 18, 2020<\/a><\/blockquote><script async src=\"https:\/\/platform.twitter.com\/widgets.js\" charset=\"utf-8\"><\/script>\n<\/div><\/figure>\n\n\n\n<figure class=\"wp-block-embed-twitter wp-block-embed is-type-rich is-provider-twitter\"><div class=\"wp-block-embed__wrapper\">\n<blockquote class=\"twitter-tweet\" data-width=\"550\" data-dnt=\"true\"><p lang=\"pt\" dir=\"ltr\">Boa Viagem, Recife, 18 de mar\u00e7o de 2020 <a href=\"https:\/\/twitter.com\/hashtag\/ForaBolsonaro?src=hash&amp;ref_src=twsrc%5Etfw\">#ForaBolsonaro<\/a> <a href=\"https:\/\/t.co\/CEGLFWDSeD\">pic.twitter.com\/CEGLFWDSeD<\/a><\/p>&mdash; Leonardo Attuch (@AttuchLeonardo) <a href=\"https:\/\/twitter.com\/AttuchLeonardo\/status\/1240418292709363713?ref_src=twsrc%5Etfw\">March 18, 2020<\/a><\/blockquote><script async src=\"https:\/\/platform.twitter.com\/widgets.js\" charset=\"utf-8\"><\/script>\n<\/div><\/figure>\n","protected":false},"excerpt":{"rendered":"<p>247 &#8211; V\u00e1rias cidades do Pa\u00eds registram protestos na noite desta quarta-feira, 18, contra Jair Bolsonaro.\u00a0 Pelo segundo dia seguido, brasileiros e brasileiras de cidades como S\u00e3o PAulo, Rio de Janeiro, Bras\u00edlia, Fortaleza, Recife, Porto Alegre, Goi\u00e2nia moradores protestam com panela\u00e7os e pedem a sa\u00edda de Jair Bolsonaro, que tem minimizado os riscos da pandemia&#8230;<a class=\"more-link\" href=\"http:\/\/blogdalucianaoliveira.com.br\/blog\/2020\/03\/18\/panelacos-explodem-de-norte-a-sul-do-pais-pedindo-a-saida-de-bolsonaro\/\">Continue a leitura <span class=\"meta-nav\">&raquo;<\/span><\/a><\/p>\n","protected":false},"author":1,"featured_media":0,"comment_status":"closed","ping_status":"open","sticky":false,"template":"","format":"standard","meta":{"_exactmetrics_skip_tracking":false,"_exactmetrics_sitenote_active":false,"_exactmetrics_sitenote_note":"","_exactmetrics_sitenote_category":0,"jetpack_post_was_ever_published":false,"_jetpack_newsletter_access":"","_jetpack_dont_email_post_to_subs":false,"_jetpack_newsletter_tier_id":0,"_jetpack_memberships_contains_paywalled_content":false,"_jetpack_memberships_contains_paid_content":false,"footnotes":"","jetpack_publicize_message":"","jetpack_publicize_feature_enabled":true,"jetpack_social_post_already_shared":true,"jetpack_social_options":{"image_generator_settings":{"template":"highway","enabled":false},"version":2}},"categories":[1],"tags":[],"class_list":["post-26985","post","type-post","status-publish","format-standard","hentry","category-notas"],"jetpack_publicize_connections":[],"jetpack_sharing_enabled":true,"jetpack_featured_media_url":"","jetpack_shortlink":"https:\/\/wp.me\/p7wKYW-71f","jetpack-related-posts":[],"_links":{"self":[{"href":"http:\/\/blogdalucianaoliveira.com.br\/blog\/wp-json\/wp\/v2\/posts\/26985","targetHints":{"allow":["GET"]}}],"collection":[{"href":"http:\/\/blogdalucianaoliveira.com.br\/blog\/wp-json\/wp\/v2\/posts"}],"about":[{"href":"http:\/\/blogdalucianaoliveira.com.br\/blog\/wp-json\/wp\/v2\/types\/post"}],"author":[{"embeddable":true,"href":"http:\/\/blogdalucianaoliveira.com.br\/blog\/wp-json\/wp\/v2\/users\/1"}],"replies":[{"embeddable":true,"href":"http:\/\/blogdalucianaoliveira.com.br\/blog\/wp-json\/wp\/v2\/comments?post=26985"}],"version-history":[{"count":1,"href":"http:\/\/blogdalucianaoliveira.com.br\/blog\/wp-json\/wp\/v2\/posts\/26985\/revisions"}],"predecessor-version":[{"id":26987,"href":"http:\/\/blogdalucianaoliveira.com.br\/blog\/wp-json\/wp\/v2\/posts\/26985\/revisions\/26987"}],"wp:attachment":[{"href":"http:\/\/blogdalucianaoliveira.com.br\/blog\/wp-json\/wp\/v2\/media?parent=26985"}],"wp:term":[{"taxonomy":"category","embeddable":true,"href":"http:\/\/blogdalucianaoliveira.com.br\/blog\/wp-json\/wp\/v2\/categories?post=26985"},{"taxonomy":"post_tag","embeddable":true,"href":"http:\/\/blogdalucianaoliveira.com.br\/blog\/wp-json\/wp\/v2\/tags?post=26985"}],"curies":[{"name":"wp","href":"https:\/\/api.w.org\/{rel}","templated":true}]}}