{"id":26988,"date":"2020-03-19T08:56:50","date_gmt":"2020-03-19T12:56:50","guid":{"rendered":"http:\/\/blogdalucianaoliveira.com.br\/blog\/?p=26988"},"modified":"2020-03-19T08:56:56","modified_gmt":"2020-03-19T12:56:56","slug":"eduardo-bolsonaro-culpa-china-pelo-coronavirus-e-embaixada-responde-contraiu-virus-mental","status":"publish","type":"post","link":"http:\/\/blogdalucianaoliveira.com.br\/blog\/2020\/03\/19\/eduardo-bolsonaro-culpa-china-pelo-coronavirus-e-embaixada-responde-contraiu-virus-mental\/","title":{"rendered":"Eduardo Bolsonaro culpa China pelo coronav\u00edrus e embaixada responde: \u2018contraiu v\u00edrus mental\u2019"},"content":{"rendered":"\n<figure class=\"wp-block-image size-large\"><img data-recalc-dims=\"1\" loading=\"lazy\" decoding=\"async\" width=\"600\" height=\"364\" data-attachment-id=\"26989\" data-permalink=\"http:\/\/blogdalucianaoliveira.com.br\/blog\/2020\/03\/19\/eduardo-bolsonaro-culpa-china-pelo-coronavirus-e-embaixada-responde-contraiu-virus-mental\/image-6-8\/\" data-orig-file=\"https:\/\/i0.wp.com\/blogdalucianaoliveira.com.br\/blog\/wp-content\/uploads\/2020\/03\/image-6.png?fit=1024%2C622\" data-orig-size=\"1024,622\" data-comments-opened=\"0\" data-image-meta=\"{&quot;aperture&quot;:&quot;0&quot;,&quot;credit&quot;:&quot;&quot;,&quot;camera&quot;:&quot;&quot;,&quot;caption&quot;:&quot;&quot;,&quot;created_timestamp&quot;:&quot;0&quot;,&quot;copyright&quot;:&quot;&quot;,&quot;focal_length&quot;:&quot;0&quot;,&quot;iso&quot;:&quot;0&quot;,&quot;shutter_speed&quot;:&quot;0&quot;,&quot;title&quot;:&quot;&quot;,&quot;orientation&quot;:&quot;0&quot;}\" data-image-title=\"image-6\" data-image-description=\"\" data-image-caption=\"\" data-medium-file=\"https:\/\/i0.wp.com\/blogdalucianaoliveira.com.br\/blog\/wp-content\/uploads\/2020\/03\/image-6.png?fit=300%2C182\" data-large-file=\"https:\/\/i0.wp.com\/blogdalucianaoliveira.com.br\/blog\/wp-content\/uploads\/2020\/03\/image-6.png?fit=600%2C364\" src=\"https:\/\/i0.wp.com\/blogdalucianaoliveira.com.br\/blog\/wp-content\/uploads\/2020\/03\/image-6.png?resize=600%2C364\" alt=\"\" class=\"wp-image-26989\" srcset=\"https:\/\/i0.wp.com\/blogdalucianaoliveira.com.br\/blog\/wp-content\/uploads\/2020\/03\/image-6.png?w=1024 1024w, https:\/\/i0.wp.com\/blogdalucianaoliveira.com.br\/blog\/wp-content\/uploads\/2020\/03\/image-6.png?resize=300%2C182 300w, https:\/\/i0.wp.com\/blogdalucianaoliveira.com.br\/blog\/wp-content\/uploads\/2020\/03\/image-6.png?resize=768%2C467 768w, https:\/\/i0.wp.com\/blogdalucianaoliveira.com.br\/blog\/wp-content\/uploads\/2020\/03\/image-6.png?resize=494%2C300 494w\" sizes=\"auto, (max-width: 600px) 100vw, 600px\" \/><\/figure>\n\n\n\n<h4 class=\"wp-block-heading\"><br>A fala do filho do presidente causou uma crise diplom\u00e1tica com o\u00a0principal parceiro comercial do Brasil.<\/h4>\n\n\n\n<!--more-->\n\n\n\n<p>Na Carta Capital <\/p>\n\n\n\n<p>O deputado federal Eduardo Bolsonaro (PSL\/SP) fez o Brasil entrar em uma crise diplom\u00e1tica com a China, o\u00a0principal parceiro comercial do pa\u00eds. O filho 03 do presidente resolveu seguir a linha de Donaldo Trump e culpou o pa\u00eds asi\u00e1tico pelo coronav\u00edrus.<\/p>\n\n\n\n<p>\u201c+1 vez uma ditadura preferiu esconder algo grave a expor tendo desgaste, mas q salvaria in\u00fameras vidas. A culpa \u00e9 da China e liberdade seria a solu\u00e7\u00e3o\u201d, disse o parlamentar ao compartilhar uma publica\u00e7\u00e3o que falava sobre a \u201cculpa\u201d do partido comunista chines pela pandemia. Eduardo \u00e9 presidente da Comiss\u00e3o de Rela\u00e7\u00f5es Exteriores da C\u00e2mara dos Deputados.<\/p>\n\n\n\n<p>Logo em seguida, o embaixada chinesa do Brasil respondeu as acusa\u00e7\u00f5es feitas por Eduardo. \u201cAs suas palavras s\u00e3o extremamente irrespons\u00e1veis e nos soam familiares. N\u00e3o deixam de ser uma imita\u00e7\u00e3o dos seus queridos amigos. Ao voltar de Miami, contraiu, infelizmente, v\u00edrus mental, que est\u00e1 infectando a amizades entre os nossos povos\u201d, disse.<\/p>\n\n\n\n<figure class=\"wp-block-image size-large\"><img loading=\"lazy\" decoding=\"async\" width=\"828\" height=\"1232\" data-attachment-id=\"26990\" data-permalink=\"http:\/\/blogdalucianaoliveira.com.br\/blog\/2020\/03\/19\/eduardo-bolsonaro-culpa-china-pelo-coronavirus-e-embaixada-responde-contraiu-virus-mental\/715ac8d8-3246-4924-b1a2-221bf7571183\/\" data-orig-file=\"https:\/\/i0.wp.com\/blogdalucianaoliveira.com.br\/blog\/wp-content\/uploads\/2020\/03\/715AC8D8-3246-4924-B1A2-221BF7571183.jpeg?fit=828%2C1232\" data-orig-size=\"828,1232\" data-comments-opened=\"0\" data-image-meta=\"{&quot;aperture&quot;:&quot;0&quot;,&quot;credit&quot;:&quot;&quot;,&quot;camera&quot;:&quot;&quot;,&quot;caption&quot;:&quot;&quot;,&quot;created_timestamp&quot;:&quot;0&quot;,&quot;copyright&quot;:&quot;&quot;,&quot;focal_length&quot;:&quot;0&quot;,&quot;iso&quot;:&quot;0&quot;,&quot;shutter_speed&quot;:&quot;0&quot;,&quot;title&quot;:&quot;&quot;,&quot;orientation&quot;:&quot;0&quot;}\" data-image-title=\"715AC8D8-3246-4924-B1A2-221BF7571183\" data-image-description=\"\" data-image-caption=\"\" data-medium-file=\"https:\/\/i0.wp.com\/blogdalucianaoliveira.com.br\/blog\/wp-content\/uploads\/2020\/03\/715AC8D8-3246-4924-B1A2-221BF7571183.jpeg?fit=202%2C300\" data-large-file=\"https:\/\/i0.wp.com\/blogdalucianaoliveira.com.br\/blog\/wp-content\/uploads\/2020\/03\/715AC8D8-3246-4924-B1A2-221BF7571183.jpeg?fit=600%2C893\" src=\"https:\/\/i0.wp.com\/blogdalucianaoliveira.com.br\/blog\/wp-content\/uploads\/2020\/03\/715AC8D8-3246-4924-B1A2-221BF7571183.jpeg?fit=600%2C893\" alt=\"\" class=\"wp-image-26990\" srcset=\"https:\/\/i0.wp.com\/blogdalucianaoliveira.com.br\/blog\/wp-content\/uploads\/2020\/03\/715AC8D8-3246-4924-B1A2-221BF7571183.jpeg?w=828 828w, https:\/\/i0.wp.com\/blogdalucianaoliveira.com.br\/blog\/wp-content\/uploads\/2020\/03\/715AC8D8-3246-4924-B1A2-221BF7571183.jpeg?resize=202%2C300 202w, https:\/\/i0.wp.com\/blogdalucianaoliveira.com.br\/blog\/wp-content\/uploads\/2020\/03\/715AC8D8-3246-4924-B1A2-221BF7571183.jpeg?resize=688%2C1024 688w, https:\/\/i0.wp.com\/blogdalucianaoliveira.com.br\/blog\/wp-content\/uploads\/2020\/03\/715AC8D8-3246-4924-B1A2-221BF7571183.jpeg?resize=768%2C1143 768w\" sizes=\"auto, (max-width: 600px) 100vw, 600px\" \/><\/figure>\n\n\n\n<p>O embaixador chines no Brasil, Yang Wanming, tamb\u00e9m se manifestou repudiando a fala de Eduardo e exigiu que ele retire imediatamente suas palavras e pe\u00e7a uma desculpa ao povo chin\u00eas. \u201cVou protestar e manifestar a nossa indigna\u00e7\u00e3o junto ao Itamaraty\u201d, disse.<\/p>\n\n\n\n<figure class=\"wp-block-embed-twitter wp-block-embed is-type-rich is-provider-twitter\"><div class=\"wp-block-embed__wrapper\">\n<blockquote class=\"twitter-tweet\" data-width=\"550\" data-dnt=\"true\"><p lang=\"pt\" dir=\"ltr\">A parte chinesa repudia veementemente as suas palavras, e exige que as retire imediatamente e pe\u00e7a uma desculpa ao povo chin\u00eas. Vou protestar e manifestar a nossa indigna\u00e7\u00e3o junto ao Itamaraty e a <a href=\"https:\/\/twitter.com\/camaradeputados?ref_src=twsrc%5Etfw\">@camaradeputados<\/a>. <a href=\"https:\/\/twitter.com\/BolsonaroSP?ref_src=twsrc%5Etfw\">@BolsonaroSP<\/a> <a href=\"https:\/\/twitter.com\/ernestofaraujo?ref_src=twsrc%5Etfw\">@ernestofaraujo<\/a> <a href=\"https:\/\/twitter.com\/RodrigoMaia?ref_src=twsrc%5Etfw\">@RodrigoMaia<\/a><\/p>&mdash; \u694a\u842c\u660eYang Wanming (@WanmingYang) <a href=\"https:\/\/twitter.com\/WanmingYang\/status\/1240441812105519109?ref_src=twsrc%5Etfw\">March 19, 2020<\/a><\/blockquote><script async src=\"https:\/\/platform.twitter.com\/widgets.js\" charset=\"utf-8\"><\/script>\n<\/div><\/figure>\n","protected":false},"excerpt":{"rendered":"<p>A fala do filho do presidente causou uma crise diplom\u00e1tica com o\u00a0principal parceiro comercial do Brasil.<\/p>\n","protected":false},"author":1,"featured_media":0,"comment_status":"closed","ping_status":"open","sticky":false,"template":"","format":"standard","meta":{"_exactmetrics_skip_tracking":false,"_exactmetrics_sitenote_active":false,"_exactmetrics_sitenote_note":"","_exactmetrics_sitenote_category":0,"jetpack_post_was_ever_published":false,"_jetpack_newsletter_access":"","_jetpack_dont_email_post_to_subs":false,"_jetpack_newsletter_tier_id":0,"_jetpack_memberships_contains_paywalled_content":false,"_jetpack_memberships_contains_paid_content":false,"footnotes":"","jetpack_publicize_message":"","jetpack_publicize_feature_enabled":true,"jetpack_social_post_already_shared":true,"jetpack_social_options":{"image_generator_settings":{"template":"highway","enabled":false},"version":2}},"categories":[1],"tags":[],"class_list":["post-26988","post","type-post","status-publish","format-standard","hentry","category-notas"],"jetpack_publicize_connections":[],"jetpack_sharing_enabled":true,"jetpack_featured_media_url":"","jetpack_shortlink":"https:\/\/wp.me\/p7wKYW-71i","jetpack-related-posts":[],"_links":{"self":[{"href":"http:\/\/blogdalucianaoliveira.com.br\/blog\/wp-json\/wp\/v2\/posts\/26988","targetHints":{"allow":["GET"]}}],"collection":[{"href":"http:\/\/blogdalucianaoliveira.com.br\/blog\/wp-json\/wp\/v2\/posts"}],"about":[{"href":"http:\/\/blogdalucianaoliveira.com.br\/blog\/wp-json\/wp\/v2\/types\/post"}],"author":[{"embeddable":true,"href":"http:\/\/blogdalucianaoliveira.com.br\/blog\/wp-json\/wp\/v2\/users\/1"}],"replies":[{"embeddable":true,"href":"http:\/\/blogdalucianaoliveira.com.br\/blog\/wp-json\/wp\/v2\/comments?post=26988"}],"version-history":[{"count":1,"href":"http:\/\/blogdalucianaoliveira.com.br\/blog\/wp-json\/wp\/v2\/posts\/26988\/revisions"}],"predecessor-version":[{"id":26991,"href":"http:\/\/blogdalucianaoliveira.com.br\/blog\/wp-json\/wp\/v2\/posts\/26988\/revisions\/26991"}],"wp:attachment":[{"href":"http:\/\/blogdalucianaoliveira.com.br\/blog\/wp-json\/wp\/v2\/media?parent=26988"}],"wp:term":[{"taxonomy":"category","embeddable":true,"href":"http:\/\/blogdalucianaoliveira.com.br\/blog\/wp-json\/wp\/v2\/categories?post=26988"},{"taxonomy":"post_tag","embeddable":true,"href":"http:\/\/blogdalucianaoliveira.com.br\/blog\/wp-json\/wp\/v2\/tags?post=26988"}],"curies":[{"name":"wp","href":"https:\/\/api.w.org\/{rel}","templated":true}]}}