{"id":2699,"date":"2016-07-30T13:07:47","date_gmt":"2016-07-30T17:07:47","guid":{"rendered":"http:\/\/blogdalucianaoliveira.com.br\/blog\/?p=2699"},"modified":"2016-07-30T13:07:47","modified_gmt":"2016-07-30T17:07:47","slug":"febre-tifoide-tiro-incendio-e-um-amor-que-completa-meio-seculo","status":"publish","type":"post","link":"http:\/\/blogdalucianaoliveira.com.br\/blog\/2016\/07\/30\/febre-tifoide-tiro-incendio-e-um-amor-que-completa-meio-seculo\/","title":{"rendered":"Febre tifoide, tiro, inc\u00eandio e um amor que completa meio s\u00e9culo"},"content":{"rendered":"<p><img data-recalc-dims=\"1\" loading=\"lazy\" decoding=\"async\" data-attachment-id=\"2700\" data-permalink=\"http:\/\/blogdalucianaoliveira.com.br\/blog\/2016\/07\/30\/febre-tifoide-tiro-incendio-e-um-amor-que-completa-meio-seculo\/image-614\/\" data-orig-file=\"https:\/\/i0.wp.com\/blogdalucianaoliveira.com.br\/blog\/wp-content\/uploads\/2016\/07\/image-165.jpeg?fit=625%2C468\" data-orig-size=\"625,468\" data-comments-opened=\"0\" data-image-meta=\"{&quot;aperture&quot;:&quot;0&quot;,&quot;credit&quot;:&quot;&quot;,&quot;camera&quot;:&quot;&quot;,&quot;caption&quot;:&quot;&quot;,&quot;created_timestamp&quot;:&quot;0&quot;,&quot;copyright&quot;:&quot;&quot;,&quot;focal_length&quot;:&quot;0&quot;,&quot;iso&quot;:&quot;0&quot;,&quot;shutter_speed&quot;:&quot;0&quot;,&quot;title&quot;:&quot;&quot;,&quot;orientation&quot;:&quot;0&quot;}\" data-image-title=\"image\" data-image-description=\"\" data-image-caption=\"\" data-medium-file=\"https:\/\/i0.wp.com\/blogdalucianaoliveira.com.br\/blog\/wp-content\/uploads\/2016\/07\/image-165.jpeg?fit=300%2C225\" data-large-file=\"https:\/\/i0.wp.com\/blogdalucianaoliveira.com.br\/blog\/wp-content\/uploads\/2016\/07\/image-165.jpeg?fit=600%2C449\" src=\"https:\/\/i0.wp.com\/blogdalucianaoliveira.com.br\/blog\/wp-content\/uploads\/2016\/07\/image-165.jpeg?resize=600%2C449\" alt=\"image\" width=\"600\" height=\"449\" class=\"alignnone size-full wp-image-2700\" srcset=\"https:\/\/i0.wp.com\/blogdalucianaoliveira.com.br\/blog\/wp-content\/uploads\/2016\/07\/image-165.jpeg?w=625 625w, https:\/\/i0.wp.com\/blogdalucianaoliveira.com.br\/blog\/wp-content\/uploads\/2016\/07\/image-165.jpeg?resize=300%2C225 300w, https:\/\/i0.wp.com\/blogdalucianaoliveira.com.br\/blog\/wp-content\/uploads\/2016\/07\/image-165.jpeg?resize=401%2C300 401w\" sizes=\"auto, (max-width: 600px) 100vw, 600px\" \/><\/p>\n<p>Ela estava penteando os cabelos no col\u00e9gio de freiras em que vivia no regime de internato, quando ele tomou a iniciativa para a primeira abordagem. <!--more--><\/p>\n<p>H\u00e1 meses trocavam olhares perif\u00e9ricos, pois ela s\u00f3 tinha 15 anos e o pai, era um portugu\u00eas que seguia \u00e0 risca os par\u00e2metros da educa\u00e7\u00e3o r\u00edgida em vigor no fim da d\u00e9cada de 60.<\/p>\n<p>Ant\u00f4nio esperou as f\u00e9rias e remou at\u00e9 a comunidade ribeirinha de S\u00e3o Pedro para pedir aos pais permiss\u00e3o pra namorar Maria.<\/p>\n<p>O portugu\u00eas gostou do pretendente e permitiu que com o devido \u2018monitoramento\u2019 da m\u00e3e e das irm\u00e3s, a mais velha pudesse iniciar o namoro.<\/p>\n<p>Foram quatro anos de remadas no rio Madeira at\u00e9 o casamento, com muito rebojo nas idas e vindas.<\/p>\n<p>Ele passou a trabalhar na administra\u00e7\u00e3o da Estrada de Ferro Madeira Mamor\u00e9, ela a dar aulas numa escola ribeirinha em S\u00e3o Sebasti\u00e3o.<\/p>\n<p>A vontade de casar n\u00e3o demorou dois anos, mas o pedido foi adiado porque Maria contraiu febre tifoide e teve que buscar tratamento em Manaus pela gravidade da doen\u00e7a.<\/p>\n<p>No terceiro ano de namoro, estava tudo pronto para o noivado assim que Ant\u00f4nio terminasse a apresenta\u00e7\u00e3o da pe\u00e7a teatral \u2018O Cidad\u00e3o do Inferno\u2019 no Col\u00e9gio Maria Auxiliadora. <\/p>\n<p>A pe\u00e7a era sobre a Revolu\u00e7\u00e3o Francesa e utilizavam armas de brinquedo  na encena\u00e7\u00e3o, mas um adolescente pegou por engano a pistola calibre 22 de um ator que era policial e acertou Ant\u00f4nio no peito. Com medo de que ele n\u00e3o sobrevivesse, Maria noivou na presen\u00e7a de v\u00e1rias testemunhas na enfermaria do Hospital S\u00e3o Jos\u00e9.<\/p>\n<p>Ele sobreviveu e mant\u00e9m a bala cravada pr\u00f3ximo ao cora\u00e7\u00e3o.<\/p>\n<p>O quarto ano de namoro foi dedicado ao trabalho e \u00e0 constru\u00e7\u00e3o da casa onde iriam morar.<\/p>\n<p>Com tudo pronto, vestido engomado e convites distribu\u00eddos, Maria recebeu a visita inesperada do noivo na madrugada de 10 de julho de 1966, no beirad\u00e3o.<\/p>\n<p>Um inc\u00eandio por causas desconhecidas destruiu em horas o que levaram anos para construir e faltavam s\u00f3 20 dias para o casamento.<\/p>\n<p>Depois de febre tifoide, tiro e inc\u00eandio acidental, Ant\u00f4nio e Maria estavam fortalecidos demais no amor para adiar novamente o casamento.<\/p>\n<p>O tio do noivo, o amigo de todas as horas, Z\u00e9 do Carmo, ofereceu a casa para celebrar o matrim\u00f4nio. Os mais pr\u00f3ximos doaram utens\u00edlios e eletrodom\u00e9sticos e o casal foi morar por tr\u00eas meses num quarto cedido por um amigo.<\/p>\n<p>A casa foi reerguida e os dois primeiros filhos nasceram, L\u00facia e Marcelo.<\/p>\n<p>Rec\u00e9m-casados, j\u00e1 haviam honrado o compromisso de lealdade na alegria e na tristeza, na sa\u00fade e na doen\u00e7a, na riqueza e na pobreza.<\/p>\n<p>Com menos de quatro anos vivendo juntos, perderam Marcelo, o mais novo.<\/p>\n<p>O trabalho e a chegada de outros tr\u00eas filhos os manteve unidos em pr\u00f3speros anos, mas a vida ainda lhes reservaria outra prova\u00e7\u00e3o dolorosa, a perda de L\u00facia, aos 28 anos.<\/p>\n<p>A\u00ed, os netos e genros foram ocupando o vazio, mas jamais aplacaram a saudade dos filhos perdidos.<\/p>\n<p>Hoje, 30 de julho de 2016, Ant\u00f4nio e Maria completam meio s\u00e9culo de casamento, mais tempo de vida juntos, do que separados.<\/p>\n<p>S\u00e3o meus pais.<\/p>\n<p>Hoje vamos ler a poesia de n\u00famero 50, pois todos os anos ele escreve uma para lembrar o enlace.<\/p>\n<p>Hoje vamos contemplar um amor verdadeiro, sonho de todos os mortais, pesadelo de quem perdeu a f\u00e9 na lealdade e no romantismo conjugal.<\/p>\n<p>Hoje vamos dizer: obrigado pai, obrigado m\u00e3e.<\/p>\n<p>Ser fruto de um amor t\u00e3o pleno \u00e9 uma honra.<\/p>\n<p>O amor de voc\u00eas prende, inebria e entontece.<\/p>\n<p>\u00c9 fascina\u00e7\u00e3o, amor. <\/p>\n","protected":false},"excerpt":{"rendered":"<p>Ela estava penteando os cabelos no col\u00e9gio de freiras em que vivia no regime de internato, quando ele tomou a iniciativa para a primeira abordagem.<\/p>\n","protected":false},"author":1,"featured_media":0,"comment_status":"closed","ping_status":"open","sticky":false,"template":"","format":"standard","meta":{"_exactmetrics_skip_tracking":false,"_exactmetrics_sitenote_active":false,"_exactmetrics_sitenote_note":"","_exactmetrics_sitenote_category":0,"jetpack_post_was_ever_published":false,"_jetpack_newsletter_access":"","_jetpack_dont_email_post_to_subs":false,"_jetpack_newsletter_tier_id":0,"_jetpack_memberships_contains_paywalled_content":false,"_jetpack_memberships_contains_paid_content":false,"footnotes":"","jetpack_publicize_message":"","jetpack_publicize_feature_enabled":true,"jetpack_social_post_already_shared":true,"jetpack_social_options":{"image_generator_settings":{"template":"highway","enabled":false},"version":2}},"categories":[1],"tags":[],"class_list":["post-2699","post","type-post","status-publish","format-standard","hentry","category-notas"],"jetpack_publicize_connections":[],"jetpack_sharing_enabled":true,"jetpack_featured_media_url":"","jetpack_shortlink":"https:\/\/wp.me\/p7wKYW-Hx","jetpack-related-posts":[],"_links":{"self":[{"href":"http:\/\/blogdalucianaoliveira.com.br\/blog\/wp-json\/wp\/v2\/posts\/2699","targetHints":{"allow":["GET"]}}],"collection":[{"href":"http:\/\/blogdalucianaoliveira.com.br\/blog\/wp-json\/wp\/v2\/posts"}],"about":[{"href":"http:\/\/blogdalucianaoliveira.com.br\/blog\/wp-json\/wp\/v2\/types\/post"}],"author":[{"embeddable":true,"href":"http:\/\/blogdalucianaoliveira.com.br\/blog\/wp-json\/wp\/v2\/users\/1"}],"replies":[{"embeddable":true,"href":"http:\/\/blogdalucianaoliveira.com.br\/blog\/wp-json\/wp\/v2\/comments?post=2699"}],"version-history":[{"count":2,"href":"http:\/\/blogdalucianaoliveira.com.br\/blog\/wp-json\/wp\/v2\/posts\/2699\/revisions"}],"predecessor-version":[{"id":2702,"href":"http:\/\/blogdalucianaoliveira.com.br\/blog\/wp-json\/wp\/v2\/posts\/2699\/revisions\/2702"}],"wp:attachment":[{"href":"http:\/\/blogdalucianaoliveira.com.br\/blog\/wp-json\/wp\/v2\/media?parent=2699"}],"wp:term":[{"taxonomy":"category","embeddable":true,"href":"http:\/\/blogdalucianaoliveira.com.br\/blog\/wp-json\/wp\/v2\/categories?post=2699"},{"taxonomy":"post_tag","embeddable":true,"href":"http:\/\/blogdalucianaoliveira.com.br\/blog\/wp-json\/wp\/v2\/tags?post=2699"}],"curies":[{"name":"wp","href":"https:\/\/api.w.org\/{rel}","templated":true}]}}