{"id":26993,"date":"2020-03-19T09:19:56","date_gmt":"2020-03-19T13:19:56","guid":{"rendered":"http:\/\/blogdalucianaoliveira.com.br\/blog\/?p=26993"},"modified":"2020-03-19T09:20:07","modified_gmt":"2020-03-19T13:20:07","slug":"panelaco-anti-bolsonaro-ganha-ar-de-carnaval-em-cep-da-esquerda-em-sp","status":"publish","type":"post","link":"http:\/\/blogdalucianaoliveira.com.br\/blog\/2020\/03\/19\/panelaco-anti-bolsonaro-ganha-ar-de-carnaval-em-cep-da-esquerda-em-sp\/","title":{"rendered":"Panela\u00e7o anti-Bolsonaro ganha ar de Carnaval em CEP da esquerda em SP"},"content":{"rendered":"\n<figure class=\"wp-block-image size-large\"><img data-recalc-dims=\"1\" loading=\"lazy\" decoding=\"async\" width=\"600\" height=\"400\" data-attachment-id=\"26994\" data-permalink=\"http:\/\/blogdalucianaoliveira.com.br\/blog\/2020\/03\/19\/panelaco-anti-bolsonaro-ganha-ar-de-carnaval-em-cep-da-esquerda-em-sp\/image-53-4\/\" data-orig-file=\"https:\/\/i0.wp.com\/blogdalucianaoliveira.com.br\/blog\/wp-content\/uploads\/2020\/03\/image-53.jpeg?fit=1024%2C683\" data-orig-size=\"1024,683\" data-comments-opened=\"0\" data-image-meta=\"{&quot;aperture&quot;:&quot;0&quot;,&quot;credit&quot;:&quot;&quot;,&quot;camera&quot;:&quot;&quot;,&quot;caption&quot;:&quot;&quot;,&quot;created_timestamp&quot;:&quot;0&quot;,&quot;copyright&quot;:&quot;&quot;,&quot;focal_length&quot;:&quot;0&quot;,&quot;iso&quot;:&quot;0&quot;,&quot;shutter_speed&quot;:&quot;0&quot;,&quot;title&quot;:&quot;&quot;,&quot;orientation&quot;:&quot;0&quot;}\" data-image-title=\"image-53\" data-image-description=\"\" data-image-caption=\"\" data-medium-file=\"https:\/\/i0.wp.com\/blogdalucianaoliveira.com.br\/blog\/wp-content\/uploads\/2020\/03\/image-53.jpeg?fit=300%2C200\" data-large-file=\"https:\/\/i0.wp.com\/blogdalucianaoliveira.com.br\/blog\/wp-content\/uploads\/2020\/03\/image-53.jpeg?fit=600%2C400\" src=\"https:\/\/i0.wp.com\/blogdalucianaoliveira.com.br\/blog\/wp-content\/uploads\/2020\/03\/image-53.jpeg?resize=600%2C400\" alt=\"\" class=\"wp-image-26994\" srcset=\"https:\/\/i0.wp.com\/blogdalucianaoliveira.com.br\/blog\/wp-content\/uploads\/2020\/03\/image-53.jpeg?w=1024 1024w, https:\/\/i0.wp.com\/blogdalucianaoliveira.com.br\/blog\/wp-content\/uploads\/2020\/03\/image-53.jpeg?resize=300%2C200 300w, https:\/\/i0.wp.com\/blogdalucianaoliveira.com.br\/blog\/wp-content\/uploads\/2020\/03\/image-53.jpeg?resize=768%2C512 768w, https:\/\/i0.wp.com\/blogdalucianaoliveira.com.br\/blog\/wp-content\/uploads\/2020\/03\/image-53.jpeg?resize=450%2C300 450w\" sizes=\"auto, (max-width: 600px) 100vw, 600px\" \/><\/figure>\n\n\n\n<p>Protesto no edif\u00edcio Copan durou uma hora, teve m\u00fasica de Chico Buarque e sil\u00eancio na hora de ato pr\u00f3-governo.<\/p>\n\n\n\n<!--more-->\n\n\n\n<p>Na FSP<\/p>\n\n\n\n<p><strong><a href=\"https:\/\/www1.folha.uol.com.br\/autores\/guilherme-magalhaes.shtml\">Guilherme Magalh\u00e3es<\/a><\/strong><strong>S\u00c3O PAULO<\/strong><\/p>\n\n\n\n<p>O batuque ritmado, as buzinas, Chico Buarque.&nbsp;<a href=\"https:\/\/www1.folha.uol.com.br\/poder\/2020\/03\/bolsonaro-e-alvo-de-panelaco-em-cidades-brasileiras-pelo-segundo-dia-seguido.shtml\">O panela\u00e7o contra o presidente<\/a>&nbsp;Jair Bolsonaro nesta quarta-feira (18), o segundo em dois dias, ganhou ares de Carnaval no edif\u00edcio Copan, um tradicional CEP da esquerda no centro de S\u00e3o Paulo.<\/p>\n\n\n\n<p>Das janelas do ic\u00f4nico pr\u00e9dio residencial desenhado por Oscar Niemeyer foi poss\u00edvel ouvir panelas batendo e gritos de \u201cFora, Bolsonaro\u201d j\u00e1 por volta das 19h40, quase uma hora antes do hor\u00e1rio convocado.<\/p>\n\n\n\n<p>Alguns apartamentos exibiam luzes vermelhas, azuis e amarelas, que t\u00e3o logo come\u00e7aram a piscar.<\/p>\n\n\n\n<p>Naquele momento, Bolsonaro participava de entrevista coletiva em Bras\u00edlia ao lado do presidente do Supremo Tribunal Federal,&nbsp;<a href=\"https:\/\/www1.folha.uol.com.br\/poder\/2020\/03\/toffoli-diz-que-imprensa-tem-atuacao-impecavel-na-crise-do-coronavirus.shtml\">Dias Toffoli,<\/a>&nbsp;entre outras autoridades, para anunciar medidas contra a pandemia do novo coronav\u00edrus.<\/p>\n\n\n\n<p>Durante quase uma hora, de forma ininterrupta, o barulho das panelas se revezou com os gritos de ordem, ora temperados de xingamentos, ora mais simples e diretos: \u201cAcabou, Bolsonaro\u201d, como disse um haitiano para o presidente nesta semana.<\/p>\n\n\n\n<p>As panelas ressoaram ainda mais intensas entre 20h25 e 20h40, quando at\u00e9 mesmo pr\u00e9dios de Higien\u00f3polis, bairro nobre famoso n\u00e3o exatamente por ser um reduto da esquerda, piscaram luzes em alguns apartamentos.<\/p>\n\n\n\n<p>\u201cApesar de voc\u00ea \/ Amanh\u00e3 h\u00e1 de ser outro dia\u201d, os cl\u00e1ssicos versos de&nbsp;<a href=\"https:\/\/www1.folha.uol.com.br\/folha-topicos\/chico-buarque\/\">Chico Buarque<\/a>&nbsp;contra a ditadura militar, foram ouvidos por duas vezes, quando um morador reproduziu a m\u00fasica em alto volume.<\/p>\n\n\n\n<figure><iframe src=\"https:\/\/player.mais.uol.com.br\/?mediaId=16777373&amp;onDemand=true\" allowfullscreen=\"\"><\/iframe><\/figure>\n\n\n\n<p>Enquanto isso, praticamente nenhuma resposta de apoiadores do presidente era ouvida.<\/p>\n\n\n\n<p>O vizinho edif\u00edcio Louvre, outro tradicional ponto arquitet\u00f4nico da cidade, chegou a registrar uma disputa de gritos, com tentativas de \u201cBolsonaro, 2022\u201d e \u201cFora, comunas de m&#8230;..\u201d, logo abafadas pela sinfonia de panelas e moradores contr\u00e1rios. Um deles ousou gritar \u201cVai pegar corona\u201d para o defensor do presidente, em refer\u00eancia ao coronav\u00edrus.<\/p>\n\n\n\n<p>O panela\u00e7o seguiu at\u00e9 por volta das 20h45, quando foi escasseando lentamente, da mesma forma como havia come\u00e7ado.<\/p>\n\n\n\n<p>Quinze minutos depois, era hora da esperada resposta bolsonarista, segundo a convoca\u00e7\u00e3o feita pelo presidente nesta quarta-feira em redes sociais e durante entrevista coletiva na qual criticou a imprensa por n\u00e3o divulgar o ato favor\u00e1vel ao governo.<\/p>\n\n\n\n<p>Na regi\u00e3o do Copan, por\u00e9m, as panelas&nbsp;<a href=\"https:\/\/www1.folha.uol.com.br\/poder\/2020\/03\/condominio-de-bolsonaro-silencia-tanto-em-panelaco-contra-como-a-favor-do-presidente.shtml\">n\u00e3o sa\u00edram dos arm\u00e1rios.<\/a>&nbsp;Reinou o ru\u00eddo branco do centro da metr\u00f3pole.<\/p>\n","protected":false},"excerpt":{"rendered":"<p>Protesto no edif\u00edcio Copan durou uma hora, teve m\u00fasica de Chico Buarque e sil\u00eancio na hora de ato pr\u00f3-governo.<\/p>\n","protected":false},"author":1,"featured_media":0,"comment_status":"closed","ping_status":"open","sticky":false,"template":"","format":"standard","meta":{"_exactmetrics_skip_tracking":false,"_exactmetrics_sitenote_active":false,"_exactmetrics_sitenote_note":"","_exactmetrics_sitenote_category":0,"jetpack_post_was_ever_published":false,"_jetpack_newsletter_access":"","_jetpack_dont_email_post_to_subs":false,"_jetpack_newsletter_tier_id":0,"_jetpack_memberships_contains_paywalled_content":false,"_jetpack_memberships_contains_paid_content":false,"footnotes":"","jetpack_publicize_message":"","jetpack_publicize_feature_enabled":true,"jetpack_social_post_already_shared":true,"jetpack_social_options":{"image_generator_settings":{"template":"highway","enabled":false},"version":2}},"categories":[1],"tags":[],"class_list":["post-26993","post","type-post","status-publish","format-standard","hentry","category-notas"],"jetpack_publicize_connections":[],"jetpack_sharing_enabled":true,"jetpack_featured_media_url":"","jetpack_shortlink":"https:\/\/wp.me\/p7wKYW-71n","jetpack-related-posts":[],"_links":{"self":[{"href":"http:\/\/blogdalucianaoliveira.com.br\/blog\/wp-json\/wp\/v2\/posts\/26993","targetHints":{"allow":["GET"]}}],"collection":[{"href":"http:\/\/blogdalucianaoliveira.com.br\/blog\/wp-json\/wp\/v2\/posts"}],"about":[{"href":"http:\/\/blogdalucianaoliveira.com.br\/blog\/wp-json\/wp\/v2\/types\/post"}],"author":[{"embeddable":true,"href":"http:\/\/blogdalucianaoliveira.com.br\/blog\/wp-json\/wp\/v2\/users\/1"}],"replies":[{"embeddable":true,"href":"http:\/\/blogdalucianaoliveira.com.br\/blog\/wp-json\/wp\/v2\/comments?post=26993"}],"version-history":[{"count":1,"href":"http:\/\/blogdalucianaoliveira.com.br\/blog\/wp-json\/wp\/v2\/posts\/26993\/revisions"}],"predecessor-version":[{"id":26995,"href":"http:\/\/blogdalucianaoliveira.com.br\/blog\/wp-json\/wp\/v2\/posts\/26993\/revisions\/26995"}],"wp:attachment":[{"href":"http:\/\/blogdalucianaoliveira.com.br\/blog\/wp-json\/wp\/v2\/media?parent=26993"}],"wp:term":[{"taxonomy":"category","embeddable":true,"href":"http:\/\/blogdalucianaoliveira.com.br\/blog\/wp-json\/wp\/v2\/categories?post=26993"},{"taxonomy":"post_tag","embeddable":true,"href":"http:\/\/blogdalucianaoliveira.com.br\/blog\/wp-json\/wp\/v2\/tags?post=26993"}],"curies":[{"name":"wp","href":"https:\/\/api.w.org\/{rel}","templated":true}]}}