{"id":26996,"date":"2020-03-19T18:19:02","date_gmt":"2020-03-19T22:19:02","guid":{"rendered":"http:\/\/blogdalucianaoliveira.com.br\/blog\/?p=26996"},"modified":"2020-03-19T18:36:22","modified_gmt":"2020-03-19T22:36:22","slug":"secretario-de-saude-de-rondonia-imita-bolsonaro-na-live-com-mascara-e-na-rua-sem-mascara","status":"publish","type":"post","link":"http:\/\/blogdalucianaoliveira.com.br\/blog\/2020\/03\/19\/secretario-de-saude-de-rondonia-imita-bolsonaro-na-live-com-mascara-e-na-rua-sem-mascara\/","title":{"rendered":"Secret\u00e1rio de Sa\u00fade de Rond\u00f4nia imita Bolsonaro; Na \u2018live\u2019 com m\u00e1scara e na rua sem m\u00e1scara"},"content":{"rendered":"\n<figure class=\"wp-block-image size-large\"><img data-recalc-dims=\"1\" loading=\"lazy\" decoding=\"async\" width=\"600\" height=\"400\" data-attachment-id=\"26997\" data-permalink=\"http:\/\/blogdalucianaoliveira.com.br\/blog\/2020\/03\/19\/secretario-de-saude-de-rondonia-imita-bolsonaro-na-live-com-mascara-e-na-rua-sem-mascara\/688d0ddd-7215-4173-9df6-37859654ea1a\/\" data-orig-file=\"https:\/\/i0.wp.com\/blogdalucianaoliveira.com.br\/blog\/wp-content\/uploads\/2020\/03\/688D0DDD-7215-4173-9DF6-37859654EA1A.jpeg?fit=960%2C640\" data-orig-size=\"960,640\" data-comments-opened=\"0\" data-image-meta=\"{&quot;aperture&quot;:&quot;0&quot;,&quot;credit&quot;:&quot;&quot;,&quot;camera&quot;:&quot;&quot;,&quot;caption&quot;:&quot;&quot;,&quot;created_timestamp&quot;:&quot;1584631510&quot;,&quot;copyright&quot;:&quot;&quot;,&quot;focal_length&quot;:&quot;0&quot;,&quot;iso&quot;:&quot;0&quot;,&quot;shutter_speed&quot;:&quot;0&quot;,&quot;title&quot;:&quot;&quot;,&quot;orientation&quot;:&quot;1&quot;}\" data-image-title=\"688D0DDD-7215-4173-9DF6-37859654EA1A\" data-image-description=\"\" data-image-caption=\"\" data-medium-file=\"https:\/\/i0.wp.com\/blogdalucianaoliveira.com.br\/blog\/wp-content\/uploads\/2020\/03\/688D0DDD-7215-4173-9DF6-37859654EA1A.jpeg?fit=300%2C200\" data-large-file=\"https:\/\/i0.wp.com\/blogdalucianaoliveira.com.br\/blog\/wp-content\/uploads\/2020\/03\/688D0DDD-7215-4173-9DF6-37859654EA1A.jpeg?fit=600%2C400\" src=\"https:\/\/i0.wp.com\/blogdalucianaoliveira.com.br\/blog\/wp-content\/uploads\/2020\/03\/688D0DDD-7215-4173-9DF6-37859654EA1A.jpeg?resize=600%2C400\" alt=\"\" class=\"wp-image-26997\" srcset=\"https:\/\/i0.wp.com\/blogdalucianaoliveira.com.br\/blog\/wp-content\/uploads\/2020\/03\/688D0DDD-7215-4173-9DF6-37859654EA1A.jpeg?w=960 960w, https:\/\/i0.wp.com\/blogdalucianaoliveira.com.br\/blog\/wp-content\/uploads\/2020\/03\/688D0DDD-7215-4173-9DF6-37859654EA1A.jpeg?resize=300%2C200 300w, https:\/\/i0.wp.com\/blogdalucianaoliveira.com.br\/blog\/wp-content\/uploads\/2020\/03\/688D0DDD-7215-4173-9DF6-37859654EA1A.jpeg?resize=768%2C512 768w, https:\/\/i0.wp.com\/blogdalucianaoliveira.com.br\/blog\/wp-content\/uploads\/2020\/03\/688D0DDD-7215-4173-9DF6-37859654EA1A.jpeg?resize=450%2C300 450w\" sizes=\"auto, (max-width: 600px) 100vw, 600px\" \/><\/figure>\n\n\n\n<p>Quem viu se indignou com uma foto e um v\u00eddeo em que o secret\u00e1rio de Sa\u00fade de Rond\u00f4nia , Fernando M\u00e1ximo, aparece com e sem m\u00e1scara de prote\u00e7\u00e3o ao coronav\u00edrus.&nbsp;<\/p>\n\n\n\n<!--more-->\n\n\n\n<p>Na manh\u00e3 desta quinta-feira (19),&nbsp;&nbsp;o secret\u00e1rio foi visto em foto publicada na p\u00e1gina oficial de sua pasta segurando a chave de uma ambul\u00e2ncia entregue ao munic\u00edpio de Candeias do Jamari.&nbsp;<\/p>\n\n\n\n<p>O secret\u00e1rio que \u00e9 m\u00e9dico foi fotografado com outras quatro&nbsp; pessoas, incluindo o deputado estadual Neidson (PMN), tamb\u00e9m m\u00e9dico.&nbsp;<\/p>\n\n\n\n<p>Sem m\u00e1scaras, muito pr\u00f3ximos na foto e segurando juntos a chave.&nbsp;<\/p>\n\n\n\n<p>LINK ORIGINAL DA POSTAGEM:&nbsp;<a href=\"https:\/\/www.facebook.com\/481356601925443\/posts\/2914484688612610\/?d=n\">https:\/\/www.facebook.com\/481356601925443\/posts\/2914484688612610\/?d=n<\/a><\/p>\n\n\n\n<p>Uma hora depois, Fernando M\u00e1ximo surge em v\u00eddeo ao lado do governador para alertar a popula\u00e7\u00e3o sobre a necessidade de obedecer regras para evitar que o Covid-19 mate como j\u00e1 matou milhares em todo o mundo. <br><\/p>\n\n\n\n<p>Foi no perfil do governador que publicaram o v\u00eddeo. <\/p>\n\n\n\n<p>O secret\u00e1rio pede tr\u00eas vezes \u2018pelo amor de Deus\u2019, que as pessoas obede\u00e7am o decreto do executivo que controla o ir e vir para inibir o avan\u00e7o da doen\u00e7a.&nbsp;<\/p>\n\n\n\n<p>O presidente Bolsonaro chamaria de alarmista o tom usado pelo secret\u00e1rio.&nbsp;<\/p>\n\n\n\n<p>&#8220;Faz uma semana que eu n\u00e3o pego na m\u00e3o de ningu\u00e9m&#8221;.<\/p>\n\n\n\n<div class=\"fb-video\" data-allowfullscreen=\"true\" data-href=\"https:\/\/www.facebook.com\/celmarcosrocha\/videos\/138376517597718\/?vh=e&#038;d=n\"><\/div>\n\n\n\n<p><br>Como mostram os registros, o secret\u00e1rio fez mais e pior que isso, em apenas um dia.&nbsp;<br><\/p>\n\n\n\n<p>Fez como Bolsonaro.<\/p>\n\n\n\n<figure class=\"wp-block-image size-large\"><img data-recalc-dims=\"1\" loading=\"lazy\" decoding=\"async\" width=\"600\" height=\"328\" data-attachment-id=\"27001\" data-permalink=\"http:\/\/blogdalucianaoliveira.com.br\/blog\/2020\/03\/19\/secretario-de-saude-de-rondonia-imita-bolsonaro-na-live-com-mascara-e-na-rua-sem-mascara\/0775475d-ca1d-4c26-897b-df50fa823110\/\" data-orig-file=\"https:\/\/i0.wp.com\/blogdalucianaoliveira.com.br\/blog\/wp-content\/uploads\/2020\/03\/0775475D-CA1D-4C26-897B-DF50FA823110.jpeg?fit=679%2C371\" data-orig-size=\"679,371\" data-comments-opened=\"0\" data-image-meta=\"{&quot;aperture&quot;:&quot;0&quot;,&quot;credit&quot;:&quot;&quot;,&quot;camera&quot;:&quot;&quot;,&quot;caption&quot;:&quot;&quot;,&quot;created_timestamp&quot;:&quot;0&quot;,&quot;copyright&quot;:&quot;&quot;,&quot;focal_length&quot;:&quot;0&quot;,&quot;iso&quot;:&quot;0&quot;,&quot;shutter_speed&quot;:&quot;0&quot;,&quot;title&quot;:&quot;&quot;,&quot;orientation&quot;:&quot;0&quot;}\" data-image-title=\"0775475D-CA1D-4C26-897B-DF50FA823110\" data-image-description=\"\" data-image-caption=\"\" data-medium-file=\"https:\/\/i0.wp.com\/blogdalucianaoliveira.com.br\/blog\/wp-content\/uploads\/2020\/03\/0775475D-CA1D-4C26-897B-DF50FA823110.jpeg?fit=300%2C164\" data-large-file=\"https:\/\/i0.wp.com\/blogdalucianaoliveira.com.br\/blog\/wp-content\/uploads\/2020\/03\/0775475D-CA1D-4C26-897B-DF50FA823110.jpeg?fit=600%2C328\" src=\"https:\/\/i0.wp.com\/blogdalucianaoliveira.com.br\/blog\/wp-content\/uploads\/2020\/03\/0775475D-CA1D-4C26-897B-DF50FA823110.jpeg?resize=600%2C328\" alt=\"\" class=\"wp-image-27001\" srcset=\"https:\/\/i0.wp.com\/blogdalucianaoliveira.com.br\/blog\/wp-content\/uploads\/2020\/03\/0775475D-CA1D-4C26-897B-DF50FA823110.jpeg?w=679 679w, https:\/\/i0.wp.com\/blogdalucianaoliveira.com.br\/blog\/wp-content\/uploads\/2020\/03\/0775475D-CA1D-4C26-897B-DF50FA823110.jpeg?resize=300%2C164 300w, https:\/\/i0.wp.com\/blogdalucianaoliveira.com.br\/blog\/wp-content\/uploads\/2020\/03\/0775475D-CA1D-4C26-897B-DF50FA823110.jpeg?resize=549%2C300 549w\" sizes=\"auto, (max-width: 600px) 100vw, 600px\" \/><\/figure>\n\n\n\n<p>Em boletim do dia 18\/03, a secretaria de Sa\u00fade  informou que n\u00e3o h\u00e1 casos confirmados da doen\u00e7a no estado. S\u00e3o 51 suspeitas, 69 notifica\u00e7\u00f5es e 18 casos exclu\u00eddos.&nbsp;<br><\/p>\n","protected":false},"excerpt":{"rendered":"<p>Quem viu se indignou com uma foto e um v\u00eddeo em que o secret\u00e1rio de Sa\u00fade de Rond\u00f4nia , Fernando M\u00e1ximo, aparece com e sem m\u00e1scara de prote\u00e7\u00e3o ao coronav\u00edrus.&nbsp;<\/p>\n","protected":false},"author":1,"featured_media":0,"comment_status":"closed","ping_status":"open","sticky":false,"template":"","format":"standard","meta":{"_exactmetrics_skip_tracking":false,"_exactmetrics_sitenote_active":false,"_exactmetrics_sitenote_note":"","_exactmetrics_sitenote_category":0,"jetpack_post_was_ever_published":false,"_jetpack_newsletter_access":"","_jetpack_dont_email_post_to_subs":false,"_jetpack_newsletter_tier_id":0,"_jetpack_memberships_contains_paywalled_content":false,"_jetpack_memberships_contains_paid_content":false,"footnotes":"","jetpack_publicize_message":"","jetpack_publicize_feature_enabled":true,"jetpack_social_post_already_shared":true,"jetpack_social_options":{"image_generator_settings":{"template":"highway","enabled":false},"version":2}},"categories":[1],"tags":[],"class_list":["post-26996","post","type-post","status-publish","format-standard","hentry","category-notas"],"jetpack_publicize_connections":[],"jetpack_sharing_enabled":true,"jetpack_featured_media_url":"","jetpack_shortlink":"https:\/\/wp.me\/p7wKYW-71q","jetpack-related-posts":[],"_links":{"self":[{"href":"http:\/\/blogdalucianaoliveira.com.br\/blog\/wp-json\/wp\/v2\/posts\/26996","targetHints":{"allow":["GET"]}}],"collection":[{"href":"http:\/\/blogdalucianaoliveira.com.br\/blog\/wp-json\/wp\/v2\/posts"}],"about":[{"href":"http:\/\/blogdalucianaoliveira.com.br\/blog\/wp-json\/wp\/v2\/types\/post"}],"author":[{"embeddable":true,"href":"http:\/\/blogdalucianaoliveira.com.br\/blog\/wp-json\/wp\/v2\/users\/1"}],"replies":[{"embeddable":true,"href":"http:\/\/blogdalucianaoliveira.com.br\/blog\/wp-json\/wp\/v2\/comments?post=26996"}],"version-history":[{"count":6,"href":"http:\/\/blogdalucianaoliveira.com.br\/blog\/wp-json\/wp\/v2\/posts\/26996\/revisions"}],"predecessor-version":[{"id":27004,"href":"http:\/\/blogdalucianaoliveira.com.br\/blog\/wp-json\/wp\/v2\/posts\/26996\/revisions\/27004"}],"wp:attachment":[{"href":"http:\/\/blogdalucianaoliveira.com.br\/blog\/wp-json\/wp\/v2\/media?parent=26996"}],"wp:term":[{"taxonomy":"category","embeddable":true,"href":"http:\/\/blogdalucianaoliveira.com.br\/blog\/wp-json\/wp\/v2\/categories?post=26996"},{"taxonomy":"post_tag","embeddable":true,"href":"http:\/\/blogdalucianaoliveira.com.br\/blog\/wp-json\/wp\/v2\/tags?post=26996"}],"curies":[{"name":"wp","href":"https:\/\/api.w.org\/{rel}","templated":true}]}}