{"id":27005,"date":"2020-03-19T19:00:18","date_gmt":"2020-03-19T23:00:18","guid":{"rendered":"http:\/\/blogdalucianaoliveira.com.br\/blog\/?p=27005"},"modified":"2020-03-19T19:00:30","modified_gmt":"2020-03-19T23:00:30","slug":"mp-entra-com-acao-contra-silas-malafaia-para-impedir-cultos-no-rio","status":"publish","type":"post","link":"http:\/\/blogdalucianaoliveira.com.br\/blog\/2020\/03\/19\/mp-entra-com-acao-contra-silas-malafaia-para-impedir-cultos-no-rio\/","title":{"rendered":"MP entra com a\u00e7\u00e3o contra Silas Malafaia para impedir cultos no Rio"},"content":{"rendered":"\n<figure class=\"wp-block-image size-large\"><img data-recalc-dims=\"1\" loading=\"lazy\" decoding=\"async\" width=\"500\" height=\"240\" data-attachment-id=\"27006\" data-permalink=\"http:\/\/blogdalucianaoliveira.com.br\/blog\/2020\/03\/19\/mp-entra-com-acao-contra-silas-malafaia-para-impedir-cultos-no-rio\/image-54-4\/\" data-orig-file=\"https:\/\/i0.wp.com\/blogdalucianaoliveira.com.br\/blog\/wp-content\/uploads\/2020\/03\/image-54.jpeg?fit=500%2C240\" data-orig-size=\"500,240\" data-comments-opened=\"0\" data-image-meta=\"{&quot;aperture&quot;:&quot;0&quot;,&quot;credit&quot;:&quot;&quot;,&quot;camera&quot;:&quot;&quot;,&quot;caption&quot;:&quot;&quot;,&quot;created_timestamp&quot;:&quot;0&quot;,&quot;copyright&quot;:&quot;&quot;,&quot;focal_length&quot;:&quot;0&quot;,&quot;iso&quot;:&quot;0&quot;,&quot;shutter_speed&quot;:&quot;0&quot;,&quot;title&quot;:&quot;&quot;,&quot;orientation&quot;:&quot;0&quot;}\" data-image-title=\"image-54\" data-image-description=\"\" data-image-caption=\"\" data-medium-file=\"https:\/\/i0.wp.com\/blogdalucianaoliveira.com.br\/blog\/wp-content\/uploads\/2020\/03\/image-54.jpeg?fit=300%2C144\" data-large-file=\"https:\/\/i0.wp.com\/blogdalucianaoliveira.com.br\/blog\/wp-content\/uploads\/2020\/03\/image-54.jpeg?fit=500%2C240\" src=\"https:\/\/i0.wp.com\/blogdalucianaoliveira.com.br\/blog\/wp-content\/uploads\/2020\/03\/image-54.jpeg?resize=500%2C240\" alt=\"\" class=\"wp-image-27006\" srcset=\"https:\/\/i0.wp.com\/blogdalucianaoliveira.com.br\/blog\/wp-content\/uploads\/2020\/03\/image-54.jpeg?w=500 500w, https:\/\/i0.wp.com\/blogdalucianaoliveira.com.br\/blog\/wp-content\/uploads\/2020\/03\/image-54.jpeg?resize=300%2C144 300w\" sizes=\"auto, (max-width: 500px) 100vw, 500px\" \/><\/figure>\n\n\n\n<p>247 &#8211; Depois de desautorizar publicamente autoridades de sa\u00fade ao se recusar a fechar suas igrejas, o empres\u00e1rio Silas Malafaia virou alvo de uma a\u00e7\u00e3o c\u00edvel p\u00fablica ingressada pelo Minist\u00e9rio P\u00fablico do Rio de Janeiro nesta quinta-feira 19, informa o\u00a0<a rel=\"noreferrer noopener\" target=\"_blank\" href=\"https:\/\/blogs.oglobo.globo.com\/ancelmo\/post\/ministerio-publico-entra-com-acao-contra-silas-malafaia-para-impedir-cultos-no-estado-do-rio.html\">jornalista Ancelmo Gois, do Globo<\/a>. Tamb\u00e9m \u00e9 alvo da a\u00e7\u00e3o a Assembleia de Deus Vit\u00f3ria em Cristo (ADVEC).\u00a0<\/p>\n\n\n\n<!--more-->\n\n\n\n<p>\u201cO pedido imediato \u00e9 para que ambos n\u00e3o realizem cultos em todas as sedes da ADVEC no estado do Rio enquanto perdurarem as medidas restritivas \u00e0 forma\u00e7\u00e3o de aglomera\u00e7\u00e3o de pessoas. Sugere ainda multa di\u00e1ria de R$ 10 mil em caso do descumprimento da medida. A a\u00e7\u00e3o \u00e9 liderada pela 7\u00aa Promotoria de Justi\u00e7a de Tutela Coletiva de Defesa da Cidadania da Capital\u201d, noticia o colunista.<\/p>\n\n\n\n<p>A a\u00e7\u00e3o \u00e9 apresentada pouco depois de Malafaia&nbsp;<a target=\"_blank\" href=\"https:\/\/www.brasil247.com\/brasil\/malafaia-coloca-fieis-em-risco-e-desafia-bolsonaro-a-fechar-sua-igreja\" rel=\"noreferrer noopener\">desafiar autoridades a fecharem suas igrejas<\/a>&nbsp;e ainda a&nbsp;<a target=\"_blank\" href=\"https:\/\/www.brasil247.com\/brasil\/malafaia-se-compara-a-medico-e-diz-que-vai-proteger-seus-fieis-expostos-ao-coronavirus\" rel=\"noreferrer noopener\">se comparar a um m\u00e9dico<\/a>, ao afirmar que proteger\u00e1 seus fi\u00e9is do coronav\u00edrus. Em um culto, Malafaia incentivou os cerca de 350 fi\u00e9is a continuarem a frequentar a igreja, \u201clugar de maior prote\u00e7\u00e3o\u201d, segundo ele. \u201cN\u00e3o vou entrar nessa paranoia\u201d, afirmou ainda, minimizando os riscos da pandemia.<\/p>\n","protected":false},"excerpt":{"rendered":"<p>247 &#8211; Depois de desautorizar publicamente autoridades de sa\u00fade ao se recusar a fechar suas igrejas, o empres\u00e1rio Silas Malafaia virou alvo de uma a\u00e7\u00e3o c\u00edvel p\u00fablica ingressada pelo Minist\u00e9rio P\u00fablico do Rio de Janeiro nesta quinta-feira 19, informa o\u00a0jornalista Ancelmo Gois, do Globo. Tamb\u00e9m \u00e9 alvo da a\u00e7\u00e3o a Assembleia de Deus Vit\u00f3ria em&#8230;<a class=\"more-link\" href=\"http:\/\/blogdalucianaoliveira.com.br\/blog\/2020\/03\/19\/mp-entra-com-acao-contra-silas-malafaia-para-impedir-cultos-no-rio\/\">Continue a leitura <span class=\"meta-nav\">&raquo;<\/span><\/a><\/p>\n","protected":false},"author":1,"featured_media":0,"comment_status":"closed","ping_status":"open","sticky":false,"template":"","format":"standard","meta":{"_exactmetrics_skip_tracking":false,"_exactmetrics_sitenote_active":false,"_exactmetrics_sitenote_note":"","_exactmetrics_sitenote_category":0,"jetpack_post_was_ever_published":false,"_jetpack_newsletter_access":"","_jetpack_dont_email_post_to_subs":false,"_jetpack_newsletter_tier_id":0,"_jetpack_memberships_contains_paywalled_content":false,"_jetpack_memberships_contains_paid_content":false,"footnotes":"","jetpack_publicize_message":"","jetpack_publicize_feature_enabled":true,"jetpack_social_post_already_shared":true,"jetpack_social_options":{"image_generator_settings":{"template":"highway","enabled":false},"version":2}},"categories":[1],"tags":[],"class_list":["post-27005","post","type-post","status-publish","format-standard","hentry","category-notas"],"jetpack_publicize_connections":[],"jetpack_sharing_enabled":true,"jetpack_featured_media_url":"","jetpack_shortlink":"https:\/\/wp.me\/p7wKYW-71z","jetpack-related-posts":[],"_links":{"self":[{"href":"http:\/\/blogdalucianaoliveira.com.br\/blog\/wp-json\/wp\/v2\/posts\/27005","targetHints":{"allow":["GET"]}}],"collection":[{"href":"http:\/\/blogdalucianaoliveira.com.br\/blog\/wp-json\/wp\/v2\/posts"}],"about":[{"href":"http:\/\/blogdalucianaoliveira.com.br\/blog\/wp-json\/wp\/v2\/types\/post"}],"author":[{"embeddable":true,"href":"http:\/\/blogdalucianaoliveira.com.br\/blog\/wp-json\/wp\/v2\/users\/1"}],"replies":[{"embeddable":true,"href":"http:\/\/blogdalucianaoliveira.com.br\/blog\/wp-json\/wp\/v2\/comments?post=27005"}],"version-history":[{"count":1,"href":"http:\/\/blogdalucianaoliveira.com.br\/blog\/wp-json\/wp\/v2\/posts\/27005\/revisions"}],"predecessor-version":[{"id":27007,"href":"http:\/\/blogdalucianaoliveira.com.br\/blog\/wp-json\/wp\/v2\/posts\/27005\/revisions\/27007"}],"wp:attachment":[{"href":"http:\/\/blogdalucianaoliveira.com.br\/blog\/wp-json\/wp\/v2\/media?parent=27005"}],"wp:term":[{"taxonomy":"category","embeddable":true,"href":"http:\/\/blogdalucianaoliveira.com.br\/blog\/wp-json\/wp\/v2\/categories?post=27005"},{"taxonomy":"post_tag","embeddable":true,"href":"http:\/\/blogdalucianaoliveira.com.br\/blog\/wp-json\/wp\/v2\/tags?post=27005"}],"curies":[{"name":"wp","href":"https:\/\/api.w.org\/{rel}","templated":true}]}}