{"id":27008,"date":"2020-03-19T19:18:17","date_gmt":"2020-03-19T23:18:17","guid":{"rendered":"http:\/\/blogdalucianaoliveira.com.br\/blog\/?p=27008"},"modified":"2020-03-19T19:18:28","modified_gmt":"2020-03-19T23:18:28","slug":"nas-redes-panelaco-contra-bolsonaro-foi-45-maior-que-apoio-ao-governo","status":"publish","type":"post","link":"http:\/\/blogdalucianaoliveira.com.br\/blog\/2020\/03\/19\/nas-redes-panelaco-contra-bolsonaro-foi-45-maior-que-apoio-ao-governo\/","title":{"rendered":"Nas redes, panela\u00e7o contra Bolsonaro foi 45% maior que apoio ao governo"},"content":{"rendered":"\n<figure class=\"wp-block-image size-large\"><img data-recalc-dims=\"1\" loading=\"lazy\" decoding=\"async\" width=\"500\" height=\"240\" data-attachment-id=\"27009\" data-permalink=\"http:\/\/blogdalucianaoliveira.com.br\/blog\/2020\/03\/19\/nas-redes-panelaco-contra-bolsonaro-foi-45-maior-que-apoio-ao-governo\/image-55-4\/\" data-orig-file=\"https:\/\/i0.wp.com\/blogdalucianaoliveira.com.br\/blog\/wp-content\/uploads\/2020\/03\/image-55.jpeg?fit=500%2C240\" data-orig-size=\"500,240\" data-comments-opened=\"0\" data-image-meta=\"{&quot;aperture&quot;:&quot;0&quot;,&quot;credit&quot;:&quot;&quot;,&quot;camera&quot;:&quot;&quot;,&quot;caption&quot;:&quot;&quot;,&quot;created_timestamp&quot;:&quot;0&quot;,&quot;copyright&quot;:&quot;&quot;,&quot;focal_length&quot;:&quot;0&quot;,&quot;iso&quot;:&quot;0&quot;,&quot;shutter_speed&quot;:&quot;0&quot;,&quot;title&quot;:&quot;&quot;,&quot;orientation&quot;:&quot;0&quot;}\" data-image-title=\"image-55\" data-image-description=\"\" data-image-caption=\"\" data-medium-file=\"https:\/\/i0.wp.com\/blogdalucianaoliveira.com.br\/blog\/wp-content\/uploads\/2020\/03\/image-55.jpeg?fit=300%2C144\" data-large-file=\"https:\/\/i0.wp.com\/blogdalucianaoliveira.com.br\/blog\/wp-content\/uploads\/2020\/03\/image-55.jpeg?fit=500%2C240\" src=\"https:\/\/i0.wp.com\/blogdalucianaoliveira.com.br\/blog\/wp-content\/uploads\/2020\/03\/image-55.jpeg?resize=500%2C240\" alt=\"\" class=\"wp-image-27009\" srcset=\"https:\/\/i0.wp.com\/blogdalucianaoliveira.com.br\/blog\/wp-content\/uploads\/2020\/03\/image-55.jpeg?w=500 500w, https:\/\/i0.wp.com\/blogdalucianaoliveira.com.br\/blog\/wp-content\/uploads\/2020\/03\/image-55.jpeg?resize=300%2C144 300w\" sizes=\"auto, (max-width: 500px) 100vw, 500px\" \/><\/figure>\n\n\n\n<p>247 &#8211; O panela\u00e7o contra Jair Bolsonaro movimentou as redes sociais nesta quarta-feira (18). Entre as 18 horas de quarta e 2 horas de quinta (19), foram publicados, pelo menos, 370 mil tu\u00edtes envolvendo o panela\u00e7o, sendo 220,5 mil contr\u00e1rias a Bolsonaro e 152,4 mil favor\u00e1veis, ou seja, 45% contr\u00e1rios.<\/p>\n\n\n\n<!--more-->\n\n\n\n<p>Os dados fazem parte de uma levantamento feito pela Sala de Democracia Digital da Funda\u00e7\u00e3o Get\u00falio Vergas (FGV) e publicado pelo Congresso em Foco.<\/p>\n\n\n\n<p>Segundo dados da FGV, a principal hashtag cr\u00edtica ao presidente foi #forabolsonaro, com 102,5 mil refer\u00eancias, seguida de perto pela varia\u00e7\u00e3o #forabolsonaros, com 92,6 mil men\u00e7\u00f5es. A #panela\u00e7o18m, contou com 60,9 mil publica\u00e7\u00f5es, ficando em terceiro lugar.<\/p>\n\n\n\n<p>Os opositores ao presidente obtiveram um pico de tu\u00edtes \u00e0s 20h45, \u00a0quando somaram 2,2 mil novos tu\u00edtes por minuto. J\u00e1 os bolsonaristas conseguiram maior relev\u00e2ncia \u00e0s 21h45, com 1,2 mil tu\u00edtes por minuto.<\/p>\n","protected":false},"excerpt":{"rendered":"<p>247 &#8211; O panela\u00e7o contra Jair Bolsonaro movimentou as redes sociais nesta quarta-feira (18). Entre as 18 horas de quarta e 2 horas de quinta (19), foram publicados, pelo menos, 370 mil tu\u00edtes envolvendo o panela\u00e7o, sendo 220,5 mil contr\u00e1rias a Bolsonaro e 152,4 mil favor\u00e1veis, ou seja, 45% contr\u00e1rios.<\/p>\n","protected":false},"author":1,"featured_media":0,"comment_status":"closed","ping_status":"open","sticky":false,"template":"","format":"standard","meta":{"_exactmetrics_skip_tracking":false,"_exactmetrics_sitenote_active":false,"_exactmetrics_sitenote_note":"","_exactmetrics_sitenote_category":0,"jetpack_post_was_ever_published":false,"_jetpack_newsletter_access":"","_jetpack_dont_email_post_to_subs":false,"_jetpack_newsletter_tier_id":0,"_jetpack_memberships_contains_paywalled_content":false,"_jetpack_memberships_contains_paid_content":false,"footnotes":"","jetpack_publicize_message":"","jetpack_publicize_feature_enabled":true,"jetpack_social_post_already_shared":true,"jetpack_social_options":{"image_generator_settings":{"template":"highway","enabled":false},"version":2}},"categories":[1],"tags":[],"class_list":["post-27008","post","type-post","status-publish","format-standard","hentry","category-notas"],"jetpack_publicize_connections":[],"jetpack_sharing_enabled":true,"jetpack_featured_media_url":"","jetpack_shortlink":"https:\/\/wp.me\/p7wKYW-71C","jetpack-related-posts":[],"_links":{"self":[{"href":"http:\/\/blogdalucianaoliveira.com.br\/blog\/wp-json\/wp\/v2\/posts\/27008","targetHints":{"allow":["GET"]}}],"collection":[{"href":"http:\/\/blogdalucianaoliveira.com.br\/blog\/wp-json\/wp\/v2\/posts"}],"about":[{"href":"http:\/\/blogdalucianaoliveira.com.br\/blog\/wp-json\/wp\/v2\/types\/post"}],"author":[{"embeddable":true,"href":"http:\/\/blogdalucianaoliveira.com.br\/blog\/wp-json\/wp\/v2\/users\/1"}],"replies":[{"embeddable":true,"href":"http:\/\/blogdalucianaoliveira.com.br\/blog\/wp-json\/wp\/v2\/comments?post=27008"}],"version-history":[{"count":1,"href":"http:\/\/blogdalucianaoliveira.com.br\/blog\/wp-json\/wp\/v2\/posts\/27008\/revisions"}],"predecessor-version":[{"id":27010,"href":"http:\/\/blogdalucianaoliveira.com.br\/blog\/wp-json\/wp\/v2\/posts\/27008\/revisions\/27010"}],"wp:attachment":[{"href":"http:\/\/blogdalucianaoliveira.com.br\/blog\/wp-json\/wp\/v2\/media?parent=27008"}],"wp:term":[{"taxonomy":"category","embeddable":true,"href":"http:\/\/blogdalucianaoliveira.com.br\/blog\/wp-json\/wp\/v2\/categories?post=27008"},{"taxonomy":"post_tag","embeddable":true,"href":"http:\/\/blogdalucianaoliveira.com.br\/blog\/wp-json\/wp\/v2\/tags?post=27008"}],"curies":[{"name":"wp","href":"https:\/\/api.w.org\/{rel}","templated":true}]}}