{"id":27014,"date":"2020-03-19T22:38:27","date_gmt":"2020-03-20T02:38:27","guid":{"rendered":"http:\/\/blogdalucianaoliveira.com.br\/blog\/?p=27014"},"modified":"2020-03-19T22:59:27","modified_gmt":"2020-03-20T02:59:27","slug":"rondonia-tem-primeiro-caso-de-coronavirus-confirmado","status":"publish","type":"post","link":"http:\/\/blogdalucianaoliveira.com.br\/blog\/2020\/03\/19\/rondonia-tem-primeiro-caso-de-coronavirus-confirmado\/","title":{"rendered":"Rond\u00f4nia tem primeiro caso de coronav\u00edrus confirmado"},"content":{"rendered":"\n<figure class=\"wp-block-image size-large\"><img data-recalc-dims=\"1\" loading=\"lazy\" decoding=\"async\" width=\"287\" height=\"175\" data-attachment-id=\"27015\" data-permalink=\"http:\/\/blogdalucianaoliveira.com.br\/blog\/2020\/03\/19\/rondonia-tem-primeiro-caso-de-coronavirus-confirmado\/image-57-4\/\" data-orig-file=\"https:\/\/i0.wp.com\/blogdalucianaoliveira.com.br\/blog\/wp-content\/uploads\/2020\/03\/image-57.jpeg?fit=287%2C175\" data-orig-size=\"287,175\" data-comments-opened=\"0\" data-image-meta=\"{&quot;aperture&quot;:&quot;0&quot;,&quot;credit&quot;:&quot;&quot;,&quot;camera&quot;:&quot;&quot;,&quot;caption&quot;:&quot;&quot;,&quot;created_timestamp&quot;:&quot;0&quot;,&quot;copyright&quot;:&quot;&quot;,&quot;focal_length&quot;:&quot;0&quot;,&quot;iso&quot;:&quot;0&quot;,&quot;shutter_speed&quot;:&quot;0&quot;,&quot;title&quot;:&quot;&quot;,&quot;orientation&quot;:&quot;0&quot;}\" data-image-title=\"image-57\" data-image-description=\"\" data-image-caption=\"\" data-medium-file=\"https:\/\/i0.wp.com\/blogdalucianaoliveira.com.br\/blog\/wp-content\/uploads\/2020\/03\/image-57.jpeg?fit=287%2C175\" data-large-file=\"https:\/\/i0.wp.com\/blogdalucianaoliveira.com.br\/blog\/wp-content\/uploads\/2020\/03\/image-57.jpeg?fit=287%2C175\" src=\"https:\/\/i0.wp.com\/blogdalucianaoliveira.com.br\/blog\/wp-content\/uploads\/2020\/03\/image-57.jpeg?resize=287%2C175\" alt=\"\" class=\"wp-image-27015\"\/><\/figure>\n\n\n\n<p>A informa\u00e7\u00e3o foi dada por meio de nota oficial da Prefeitura de Ji-Paran\u00e1, na regi\u00e3o central do estado.  O prefeito Marcito Pinto divulgou em sua p\u00e1gina no Facebook. <\/p>\n\n\n\n<!--more-->\n\n\n\n<p><strong>Nota Oficial<\/strong><\/p>\n\n\n\n<p>A Prefeitura Municipal de Ji-Paran\u00e1, por meio da Secretaria Municipal de Sa\u00fade, informa \u00e0 popula\u00e7\u00e3o que foi confirmado o primeiro caso de paciente com resultado positivo para Coronav\u00edrus (Covid-19) em Rond\u00f4nia, sendo o registro feito na cidade de Ji-Paran\u00e1.<\/p>\n\n\n\n<p>Trata-se de um morador da cidade de S\u00e3o Paulo, que esteve em viagem a trabalho no munic\u00edpio, onde ap\u00f3s sentir os sintomas, contratou equipe m\u00e9dica particular para realizar o acompanhamento. Foram coletadas amostras na cidade e enviadas para an\u00e1lise em laborat\u00f3rio da rede de sa\u00fade privada. Ap\u00f3s este procedimento, o paciente fretou voo particular retornando para sua cidade, onde permanece em observa\u00e7\u00e3o e em isolamento social.<\/p>\n\n\n\n<p>O resultado do exame diagnosticado como positivo foi entregue no in\u00edcio da noite desta quinta-feira (19) ao departamento de epidemiologia de Ji-Paran\u00e1 que de imediato registrou o caso no sistema nacional de controle.&nbsp;&nbsp;&nbsp;&nbsp;&nbsp;&nbsp;&nbsp;&nbsp;&nbsp;&nbsp;&nbsp;&nbsp;&nbsp;&nbsp;<\/p>\n\n\n\n<p>Diante desta situa\u00e7\u00e3o e comprometida com o bem-estar social da popula\u00e7\u00e3o, a Prefeitura de Ji-Paran\u00e1 conclama a popula\u00e7\u00e3o para que tomem todas as medidas protetivas de higieniza\u00e7\u00e3o e evite o conv\u00edvio social. O sucesso das a\u00e7\u00f5es governamentais para evitar a dissemina\u00e7\u00e3o do Covid-19 depende diretamente do comportamento individual e coletivo da nossa sociedade. A preven\u00e7\u00e3o est\u00e1 em nossas m\u00e3os.<\/p>\n\n\n\n<p>Para maiores esclarecimentos, nesta sexta-feira (20), \u00e0s 09:00 horas, o Prefeito Municipal Marcito Pinto, o Secret\u00e1rio Municipal de Sa\u00fade, Rafael Papa, o diretor do departamento de Epidemiologia, Thiago Butzke freire, conceder\u00e3o entrevista \u00e0 imprensa, no Audit\u00f3rio da Secretaria Municipal de Assist\u00eancia Social (Semas).<\/p>\n\n\n\n<p>O infectologista, Luiz Henrique Duarte, gravou um v\u00eddeo em que fala do atendimento ao diagn\u00f3stico positivo para Covid-19 de um homem de 29 anos. <br><br><\/p>\n\n\n\n<figure class=\"wp-block-embed-youtube wp-block-embed is-type-video is-provider-youtube wp-embed-aspect-4-3 wp-has-aspect-ratio\"><div class=\"wp-block-embed__wrapper\">\n<div class=\"jetpack-video-wrapper\"><span class=\"embed-youtube\" style=\"text-align:center; display: block;\"><iframe loading=\"lazy\" class=\"youtube-player\" width=\"600\" height=\"338\" src=\"https:\/\/www.youtube.com\/embed\/3g79kzI6qv4?version=3&#038;rel=1&#038;showsearch=0&#038;showinfo=1&#038;iv_load_policy=1&#038;fs=1&#038;hl=pt-BR&#038;autohide=2&#038;wmode=transparent\" allowfullscreen=\"true\" style=\"border:0;\" sandbox=\"allow-scripts allow-same-origin allow-popups allow-presentation allow-popups-to-escape-sandbox\"><\/iframe><\/span><\/div>\n<\/div><\/figure>\n\n\n\n\n\n<figure class=\"wp-block-embed-youtube wp-block-embed is-type-video is-provider-youtube wp-embed-aspect-4-3 wp-has-aspect-ratio\"><div class=\"wp-block-embed__wrapper\">\n<div class=\"jetpack-video-wrapper\"><span class=\"embed-youtube\" style=\"text-align:center; display: block;\"><iframe loading=\"lazy\" class=\"youtube-player\" width=\"600\" height=\"338\" src=\"https:\/\/www.youtube.com\/embed\/m6IH-aShJGo?version=3&#038;rel=1&#038;showsearch=0&#038;showinfo=1&#038;iv_load_policy=1&#038;fs=1&#038;hl=pt-BR&#038;autohide=2&#038;wmode=transparent\" allowfullscreen=\"true\" style=\"border:0;\" sandbox=\"allow-scripts allow-same-origin allow-popups allow-presentation allow-popups-to-escape-sandbox\"><\/iframe><\/span><\/div>\n<\/div><\/figure>\n","protected":false},"excerpt":{"rendered":"<p>A informa\u00e7\u00e3o foi dada por meio de nota oficial da Prefeitura de Ji-Paran\u00e1, na regi\u00e3o central do estado. O prefeito Marcito Pinto divulgou em sua p\u00e1gina no Facebook.<\/p>\n","protected":false},"author":1,"featured_media":0,"comment_status":"closed","ping_status":"open","sticky":false,"template":"","format":"standard","meta":{"_exactmetrics_skip_tracking":false,"_exactmetrics_sitenote_active":false,"_exactmetrics_sitenote_note":"","_exactmetrics_sitenote_category":0,"jetpack_post_was_ever_published":false,"_jetpack_newsletter_access":"","_jetpack_dont_email_post_to_subs":false,"_jetpack_newsletter_tier_id":0,"_jetpack_memberships_contains_paywalled_content":false,"_jetpack_memberships_contains_paid_content":false,"footnotes":"","jetpack_publicize_message":"","jetpack_publicize_feature_enabled":true,"jetpack_social_post_already_shared":true,"jetpack_social_options":{"image_generator_settings":{"template":"highway","enabled":false},"version":2}},"categories":[1],"tags":[],"class_list":["post-27014","post","type-post","status-publish","format-standard","hentry","category-notas"],"jetpack_publicize_connections":[],"jetpack_sharing_enabled":true,"jetpack_featured_media_url":"","jetpack_shortlink":"https:\/\/wp.me\/p7wKYW-71I","jetpack-related-posts":[],"_links":{"self":[{"href":"http:\/\/blogdalucianaoliveira.com.br\/blog\/wp-json\/wp\/v2\/posts\/27014","targetHints":{"allow":["GET"]}}],"collection":[{"href":"http:\/\/blogdalucianaoliveira.com.br\/blog\/wp-json\/wp\/v2\/posts"}],"about":[{"href":"http:\/\/blogdalucianaoliveira.com.br\/blog\/wp-json\/wp\/v2\/types\/post"}],"author":[{"embeddable":true,"href":"http:\/\/blogdalucianaoliveira.com.br\/blog\/wp-json\/wp\/v2\/users\/1"}],"replies":[{"embeddable":true,"href":"http:\/\/blogdalucianaoliveira.com.br\/blog\/wp-json\/wp\/v2\/comments?post=27014"}],"version-history":[{"count":3,"href":"http:\/\/blogdalucianaoliveira.com.br\/blog\/wp-json\/wp\/v2\/posts\/27014\/revisions"}],"predecessor-version":[{"id":27020,"href":"http:\/\/blogdalucianaoliveira.com.br\/blog\/wp-json\/wp\/v2\/posts\/27014\/revisions\/27020"}],"wp:attachment":[{"href":"http:\/\/blogdalucianaoliveira.com.br\/blog\/wp-json\/wp\/v2\/media?parent=27014"}],"wp:term":[{"taxonomy":"category","embeddable":true,"href":"http:\/\/blogdalucianaoliveira.com.br\/blog\/wp-json\/wp\/v2\/categories?post=27014"},{"taxonomy":"post_tag","embeddable":true,"href":"http:\/\/blogdalucianaoliveira.com.br\/blog\/wp-json\/wp\/v2\/tags?post=27014"}],"curies":[{"name":"wp","href":"https:\/\/api.w.org\/{rel}","templated":true}]}}