{"id":27021,"date":"2020-03-20T08:36:54","date_gmt":"2020-03-20T12:36:54","guid":{"rendered":"http:\/\/blogdalucianaoliveira.com.br\/blog\/?p=27021"},"modified":"2020-03-20T08:37:04","modified_gmt":"2020-03-20T12:37:04","slug":"senador-major-olimpio-defende-que-bolsonaro-coloque-o-filho-eduardo-em-quarentena","status":"publish","type":"post","link":"http:\/\/blogdalucianaoliveira.com.br\/blog\/2020\/03\/20\/senador-major-olimpio-defende-que-bolsonaro-coloque-o-filho-eduardo-em-quarentena\/","title":{"rendered":"Senador Major Ol\u00edmpio defende que Bolsonaro coloque o filho Eduardo em quarentena"},"content":{"rendered":"\n<figure class=\"wp-block-image size-large\"><img data-recalc-dims=\"1\" loading=\"lazy\" decoding=\"async\" width=\"500\" height=\"240\" data-attachment-id=\"27022\" data-permalink=\"http:\/\/blogdalucianaoliveira.com.br\/blog\/2020\/03\/20\/senador-major-olimpio-defende-que-bolsonaro-coloque-o-filho-eduardo-em-quarentena\/image-58-4\/\" data-orig-file=\"https:\/\/i0.wp.com\/blogdalucianaoliveira.com.br\/blog\/wp-content\/uploads\/2020\/03\/image-58.jpeg?fit=500%2C240\" data-orig-size=\"500,240\" data-comments-opened=\"0\" data-image-meta=\"{&quot;aperture&quot;:&quot;0&quot;,&quot;credit&quot;:&quot;&quot;,&quot;camera&quot;:&quot;&quot;,&quot;caption&quot;:&quot;&quot;,&quot;created_timestamp&quot;:&quot;0&quot;,&quot;copyright&quot;:&quot;&quot;,&quot;focal_length&quot;:&quot;0&quot;,&quot;iso&quot;:&quot;0&quot;,&quot;shutter_speed&quot;:&quot;0&quot;,&quot;title&quot;:&quot;&quot;,&quot;orientation&quot;:&quot;0&quot;}\" data-image-title=\"image-58\" data-image-description=\"\" data-image-caption=\"\" data-medium-file=\"https:\/\/i0.wp.com\/blogdalucianaoliveira.com.br\/blog\/wp-content\/uploads\/2020\/03\/image-58.jpeg?fit=300%2C144\" data-large-file=\"https:\/\/i0.wp.com\/blogdalucianaoliveira.com.br\/blog\/wp-content\/uploads\/2020\/03\/image-58.jpeg?fit=500%2C240\" src=\"https:\/\/i0.wp.com\/blogdalucianaoliveira.com.br\/blog\/wp-content\/uploads\/2020\/03\/image-58.jpeg?resize=500%2C240\" alt=\"\" class=\"wp-image-27022\" srcset=\"https:\/\/i0.wp.com\/blogdalucianaoliveira.com.br\/blog\/wp-content\/uploads\/2020\/03\/image-58.jpeg?w=500 500w, https:\/\/i0.wp.com\/blogdalucianaoliveira.com.br\/blog\/wp-content\/uploads\/2020\/03\/image-58.jpeg?resize=300%2C144 300w\" sizes=\"auto, (max-width: 500px) 100vw, 500px\" \/><\/figure>\n\n\n\n<p>247 &#8211; O senador Major Ol\u00edmpio (PSL-SP) aconselhou Jair Bolsonaro a botar o deputado federal Eduardo Bolsonaro (PSL-SP) em quarentena. \u201cO presidente tem de tomar atitude, botar o filho na quarentena. Faz quarentena no celular. Manda para qualquer lugar do mundo\u201d, afirmou o parlamentar em entrevista ao\u00a0<a rel=\"noreferrer noopener\" target=\"_blank\" href=\"https:\/\/congressoemfoco.uol.com.br\/governo\/bolsonaro-esta-isolado-e-pode-sofrer-impeachment-diz-o-aliado-major-olimpio\/\">site Congresso em Foco<\/a>.<\/p>\n\n\n\n<!--more-->\n\n\n\n<p>&#8220;Se n\u00e3o quer ajudar a carregar o caix\u00e3o, sai de cima, n\u00e3o faz peso&#8221;, afirma. &#8220;Vai em cima e ainda fica pulando em cima? Para arrebentar as m\u00e3os de quem est\u00e1 carregando. Meu Deus do c\u00e9u&#8221;, continuou.&nbsp;<\/p>\n\n\n\n<p>O senador diz ficar &#8220;imaginando a hora que o Paulo Guedes viu o governo chin\u00eas se manifestando contra&#8221;. &#8220;\u00c9 um chute em todos que est\u00e3o querendo ajudar neste momento. Para de imaginar que o mundo \u00e9 feito de like, curtida, rancor e \u00f3dio&#8221;.&nbsp;<\/p>\n","protected":false},"excerpt":{"rendered":"<p>247 &#8211; O senador Major Ol\u00edmpio (PSL-SP) aconselhou Jair Bolsonaro a botar o deputado federal Eduardo Bolsonaro (PSL-SP) em quarentena. \u201cO presidente tem de tomar atitude, botar o filho na quarentena. Faz quarentena no celular. Manda para qualquer lugar do mundo\u201d, afirmou o parlamentar em entrevista ao\u00a0site Congresso em Foco.<\/p>\n","protected":false},"author":1,"featured_media":0,"comment_status":"closed","ping_status":"open","sticky":false,"template":"","format":"standard","meta":{"_exactmetrics_skip_tracking":false,"_exactmetrics_sitenote_active":false,"_exactmetrics_sitenote_note":"","_exactmetrics_sitenote_category":0,"jetpack_post_was_ever_published":false,"_jetpack_newsletter_access":"","_jetpack_dont_email_post_to_subs":false,"_jetpack_newsletter_tier_id":0,"_jetpack_memberships_contains_paywalled_content":false,"_jetpack_memberships_contains_paid_content":false,"footnotes":"","jetpack_publicize_message":"","jetpack_publicize_feature_enabled":true,"jetpack_social_post_already_shared":true,"jetpack_social_options":{"image_generator_settings":{"template":"highway","enabled":false},"version":2}},"categories":[1],"tags":[],"class_list":["post-27021","post","type-post","status-publish","format-standard","hentry","category-notas"],"jetpack_publicize_connections":[],"jetpack_sharing_enabled":true,"jetpack_featured_media_url":"","jetpack_shortlink":"https:\/\/wp.me\/p7wKYW-71P","jetpack-related-posts":[],"_links":{"self":[{"href":"http:\/\/blogdalucianaoliveira.com.br\/blog\/wp-json\/wp\/v2\/posts\/27021","targetHints":{"allow":["GET"]}}],"collection":[{"href":"http:\/\/blogdalucianaoliveira.com.br\/blog\/wp-json\/wp\/v2\/posts"}],"about":[{"href":"http:\/\/blogdalucianaoliveira.com.br\/blog\/wp-json\/wp\/v2\/types\/post"}],"author":[{"embeddable":true,"href":"http:\/\/blogdalucianaoliveira.com.br\/blog\/wp-json\/wp\/v2\/users\/1"}],"replies":[{"embeddable":true,"href":"http:\/\/blogdalucianaoliveira.com.br\/blog\/wp-json\/wp\/v2\/comments?post=27021"}],"version-history":[{"count":1,"href":"http:\/\/blogdalucianaoliveira.com.br\/blog\/wp-json\/wp\/v2\/posts\/27021\/revisions"}],"predecessor-version":[{"id":27023,"href":"http:\/\/blogdalucianaoliveira.com.br\/blog\/wp-json\/wp\/v2\/posts\/27021\/revisions\/27023"}],"wp:attachment":[{"href":"http:\/\/blogdalucianaoliveira.com.br\/blog\/wp-json\/wp\/v2\/media?parent=27021"}],"wp:term":[{"taxonomy":"category","embeddable":true,"href":"http:\/\/blogdalucianaoliveira.com.br\/blog\/wp-json\/wp\/v2\/categories?post=27021"},{"taxonomy":"post_tag","embeddable":true,"href":"http:\/\/blogdalucianaoliveira.com.br\/blog\/wp-json\/wp\/v2\/tags?post=27021"}],"curies":[{"name":"wp","href":"https:\/\/api.w.org\/{rel}","templated":true}]}}