{"id":27025,"date":"2020-03-20T09:32:47","date_gmt":"2020-03-20T13:32:47","guid":{"rendered":"http:\/\/blogdalucianaoliveira.com.br\/blog\/?p=27025"},"modified":"2020-03-20T09:33:00","modified_gmt":"2020-03-20T13:33:00","slug":"aprovacao-de-bolsonaro-volta-ao-pior-nivel-e-e-superada-pela-desaprovacao","status":"publish","type":"post","link":"http:\/\/blogdalucianaoliveira.com.br\/blog\/2020\/03\/20\/aprovacao-de-bolsonaro-volta-ao-pior-nivel-e-e-superada-pela-desaprovacao\/","title":{"rendered":"Aprova\u00e7\u00e3o de Bolsonaro volta ao pior n\u00edvel e \u00e9 superada pela desaprova\u00e7\u00e3o"},"content":{"rendered":"\n<figure class=\"wp-block-image\"><img data-recalc-dims=\"1\" decoding=\"async\" src=\"https:\/\/i0.wp.com\/publisher-publish.s3.eu-central-1.amazonaws.com\/pb-brasil247\/swp\/jtjeq9\/media\/20200320090332_896208e2-6f99-41e4-8b33-87a449bcf340.jpeg?w=600&#038;ssl=1\" alt=\"Jair Bolsonaro\"\/><\/figure>\n\n\n\n<p>247 &#8211; Em meio \u00e0 crise provocada pelo avan\u00e7o do novo coronav\u00edrus e seus efeitos sobre a sa\u00fade p\u00fablica e sobre a economia, a popularidade do presidente Jair Bolsonaro (sem partido) oscilou de volta ao seu menor patamar desde o in\u00edcio do mandato, h\u00e1 15 meses. \u00c9 o que mostra a nova rodada da pesquisa XP\/Ipespe, divulgada nesta sexta-feira (20).<\/p>\n\n\n\n<!--more-->\n\n\n\n<p>Segundo o levantamento, realizado entre os dias 16 e 18 mar\u00e7o, as avalia\u00e7\u00f5es positivas (\u201c\u00f3timo\u201d ou \u201cbom\u201d) do atual governo atingiram a marca de 30%, o que corresponde a um recuo de 4 pontos percentuais em rela\u00e7\u00e3o \u00e0 fotografia de fevereiro. O novo patamar registrado \u00e9 o mesmo observado em setembro do ano passado.<\/p>\n\n\n\n<p>J\u00e1 as avalia\u00e7\u00f5es negativas (\u201cruim\u201d ou \u201cp\u00e9ssimo\u201d) ficaram em 36%, mesma marca do levantamento anterior e 5 pontos percentuais abaixo do pico de setembro. Enquanto o grupo dos que avaliam a atual administra\u00e7\u00e3o como regular oscilou de forma ascendente, para 31%.<\/p>\n\n\n\n<p>De acordo com a pesquisa, as expectativas com rela\u00e7\u00e3o ao restante do mandato de Bolsonaro chegou \u00e0 pior marca junto \u00e0 opini\u00e3o p\u00fablica. O levantamento mostra que o grupo dos que esperam uma gest\u00e3o positiva vem em trajet\u00f3ria de queda desde novembro. Nestes quatro meses, o tombo foi de 8 pontos percentuais, marcando 38%.<\/p>\n\n\n\n<p>J\u00e1 o grupo daqueles que esperam um restante de mandato ruim ou p\u00e9ssimo manteve 33%, mesmo patamar dos \u00faltimos dois levantamentos. As expectativas de uma gest\u00e3o regular, por sua vez, somam 22% dos eleitores \u2013 maior marca j\u00e1 registrada.<\/p>\n\n\n\n<p>Esta \u00e9 a primeira vez em que expectativas positivas e negativas encontram-se em situa\u00e7\u00e3o de empate t\u00e9cnico, j\u00e1 que a margem m\u00e1xima de erro do levantamento \u00e9 de 3,2 pontos percentuais para cima ou para baixo.<\/p>\n\n\n\n<p>As movimenta\u00e7\u00f5es observadas nas curvas de popularidade e de expectativa com o governo coincidem com uma invers\u00e3o na percep\u00e7\u00e3o sobre a condu\u00e7\u00e3o da pol\u00edtica econ\u00f4mica.<\/p>\n\n\n\n<p>Hoje, 48% dos entrevistados consideram que a economia est\u00e1 no caminho errado, contra 38% que veem a economia no caminho certo. H\u00e1 um m\u00eas, eram 47% os que tinham vis\u00e3o positiva contra 40% com vis\u00e3o negativa.<br><\/p>\n\n\n\n<p>O levantamento tamb\u00e9m mostra uma maior associa\u00e7\u00e3o dos eleitores entre a imagem do governo Bolsonaro e a situa\u00e7\u00e3o econ\u00f4mica atual. Em um ano, as associa\u00e7\u00f5es saltaram 12 pontos percentuais, para 17%. A presente administra\u00e7\u00e3o est\u00e1 atr\u00e1s apenas da gest\u00e3o do ex-presidente Luiz In\u00e1cio Lula da Silva (PT), que aparece com 27%.<\/p>\n\n\n\n<p>A piora nas expectativas com rela\u00e7\u00e3o ao atual governo tamb\u00e9m coincide com o aumento da preocupa\u00e7\u00e3o da popula\u00e7\u00e3o com o avan\u00e7o do novo coronav\u00edrus e a discord\u00e2ncia com a realiza\u00e7\u00e3o das manifesta\u00e7\u00f5es favor\u00e1veis a Bolsonaro no \u00faltimo domingo (15).<\/p>\n\n\n\n<p>O levantamento mostra que, entre fevereiro e mar\u00e7o, cresceu de 50% para 70% o grupo de eleitores com pouco ou muito medo com a doen\u00e7a. J\u00e1 o grupo dos que se dizem despreocupados com a pandemia recuou de 49% para 28% no mesmo per\u00edodo.<\/p>\n\n\n\n<p>O movimento contrasta com as primeiras rea\u00e7\u00f5es de Bolsonaro ao problema. Embora tenha desaconselhado a realiza\u00e7\u00e3o de manifesta\u00e7\u00f5es populares a favor de seu governo, o presidente suspendeu seu isolamento no \u00faltimo domingo (15) para acompanhar parte do ato e cumprimentar um grupo de apoiadores em frente ao Pal\u00e1cio do Planalto \u2013 tamb\u00e9m contrariando as recomenda\u00e7\u00f5es para que se evitem aglomera\u00e7\u00f5es. Depois, em entrevistas \u00e0 imprensa, o mandat\u00e1rio chegou a falar em \u201chisteria\u201d com o surto.<\/p>\n\n\n\n<p>Segundo a pesquisa XP\/Ipespe, 64% dos entrevistados discordaram com a realiza\u00e7\u00e3o dos atos no \u00faltimo domingo, contra 27% que concordaram com o movimento.<\/p>\n\n\n\n<p>A pesquisa XP\/Ipespe ouviu 1.000 eleitores de todas as regi\u00f5es do pa\u00eds, entre os dias 16 e 18 de mar\u00e7o. As entrevistas foram conduzidas por operadores, pelo telefone. A margem m\u00e1xima de erro \u00e9 de 3,2 pontos percentuais para cima ou para baixo.<\/p>\n\n\n\n<p><br><\/p>\n","protected":false},"excerpt":{"rendered":"<p>247 &#8211; Em meio \u00e0 crise provocada pelo avan\u00e7o do novo coronav\u00edrus e seus efeitos sobre a sa\u00fade p\u00fablica e sobre a economia, a popularidade do presidente Jair Bolsonaro (sem partido) oscilou de volta ao seu menor patamar desde o in\u00edcio do mandato, h\u00e1 15 meses. \u00c9 o que mostra a nova rodada da pesquisa&#8230;<a class=\"more-link\" href=\"http:\/\/blogdalucianaoliveira.com.br\/blog\/2020\/03\/20\/aprovacao-de-bolsonaro-volta-ao-pior-nivel-e-e-superada-pela-desaprovacao\/\">Continue a leitura <span class=\"meta-nav\">&raquo;<\/span><\/a><\/p>\n","protected":false},"author":1,"featured_media":0,"comment_status":"closed","ping_status":"open","sticky":false,"template":"","format":"standard","meta":{"_exactmetrics_skip_tracking":false,"_exactmetrics_sitenote_active":false,"_exactmetrics_sitenote_note":"","_exactmetrics_sitenote_category":0,"jetpack_post_was_ever_published":false,"_jetpack_newsletter_access":"","_jetpack_dont_email_post_to_subs":false,"_jetpack_newsletter_tier_id":0,"_jetpack_memberships_contains_paywalled_content":false,"_jetpack_memberships_contains_paid_content":false,"footnotes":"","jetpack_publicize_message":"","jetpack_publicize_feature_enabled":true,"jetpack_social_post_already_shared":true,"jetpack_social_options":{"image_generator_settings":{"template":"highway","enabled":false},"version":2}},"categories":[1],"tags":[],"class_list":["post-27025","post","type-post","status-publish","format-standard","hentry","category-notas"],"jetpack_publicize_connections":[],"jetpack_sharing_enabled":true,"jetpack_featured_media_url":"","jetpack_shortlink":"https:\/\/wp.me\/p7wKYW-71T","jetpack-related-posts":[],"_links":{"self":[{"href":"http:\/\/blogdalucianaoliveira.com.br\/blog\/wp-json\/wp\/v2\/posts\/27025","targetHints":{"allow":["GET"]}}],"collection":[{"href":"http:\/\/blogdalucianaoliveira.com.br\/blog\/wp-json\/wp\/v2\/posts"}],"about":[{"href":"http:\/\/blogdalucianaoliveira.com.br\/blog\/wp-json\/wp\/v2\/types\/post"}],"author":[{"embeddable":true,"href":"http:\/\/blogdalucianaoliveira.com.br\/blog\/wp-json\/wp\/v2\/users\/1"}],"replies":[{"embeddable":true,"href":"http:\/\/blogdalucianaoliveira.com.br\/blog\/wp-json\/wp\/v2\/comments?post=27025"}],"version-history":[{"count":1,"href":"http:\/\/blogdalucianaoliveira.com.br\/blog\/wp-json\/wp\/v2\/posts\/27025\/revisions"}],"predecessor-version":[{"id":27026,"href":"http:\/\/blogdalucianaoliveira.com.br\/blog\/wp-json\/wp\/v2\/posts\/27025\/revisions\/27026"}],"wp:attachment":[{"href":"http:\/\/blogdalucianaoliveira.com.br\/blog\/wp-json\/wp\/v2\/media?parent=27025"}],"wp:term":[{"taxonomy":"category","embeddable":true,"href":"http:\/\/blogdalucianaoliveira.com.br\/blog\/wp-json\/wp\/v2\/categories?post=27025"},{"taxonomy":"post_tag","embeddable":true,"href":"http:\/\/blogdalucianaoliveira.com.br\/blog\/wp-json\/wp\/v2\/tags?post=27025"}],"curies":[{"name":"wp","href":"https:\/\/api.w.org\/{rel}","templated":true}]}}