{"id":27027,"date":"2020-03-20T09:39:47","date_gmt":"2020-03-20T13:39:47","guid":{"rendered":"http:\/\/blogdalucianaoliveira.com.br\/blog\/?p=27027"},"modified":"2020-03-20T09:39:57","modified_gmt":"2020-03-20T13:39:57","slug":"desfacatez-de-bolsonaro-entrara-para-a-historia-aponta-editorial-do-estadao","status":"publish","type":"post","link":"http:\/\/blogdalucianaoliveira.com.br\/blog\/2020\/03\/20\/desfacatez-de-bolsonaro-entrara-para-a-historia-aponta-editorial-do-estadao\/","title":{"rendered":"Desfa\u00e7atez de Bolsonaro entrar\u00e1 para a hist\u00f3ria, aponta editorial do Estad\u00e3o"},"content":{"rendered":"\n<figure class=\"wp-block-image\"><img data-recalc-dims=\"1\" decoding=\"async\" src=\"https:\/\/i0.wp.com\/publisher-publish.s3.eu-central-1.amazonaws.com\/pb-brasil247\/swp\/jtjeq9\/media\/20200320070312_f4a75e02-8505-43b0-a0e0-effff6f14dce.jpeg?w=600&#038;ssl=1\" alt=\"\"\/><\/figure>\n\n\n\n<p><strong>247 &#8211;<\/strong>&nbsp;Em&nbsp;<a target=\"_blank\" href=\"https:\/\/opiniao.estadao.com.br\/noticias\/notas-e-informacoes,cabotinismo,70003240531\" rel=\"noreferrer noopener\">editorial<\/a>&nbsp;publicado nesta sexta-feira (20), o jornal O Estado de S.Paulo afirma que &#8220;foi um espet\u00e1culo constrangedor, protagonizado pelo presidente Jair Bolsonaro, a entrevista coletiva realizada na quarta-feira para detalhar as a\u00e7\u00f5es do governo no combate ao coronav\u00edrus&#8221;.&nbsp;<\/p>\n\n\n\n<!--more-->\n\n\n\n<p>&#8220;Ficar\u00e1 para a hist\u00f3ria a desfa\u00e7atez de um presidente que usa um momento t\u00e3o delicado da vida nacional para se promover e para inventar inimigos, em especial a imprensa, com indisfar\u00e7\u00e1veis prop\u00f3sitos autorit\u00e1rios&#8221;, diz o texto.&nbsp;<\/p>\n\n\n\n<p>De acordo com o jornal, na coletiva de imprensa &#8220;em que deveria detalhar seus planos contra a pandemia, Bolsonaro gastou energia para tentar jogar a opini\u00e3o p\u00fablica contra jornalistas e mentiu mais de uma vez \u2013 ao dizer que estava preocupado com o coronav\u00edrus desde fevereiro; e ao negar que tenha convocado manifesta\u00e7\u00f5es contra o Congresso mesmo diante da recomenda\u00e7\u00e3o do Minist\u00e9rio da Sa\u00fade de que n\u00e3o houvesse aglomera\u00e7\u00f5es&#8221;.\u00a0<br><\/p>\n\n\n\n<p>&#8220;De quebra, aproveitou o ensejo para convocar seus apoiadores a fazer um panela\u00e7o para se contrapor a mais um protesto contra seu governo, ocorrido anteontem&#8221;, diz. &#8220;A afli\u00e7\u00e3o aumenta ainda mais diante da confirma\u00e7\u00e3o de que n\u00e3o temos presidente de verdade, e o que temos tudo faz para atrapalhar o pr\u00f3prio governo e, por extens\u00e3o, o Pa\u00eds&#8221;.\u00a0<br><\/p>\n","protected":false},"excerpt":{"rendered":"<p>247 &#8211;&nbsp;Em&nbsp;editorial&nbsp;publicado nesta sexta-feira (20), o jornal O Estado de S.Paulo afirma que &#8220;foi um espet\u00e1culo constrangedor, protagonizado pelo presidente Jair Bolsonaro, a entrevista coletiva realizada na quarta-feira para detalhar as a\u00e7\u00f5es do governo no combate ao coronav\u00edrus&#8221;.&nbsp;<\/p>\n","protected":false},"author":1,"featured_media":0,"comment_status":"closed","ping_status":"open","sticky":false,"template":"","format":"standard","meta":{"_exactmetrics_skip_tracking":false,"_exactmetrics_sitenote_active":false,"_exactmetrics_sitenote_note":"","_exactmetrics_sitenote_category":0,"jetpack_post_was_ever_published":false,"_jetpack_newsletter_access":"","_jetpack_dont_email_post_to_subs":false,"_jetpack_newsletter_tier_id":0,"_jetpack_memberships_contains_paywalled_content":false,"_jetpack_memberships_contains_paid_content":false,"footnotes":"","jetpack_publicize_message":"","jetpack_publicize_feature_enabled":true,"jetpack_social_post_already_shared":true,"jetpack_social_options":{"image_generator_settings":{"template":"highway","enabled":false},"version":2}},"categories":[1],"tags":[],"class_list":["post-27027","post","type-post","status-publish","format-standard","hentry","category-notas"],"jetpack_publicize_connections":[],"jetpack_sharing_enabled":true,"jetpack_featured_media_url":"","jetpack_shortlink":"https:\/\/wp.me\/p7wKYW-71V","jetpack-related-posts":[],"_links":{"self":[{"href":"http:\/\/blogdalucianaoliveira.com.br\/blog\/wp-json\/wp\/v2\/posts\/27027","targetHints":{"allow":["GET"]}}],"collection":[{"href":"http:\/\/blogdalucianaoliveira.com.br\/blog\/wp-json\/wp\/v2\/posts"}],"about":[{"href":"http:\/\/blogdalucianaoliveira.com.br\/blog\/wp-json\/wp\/v2\/types\/post"}],"author":[{"embeddable":true,"href":"http:\/\/blogdalucianaoliveira.com.br\/blog\/wp-json\/wp\/v2\/users\/1"}],"replies":[{"embeddable":true,"href":"http:\/\/blogdalucianaoliveira.com.br\/blog\/wp-json\/wp\/v2\/comments?post=27027"}],"version-history":[{"count":1,"href":"http:\/\/blogdalucianaoliveira.com.br\/blog\/wp-json\/wp\/v2\/posts\/27027\/revisions"}],"predecessor-version":[{"id":27028,"href":"http:\/\/blogdalucianaoliveira.com.br\/blog\/wp-json\/wp\/v2\/posts\/27027\/revisions\/27028"}],"wp:attachment":[{"href":"http:\/\/blogdalucianaoliveira.com.br\/blog\/wp-json\/wp\/v2\/media?parent=27027"}],"wp:term":[{"taxonomy":"category","embeddable":true,"href":"http:\/\/blogdalucianaoliveira.com.br\/blog\/wp-json\/wp\/v2\/categories?post=27027"},{"taxonomy":"post_tag","embeddable":true,"href":"http:\/\/blogdalucianaoliveira.com.br\/blog\/wp-json\/wp\/v2\/tags?post=27027"}],"curies":[{"name":"wp","href":"https:\/\/api.w.org\/{rel}","templated":true}]}}