{"id":27032,"date":"2020-03-20T19:26:06","date_gmt":"2020-03-20T23:26:06","guid":{"rendered":"http:\/\/blogdalucianaoliveira.com.br\/blog\/?p=27032"},"modified":"2020-03-20T19:28:31","modified_gmt":"2020-03-20T23:28:31","slug":"ministerio-declara-transmissao-comunitaria-do-novo-coronavirus-em-todo-o-territorio-nacional","status":"publish","type":"post","link":"http:\/\/blogdalucianaoliveira.com.br\/blog\/2020\/03\/20\/ministerio-declara-transmissao-comunitaria-do-novo-coronavirus-em-todo-o-territorio-nacional\/","title":{"rendered":"Minist\u00e9rio declara transmiss\u00e3o comunit\u00e1ria do novo coronav\u00edrus em todo o territ\u00f3rio nacional"},"content":{"rendered":"\n<figure class=\"wp-block-image\"><img data-recalc-dims=\"1\" decoding=\"async\" src=\"https:\/\/i0.wp.com\/s2.glbimg.com\/-NkZpcY25zKb5aFiezc3Zi4Gdxg%3D\/0x0%3A650x819\/984x0\/smart\/filters%3Astrip_icc%28%29\/i.s3.glbimg.com\/v1\/AUTH_59edd422c0c84a879bd37670ae4f538a\/internal_photos\/bs\/2020\/l\/y\/JqY3kdSG2BphA4BBY9TQ\/evolucaocasoscovid19.jpg?w=600&#038;ssl=1\" alt=\"Evolu\u00e7\u00e3o dos casos de Covid-19 no Brasil \u2014 Foto: Arte\/G1\"\/><\/figure>\n\n\n\n<p>Total de casos subiu 45% em um dia. Ministro da Sa\u00fade prev\u00ea &#8216;disparada&#8217; dos casos em abril e queda somente em setembro.<\/p>\n\n\n\n<!--more-->\n\n\n\n<p>No G1<\/p>\n\n\n\n<p>O Minist\u00e9rio da Sa\u00fade declarou que todo o territ\u00f3rio nacional est\u00e1 sob o status de&nbsp;<strong>transmiss\u00e3o comunit\u00e1ria<\/strong>&nbsp;do coronav\u00edrus Sars-Cov-2, respons\u00e1vel pela pandemia da doen\u00e7a Covid-19. O status foi publicado em portaria na noite desta sexta-feira (20).<\/p>\n\n\n\n<p>O ministro da Sa\u00fade, Luiz Henrique Mandetta, j\u00e1 tinha anunciado nesta tarde que a medida seria tomada em breve para facilitar a\u00e7\u00f5es do governo. O ministro sinalizou tamb\u00e9m que a previs\u00e3o \u00e9 que&nbsp;<a href=\"https:\/\/g1.globo.com\/ciencia-e-saude\/noticia\/2020\/03\/20\/mandetta-diz-que-infeccao-por-coronavirus-no-brasil-deve-disparar-em-abril.ghtml\">os casos da doen\u00e7a disparem em abril e o sistema de sa\u00fade deve entrar em colapso<\/a>.<\/p>\n\n\n\n<p>A&nbsp;<a href=\"https:\/\/g1.globo.com\/bemestar\/coronavirus\/noticia\/2020\/03\/06\/o-que-e-transmissao-local-comunitaria-ou-sustentada-do-coronavirus.ghtml\">transmiss\u00e3o comunit\u00e1ria ou sustentada<\/a>&nbsp;\u00e9 aquela quando n\u00e3o \u00e9 poss\u00edvel rastrear qual a origem da infec\u00e7\u00e3o, indicando que o v\u00edrus circula entre pessoas que n\u00e3o viajaram ou tiveram contato com quem esteve no exterior.<\/p>\n\n\n\n<p>At\u00e9 o balan\u00e7o de quinta-feira (19), a transmiss\u00e3o comunit\u00e1ria estava configurada nos estados de S\u00e3o Paulo e de Pernambuco. Al\u00e9m disso, ocorre isoladamente em tr\u00eas capitais: Rio de Janeiro, Belo Horizonte e Porto Alegre (al\u00e9m das capitais de SP e PE, j\u00e1 inclu\u00eddas acima).<\/p>\n\n\n\n<h2 class=\"wp-block-heading\">Atestado e isolamento<\/h2>\n\n\n\n<p>A portaria tamb\u00e9m oficializa recomenda\u00e7\u00f5es que o minist\u00e9rio j\u00e1 tinha detalhado na quinta. O &#8220;isolamento domiciliar&#8221; de quem tiver &#8220;sintomas respirat\u00f3rios&#8221; e daqueles que moram com ela deve ser de, no m\u00e1ximo, 14 dias&#8221;. Tamb\u00e9m determina que o atestado emitido pelo profissional m\u00e9dico que determina a medida de isolamento ser\u00e1 estendido \u00e0s pessoas que residam no mesmo endere\u00e7o.<\/p>\n\n\n\n<p>O texto tamb\u00e9m traz uma recomenda\u00e7\u00e3o aos idosos:<\/p>\n\n\n\n<blockquote class=\"wp-block-quote is-layout-flow wp-block-quote-is-layout-flow\"><p>&#8220;As pessoas com mais de 60 (sessenta) anos de idade devem observar o distanciamento social, restringindo seus deslocamentos para realiza\u00e7\u00e3o de atividades estritamente necess\u00e1rias, evitando transporte de utiliza\u00e7\u00e3o coletiva, viagens e eventos esportivos, art\u00edsticos, culturais, cient\u00edficos, comerciais e religiosos e outros com concentra\u00e7\u00e3o pr\u00f3xima de pessoas&#8221; &#8211; Portaria n\u00b0 454<\/p><\/blockquote>\n\n\n\n<h2 class=\"wp-block-heading\">Casos pelo Brasil<\/h2>\n\n\n\n<p>Os casos confirmados de Covid-19, doen\u00e7a infecciosa causada pelo&nbsp;<a href=\"https:\/\/g1.globo.com\/bemestar\/coronavirus\/\">coronav\u00edrus Sars-Cov-2<\/a>, aumentaram 45% entre quinta (19) e esta sexta-feira (20), de acordo com dados do Minist\u00e9rio da Sa\u00fade. O mais recente balan\u00e7o federal aponta que o Brasil tem 904 casos e 11 mortes. Os dados consideram informa\u00e7\u00f5es repassadas pelas secretarias estaduais at\u00e9 as 16h.<\/p>\n\n\n\n<p>Na quinta o minist\u00e9rio somava 621 casos e 6 mortes. O total de mortes subiu mais de 80% entre os dois balan\u00e7os. Pelo segundo dia consecutivo, o minist\u00e9rio&nbsp;<strong>n\u00e3o divulgou o total de casos suspeitos<\/strong>, como vinha fazendo desde o in\u00edcio do acompanhamento dos casos. A plataforma que exibe os dados est\u00e1 fora do ar desde quinta-feira. O Minist\u00e9rio da Sa\u00fade tamb\u00e9m n\u00e3o divulgou o total de pessoas hospitalizadas.<\/p>\n\n\n\n<p>O n\u00famero de estados com casos confirmados era de 21 na quinta e na sexta subiu para 25. Somente Roraima e Maranh\u00e3o permanecem sem casos confirmados. Quanto \u00e0s regi\u00f5es, todas apresentaram aumento de casos.<\/p>\n\n\n\n<p>O Sudeste tinha 391 casos e agora tem 553. O Nordeste tinha 110 e passou para 134. O Norte foi de 8 para 15. No Centro-Oeste, os casos passaram de 61 para 112. Por fim, o Sul tinha 71 e agora tem 90 casos.<\/p>\n\n\n\n<h2 class=\"wp-block-heading\">Disparada dos casos em abril<\/h2>\n\n\n\n<p>O ministro da sa\u00fade, Luiz Henrique Mandetta, disse, durante apresenta\u00e7\u00e3o com o presidente Jair Bolsonaro, que infec\u00e7\u00f5es por coronav\u00edrus dever\u00e3o disparar no Brasil entre os meses de abril e junho.<\/p>\n\n\n\n<blockquote class=\"wp-block-quote is-layout-flow wp-block-quote-is-layout-flow\"><p>&#8220;A gente deve entrar em abril e iniciar a subida r\u00e1pida [de infec\u00e7\u00f5es]. Essa subida r\u00e1pida vai durar o m\u00eas de abril, o m\u00eas de maio e o m\u00eas de junho, quando ela vai come\u00e7ar a ter uma tend\u00eancia de desacelera\u00e7\u00e3o de subida&#8221; &#8211; Luiz Henrique Mandetta, ministro da Sa\u00fade<\/p><\/blockquote>\n\n\n\n<p>Os casos de transmiss\u00e3o de Covid-19, infec\u00e7\u00e3o causada pelo coronav\u00edrus, dever\u00e3o perder velocidade a partir de julho e, em agosto, \u00e9 esperado que as ocorr\u00eancias comecem a cair.<\/p>\n\n\n\n<blockquote class=\"wp-block-quote is-layout-flow wp-block-quote-is-layout-flow\"><p>&#8220;O m\u00eas de julho, ela deve come\u00e7ar um plat\u00f4. Em agosto, esse plat\u00f4 vai come\u00e7ar a mostrar tend\u00eancia de queda. Em setembro \u00e9 uma queda profunda, tal qual foi uma queda de mar\u00e7o na China. Esse \u00e9 o cen\u00e1rio que o mundo ocidental est\u00e1 trabalhando\u201d &#8211; Mandetta<\/p><\/blockquote>\n\n\n\n<figure><iframe src=\"https:\/\/imasdk.googleapis.com\/js\/core\/bridge3.376.2_pt_br.html#goog_502223064\" allowfullscreen=\"\"><\/iframe><\/figure>\n\n\n\n<p>&#8211;:&#8211;\/&#8211;:&#8211;<\/p>\n\n\n\n<figure class=\"wp-block-image\"><img data-recalc-dims=\"1\" decoding=\"async\" src=\"https:\/\/i0.wp.com\/s04.video.glbimg.com\/x720\/8417671.jpg?w=600&#038;ssl=1\" alt=\"N\u00famero de mortos na It\u00e1lia por novo coronav\u00edrus passa de 4 mil\"\/><\/figure>\n\n\n\n<p>N\u00famero de mortos na It\u00e1lia por novo coronav\u00edrus passa de 4 mil<br><\/p>\n","protected":false},"excerpt":{"rendered":"<p>Total de casos subiu 45% em um dia. Ministro da Sa\u00fade prev\u00ea &#8216;disparada&#8217; dos casos em abril e queda somente em setembro.<\/p>\n","protected":false},"author":1,"featured_media":0,"comment_status":"closed","ping_status":"open","sticky":false,"template":"","format":"standard","meta":{"_exactmetrics_skip_tracking":false,"_exactmetrics_sitenote_active":false,"_exactmetrics_sitenote_note":"","_exactmetrics_sitenote_category":0,"jetpack_post_was_ever_published":false,"_jetpack_newsletter_access":"","_jetpack_dont_email_post_to_subs":false,"_jetpack_newsletter_tier_id":0,"_jetpack_memberships_contains_paywalled_content":false,"_jetpack_memberships_contains_paid_content":false,"footnotes":"","jetpack_publicize_message":"","jetpack_publicize_feature_enabled":true,"jetpack_social_post_already_shared":true,"jetpack_social_options":{"image_generator_settings":{"template":"highway","enabled":false},"version":2}},"categories":[1],"tags":[],"class_list":["post-27032","post","type-post","status-publish","format-standard","hentry","category-notas"],"jetpack_publicize_connections":[],"jetpack_sharing_enabled":true,"jetpack_featured_media_url":"","jetpack_shortlink":"https:\/\/wp.me\/p7wKYW-720","jetpack-related-posts":[],"_links":{"self":[{"href":"http:\/\/blogdalucianaoliveira.com.br\/blog\/wp-json\/wp\/v2\/posts\/27032","targetHints":{"allow":["GET"]}}],"collection":[{"href":"http:\/\/blogdalucianaoliveira.com.br\/blog\/wp-json\/wp\/v2\/posts"}],"about":[{"href":"http:\/\/blogdalucianaoliveira.com.br\/blog\/wp-json\/wp\/v2\/types\/post"}],"author":[{"embeddable":true,"href":"http:\/\/blogdalucianaoliveira.com.br\/blog\/wp-json\/wp\/v2\/users\/1"}],"replies":[{"embeddable":true,"href":"http:\/\/blogdalucianaoliveira.com.br\/blog\/wp-json\/wp\/v2\/comments?post=27032"}],"version-history":[{"count":2,"href":"http:\/\/blogdalucianaoliveira.com.br\/blog\/wp-json\/wp\/v2\/posts\/27032\/revisions"}],"predecessor-version":[{"id":27035,"href":"http:\/\/blogdalucianaoliveira.com.br\/blog\/wp-json\/wp\/v2\/posts\/27032\/revisions\/27035"}],"wp:attachment":[{"href":"http:\/\/blogdalucianaoliveira.com.br\/blog\/wp-json\/wp\/v2\/media?parent=27032"}],"wp:term":[{"taxonomy":"category","embeddable":true,"href":"http:\/\/blogdalucianaoliveira.com.br\/blog\/wp-json\/wp\/v2\/categories?post=27032"},{"taxonomy":"post_tag","embeddable":true,"href":"http:\/\/blogdalucianaoliveira.com.br\/blog\/wp-json\/wp\/v2\/tags?post=27032"}],"curies":[{"name":"wp","href":"https:\/\/api.w.org\/{rel}","templated":true}]}}