{"id":27036,"date":"2020-03-20T19:33:21","date_gmt":"2020-03-20T23:33:21","guid":{"rendered":"http:\/\/blogdalucianaoliveira.com.br\/blog\/?p=27036"},"modified":"2020-03-20T19:33:33","modified_gmt":"2020-03-20T23:33:33","slug":"moradores-de-rua-a-margem-da-prevencao-contra-a-covid-19-lavamos-as-maos-nas-pocas-quando-chove","status":"publish","type":"post","link":"http:\/\/blogdalucianaoliveira.com.br\/blog\/2020\/03\/20\/moradores-de-rua-a-margem-da-prevencao-contra-a-covid-19-lavamos-as-maos-nas-pocas-quando-chove\/","title":{"rendered":"Moradores de rua \u00e0 margem da preven\u00e7\u00e3o contra a Covid-19: \u201cLavamos as m\u00e3os nas po\u00e7as quando chove\u201d"},"content":{"rendered":"\n<figure class=\"wp-block-image\"><img data-recalc-dims=\"1\" decoding=\"async\" src=\"https:\/\/i0.wp.com\/imagens.brasil.elpais.com\/resizer\/bNHxtib-V5_hSr5HbZ_r3jqYlho%3D\/1500x0\/arc-anglerfish-eu-central-1-prod-prisa.s3.amazonaws.com\/public\/7FY3ZRIKQNFKJEO7ERJTNXXGYE.jpeg?w=600&#038;ssl=1\" alt=\"Pessoas em situa\u00e7\u00e3o de rua recebem acolhimento e comida na par\u00f3quia S\u00e3o Miguel Arcanjo, na Mooca, zona leste de S\u00e3o Paulo.\"\/><\/figure>\n\n\n\n<p>Sem \u00e1gua, sabonete e \u00e1lcool em gel, popula\u00e7\u00e3o fica vulner\u00e1vel para o coronav\u00edrus e tamb\u00e9m sofre com os efeitos da crise econ\u00f4mica.<\/p>\n\n\n\n<!--more-->\n\n\n\n<p> CAIO CASTOR E LEANDRO BARBOSA <\/p>\n\n\n\n<p>No El Pa\u00eds<\/p>\n\n\n\n<p>Acostumado a mexer em recicl\u00e1veis que ele cata pelas ruas de S\u00e3o Paulo, Jos\u00e9 de Souza, 49 anos, n\u00e3o se incomoda com a cor preta da\u00a0<a rel=\"noreferrer noopener\" href=\"https:\/\/brasil.elpais.com\/ciencia\/2020-03-20\/ignaz-semmelweis-o-medico-que-descobriu-como-evitar-contagios-apenas-lavando-as-maos.html\" target=\"_blank\">sujeira em suas m\u00e3os<\/a>, s\u00f3 s\u00e3o lavadas quando h\u00e1 possibilidade de usar um banheiro. Ainda assim, o homem em situa\u00e7\u00e3o de rua esfregava uma m\u00e3o na outra tentando aproveitar um dos raros momentos do seu dia em que teria acesso ao \u00e1lcool em gel, a fim de se\u00a0<a rel=\"noreferrer noopener\" href=\"https:\/\/brasil.elpais.com\/sociedade\/2020-03-14\/pandemia-de-coronavirus-o-que-voce-precisa-saber-para-se-proteger.html\" target=\"_blank\">prevenir do\u00a0<strong>coronav\u00edrus<\/strong><\/a>.<\/p>\n\n\n\n<p>Para Jos\u00e9, o produto oferecido pela Miss\u00e3o Bel\u00e9m, da arquidiocese de S\u00e3o Paulo, \u00e9 um luxo que ele n\u00e3o costuma ter. \u201cNa rua n\u00e3o tem nada disso\u201d, me disse. \u201cFalam que a gente tem que lavar as m\u00e3os, mas vamos lavar onde? A gente n\u00e3o tem \u00e1gua. N\u00e3o acredito que eu v\u00e1 pegar essa doen\u00e7a. Tenho f\u00e9, Deus vai me proteger. J\u00e1 passei por muita coisa nessa vida e t\u00f4 aqui trabalhando de baixo de chuva e sol\u201d.<\/p>\n\n\n\n<p>A not\u00edcia da&nbsp;<a href=\"https:\/\/brasil.elpais.com\/sociedade\/2020-03-11\/oms-declara-que-coronavirus-e-uma-pandemia-global.html\" target=\"_blank\" rel=\"noreferrer noopener\">doen\u00e7a que j\u00e1 matou cerca de 9.000 pessoas<\/a>&nbsp;no mundo, chegou a Jos\u00e9 pela TV de um bar. Tudo o que ele sabe \u00e9 o que viu l\u00e1. \u201cEu sei que j\u00e1 matou muita gente. Vi que os sintomas s\u00e3o tosse, febre e falta de ar\u201d. Desde ent\u00e3o, seus dias na rua est\u00e3o se tornando cada vez mais dif\u00edceis. \u201cOlha, \u00e9 isso o que eu tenho pra comer\u201d, disse abrindo um saco com dois salgados. \u201cEssa doen\u00e7a come\u00e7ou e agora as pessoas&nbsp;<a href=\"https:\/\/brasil.elpais.com\/brasil\/2020-03-18\/fugi-da-italia-e-estou-bem-mas-nao-quero-colocar-ninguem-em-risco-diz-brasileira-em-isolamento-social.html\" target=\"_blank\" rel=\"noreferrer noopener\">t\u00eam medo de sair de casa<\/a>&nbsp;e n\u00e3o&nbsp;<a href=\"https:\/\/brasil.elpais.com\/brasil\/2020-03-17\/como-ajudar-na-crise-do-coronavirus-doe-sangue-faca-compras-para-idosos-ajude-com-as-criancas.html\" target=\"_blank\" rel=\"noreferrer noopener\">entregam mais comida<\/a>\u201d, lamenta.<\/p>\n\n\n\n<p>Para cada carro\u00e7a cheia Jos\u00e9 ganha 20 reais. Em um dia bom de trabalho j\u00e1 conseguiu faturar at\u00e9 50 reais. Mas com a chegada do v\u00edrus ao Brasil, conta que o trabalho tamb\u00e9m foi prejudicado. \u201cEu trabalho com reciclagem. As&nbsp;<a href=\"https:\/\/brasil.elpais.com\/politica\/2020-03-19\/com-quatro-mortos-sao-paulo-faz-contagem-regressiva-para-fechar-comercios-mp-cobra-restricoes-mais-duras.html\" target=\"_blank\" rel=\"noreferrer noopener\">empresas, lojas, tudo fechando<\/a>, diminuiu o lixo. Agora \u00e9 mais dif\u00edcil encher o carrinho\u201d.<\/p>\n\n\n\n<h3 class=\"wp-block-heading\">Comida, \u00e1lcool e sabonete<\/h3>\n\n\n\n<p>A par\u00f3quia S\u00e3o Miguel Arcanjo, na Mooca, zona leste de S\u00e3o Paulo, que fica sob os cuidados de&nbsp;<a href=\"https:\/\/brasil.elpais.com\/brasil\/2017\/01\/06\/opinion\/1483720331_199530.html\" target=\"_blank\" rel=\"noreferrer noopener\">padre J\u00falio Lancelotti<\/a>, sempre foi o ref\u00fagio para a&nbsp;<a href=\"https:\/\/brasil.elpais.com\/noticias\/poblacion-urbana\/\" target=\"_blank\" rel=\"noreferrer noopener\">popula\u00e7\u00e3o de rua<\/a>. Em tempos de coronav\u00edrus, mais ainda. Foi l\u00e1 que a&nbsp;<em>Ponte<\/em>&nbsp;encontrou mais de 100 pessoas em busca do b\u00e1sico para viver: comida, \u00e1lcool em gel e sabonete. Enquanto o grupo tomava caf\u00e9 da manh\u00e3, por volta das 8h30 desta quinta-feira (19\/3), o padre explicava sobre o coronav\u00edrus e as formas de preven\u00e7\u00e3o. Aos que tossiam ele&nbsp;<a href=\"https:\/\/brasil.elpais.com\/internacional\/2020-03-13\/falta-de-mascaras-e-respiradores-traz-tensao-aos-hospitais-espanhois.html\" target=\"_blank\" rel=\"noreferrer noopener\">oferecia m\u00e1scara<\/a>, numa tentativa de minimizar os riscos, devido \u00e0 aglomera\u00e7\u00e3o de pessoas.<\/p>\n\n\n\n<p>\u201cH\u00e1 aqueles que dizem \u2018eu sou pobre, nem essa doen\u00e7a vai me querer\u2019, e h\u00e1 aqueles que j\u00e1 olham o contexto e se&nbsp;<a href=\"https:\/\/brasil.elpais.com\/sociedade\/2020-03-18\/a-sao-paulo-que-nao-pode-parar-por-causa-do-coronavirus.html\" target=\"_blank\" rel=\"noreferrer noopener\">preocupam mais com a falta de comida, trabalho e seguran\u00e7a<\/a>\u201d, diz Lancellotti. Ambos est\u00e3o em risco, uma vez que a possibilidade de higieniza\u00e7\u00e3o \u00e9 escassa. E o desabafo do auxiliar de servi\u00e7os gerais Robson de Almeida, que est\u00e1 em situa\u00e7\u00e3o de rua, denuncia isso. \u201cEu sei que t\u00f4 falando por tudo mundo aqui. Hoje n\u00f3s agradecemos que choveu e t\u00e1 cheio de po\u00e7a de \u00e1gua, e a gente vai ter acesso para lavar as m\u00e3os\u201d.<\/p>\n\n\n\n<p>O infectologista Juv\u00eancio Furtado, professor de Infectologia na Faculdade de Medicina do ABC e chefe do Departamento de Infectologia do Hospital Heli\u00f3polis, explica que a popula\u00e7\u00e3o de rua faz parte dos&nbsp;<a href=\"https:\/\/brasil.elpais.com\/ciencia\/2020-03-10\/estudo-sobre-coronavirus-aponta-idade-e-problemas-de-coagulacao-como-principais-fatores-de-risco-para-morte.html\" target=\"_blank\" rel=\"noreferrer noopener\">grupos de risco<\/a>&nbsp;por viverem em locais abertos, na rua, sem a possibilidade de higieniza\u00e7\u00e3o. \u201cEles est\u00e3o expostos a qualquer tipo de v\u00edrus, do influenza ao corona\u201d, diz.<\/p>\n\n\n\n<figure class=\"wp-block-image\"><img data-recalc-dims=\"1\" decoding=\"async\" src=\"https:\/\/i0.wp.com\/imagens.brasil.elpais.com\/resizer\/S5I12w63v-0Wu9HREP2DK-9oM44%3D\/1500x0\/arc-anglerfish-eu-central-1-prod-prisa.s3.amazonaws.com\/public\/UMA5XW63O5GJBAOPPYAFMC6E4U.jpeg?w=600&#038;ssl=1\" alt=\"Jos\u00e9 de Souza e sua carro\u00e7a: menos gente na rua \u00e9 menos lixo recicl\u00e1vel e menos dinheiro.\"\/><figcaption>Jos\u00e9 de Souza e sua carro\u00e7a: menos gente na rua \u00e9 menos lixo recicl\u00e1vel e menos dinheiro.CAIO CASTOR&nbsp;(PONTE JORNALISMO)<\/figcaption><\/figure>\n\n\n\n<p>O m\u00e9dico defende a ideia do acolhimento como possibilidade de preven\u00e7\u00e3o. \u201cAl\u00e9m de albergues, \u00e9 preciso pensar em como conscientizar essa popula\u00e7\u00e3o sobre a import\u00e2ncia dessa higieniza\u00e7\u00e3o e oferecer at\u00e9 mesmo nas ruas a possibilidade pra que isso aconte\u00e7a\u201d, afirma.<\/p>\n\n\n\n<p>Uma poss\u00edvel solu\u00e7\u00e3o para monitorar os sintomas dessas pessoas, afirma Lancelotti, que tamb\u00e9m \u00e9 coordenador da Pastoral do Povo de Rua, \u00e9 a cria\u00e7\u00e3o de centros de acolhida emergenciais. Para ele, locais como o Gin\u00e1sio da Mooca poderia servir como um desses centros. \u201cTendo um lugar para entrar no gin\u00e1sio, um colch\u00e3o para dormir e pessoal da sa\u00fade acompanhando, j\u00e1 minimiza a situa\u00e7\u00e3o\u201d, pondera.<\/p>\n\n\n\n<p>Quanto \u00e0 din\u00e2mica de preven\u00e7\u00e3o exigida para conter a propaga\u00e7\u00e3o do v\u00edrus, Irandir dos Santos, que estava na igreja, desabafou: \u201cAs pessoas discutem sobre a doen\u00e7a, de lavar a m\u00e3o, de passar \u00e1lcool em gel, m\u00e1scaras, mas n\u00e3o existe isso na rua. \u00c9 s\u00f3 na televis\u00e3o\u201d.<\/p>\n\n\n\n<h3 class=\"wp-block-heading\">Outro lado<\/h3>\n\n\n\n<p>Questionada sobre a possibilidade de executar iniciativa como a destina\u00e7\u00e3o de um local para acolhimento da popula\u00e7\u00e3o de rua, a Prefeitura de S\u00e3o Paulo afirma, em nota, que realizou a capacita\u00e7\u00e3o dos profissionais das Unidades B\u00e1sicas de Sa\u00fade e intensificou as abordagens de pessoas em situa\u00e7\u00e3o de rua com orienta\u00e7\u00e3o dos profissionais das equipes Consult\u00f3rio na Rua e Reden\u00e7\u00e3o na Rua.<\/p>\n\n\n\n<p>\u201cNa identifica\u00e7\u00e3o de caso suspeito \u00e9 realizada pesquisa de onde a pessoa em situa\u00e7\u00e3o de rua dorme e circula, para identificar contatos e poss\u00edveis novos suspeitos e encaminha a a pessoa para atendimento\u201d, diz trecho da nota.<\/p>\n\n\n\n<figure class=\"wp-block-image\"><img data-recalc-dims=\"1\" decoding=\"async\" src=\"https:\/\/i0.wp.com\/imagens.brasil.elpais.com\/resizer\/2LbKCLcoQMwgmqCLrjxPb_N0JGM%3D\/1500x0\/arc-anglerfish-eu-central-1-prod-prisa.s3.amazonaws.com\/public\/6ZRD4KHK2NESXH7LJXG34H3SRQ.jpeg?w=600&#038;ssl=1\" alt=\"Auxiliar de servi\u00e7os gerais Robson Oliveira de Almeida: \u201cLavo as m\u00e3os na po\u00e7a d\u2019\u00e1gua quando chove\u201d\"\/><figcaption>Auxiliar de servi\u00e7os gerais Robson Oliveira de Almeida: \u201cLavo as m\u00e3os na po\u00e7a d\u2019\u00e1gua quando chove\u201dCAIO CASTOR&nbsp;(PONTE JORNALISMO)<\/figcaption><\/figure>\n\n\n\n<p>Embora o \u00f3rg\u00e3o tenha alegado que profissionais est\u00e3o rodando as ruas de S\u00e3o Paulo para orientar a popula\u00e7\u00e3o de rua quanto ao coronav\u00edrus, o grupo reunido na Par\u00f3quia S\u00e3o Miguel Arcanjo afirmou nunca ter recebido nenhuma abordagem do \u00f3rg\u00e3o.<\/p>\n\n\n\n<p>Atualmente, de acordo com a assessoria de imprensa da administra\u00e7\u00e3o municipal, a cidade possui 89 casas de acolhimento com 17,2 mil vagas, para atender as mais de 24 mil pessoas que vivem nas ruas. A assessoria tamb\u00e9m afirmou que h\u00e1 10 n\u00facleos de conviv\u00eancia para pessoas em situa\u00e7\u00e3o de rua na cidade, com 3.172 vagas, com acesso a banheiros e kits de higiene, onde eles podem tomar banho e receber orienta\u00e7\u00f5es.<br><\/p>\n","protected":false},"excerpt":{"rendered":"<p>Sem \u00e1gua, sabonete e \u00e1lcool em gel, popula\u00e7\u00e3o fica vulner\u00e1vel para o coronav\u00edrus e tamb\u00e9m sofre com os efeitos da crise econ\u00f4mica.<\/p>\n","protected":false},"author":1,"featured_media":0,"comment_status":"closed","ping_status":"open","sticky":false,"template":"","format":"standard","meta":{"_exactmetrics_skip_tracking":false,"_exactmetrics_sitenote_active":false,"_exactmetrics_sitenote_note":"","_exactmetrics_sitenote_category":0,"jetpack_post_was_ever_published":false,"_jetpack_newsletter_access":"","_jetpack_dont_email_post_to_subs":false,"_jetpack_newsletter_tier_id":0,"_jetpack_memberships_contains_paywalled_content":false,"_jetpack_memberships_contains_paid_content":false,"footnotes":"","jetpack_publicize_message":"","jetpack_publicize_feature_enabled":true,"jetpack_social_post_already_shared":true,"jetpack_social_options":{"image_generator_settings":{"template":"highway","enabled":false},"version":2}},"categories":[1],"tags":[],"class_list":["post-27036","post","type-post","status-publish","format-standard","hentry","category-notas"],"jetpack_publicize_connections":[],"jetpack_sharing_enabled":true,"jetpack_featured_media_url":"","jetpack_shortlink":"https:\/\/wp.me\/p7wKYW-724","jetpack-related-posts":[],"_links":{"self":[{"href":"http:\/\/blogdalucianaoliveira.com.br\/blog\/wp-json\/wp\/v2\/posts\/27036","targetHints":{"allow":["GET"]}}],"collection":[{"href":"http:\/\/blogdalucianaoliveira.com.br\/blog\/wp-json\/wp\/v2\/posts"}],"about":[{"href":"http:\/\/blogdalucianaoliveira.com.br\/blog\/wp-json\/wp\/v2\/types\/post"}],"author":[{"embeddable":true,"href":"http:\/\/blogdalucianaoliveira.com.br\/blog\/wp-json\/wp\/v2\/users\/1"}],"replies":[{"embeddable":true,"href":"http:\/\/blogdalucianaoliveira.com.br\/blog\/wp-json\/wp\/v2\/comments?post=27036"}],"version-history":[{"count":1,"href":"http:\/\/blogdalucianaoliveira.com.br\/blog\/wp-json\/wp\/v2\/posts\/27036\/revisions"}],"predecessor-version":[{"id":27037,"href":"http:\/\/blogdalucianaoliveira.com.br\/blog\/wp-json\/wp\/v2\/posts\/27036\/revisions\/27037"}],"wp:attachment":[{"href":"http:\/\/blogdalucianaoliveira.com.br\/blog\/wp-json\/wp\/v2\/media?parent=27036"}],"wp:term":[{"taxonomy":"category","embeddable":true,"href":"http:\/\/blogdalucianaoliveira.com.br\/blog\/wp-json\/wp\/v2\/categories?post=27036"},{"taxonomy":"post_tag","embeddable":true,"href":"http:\/\/blogdalucianaoliveira.com.br\/blog\/wp-json\/wp\/v2\/tags?post=27036"}],"curies":[{"name":"wp","href":"https:\/\/api.w.org\/{rel}","templated":true}]}}