{"id":27038,"date":"2020-03-21T21:16:44","date_gmt":"2020-03-22T01:16:44","guid":{"rendered":"http:\/\/blogdalucianaoliveira.com.br\/blog\/?p=27038"},"modified":"2020-03-21T21:17:27","modified_gmt":"2020-03-22T01:17:27","slug":"coronavirus-brasileiro-processa-presidente-chines-e-pede-r-5-bilhoes","status":"publish","type":"post","link":"http:\/\/blogdalucianaoliveira.com.br\/blog\/2020\/03\/21\/coronavirus-brasileiro-processa-presidente-chines-e-pede-r-5-bilhoes\/","title":{"rendered":"Coronav\u00edrus: brasileiro processa presidente chin\u00eas e pede R$ 5 bilh\u00f5es"},"content":{"rendered":"\n<figure class=\"wp-block-image size-large\"><img data-recalc-dims=\"1\" loading=\"lazy\" decoding=\"async\" width=\"360\" height=\"240\" data-attachment-id=\"27039\" data-permalink=\"http:\/\/blogdalucianaoliveira.com.br\/blog\/2020\/03\/21\/coronavirus-brasileiro-processa-presidente-chines-e-pede-r-5-bilhoes\/image-60-4\/\" data-orig-file=\"https:\/\/i0.wp.com\/blogdalucianaoliveira.com.br\/blog\/wp-content\/uploads\/2020\/03\/image-60.jpeg?fit=360%2C240\" data-orig-size=\"360,240\" data-comments-opened=\"0\" data-image-meta=\"{&quot;aperture&quot;:&quot;0&quot;,&quot;credit&quot;:&quot;&quot;,&quot;camera&quot;:&quot;&quot;,&quot;caption&quot;:&quot;&quot;,&quot;created_timestamp&quot;:&quot;0&quot;,&quot;copyright&quot;:&quot;&quot;,&quot;focal_length&quot;:&quot;0&quot;,&quot;iso&quot;:&quot;0&quot;,&quot;shutter_speed&quot;:&quot;0&quot;,&quot;title&quot;:&quot;&quot;,&quot;orientation&quot;:&quot;0&quot;}\" data-image-title=\"image-60\" data-image-description=\"\" data-image-caption=\"\" data-medium-file=\"https:\/\/i0.wp.com\/blogdalucianaoliveira.com.br\/blog\/wp-content\/uploads\/2020\/03\/image-60.jpeg?fit=300%2C200\" data-large-file=\"https:\/\/i0.wp.com\/blogdalucianaoliveira.com.br\/blog\/wp-content\/uploads\/2020\/03\/image-60.jpeg?fit=360%2C240\" src=\"https:\/\/i0.wp.com\/blogdalucianaoliveira.com.br\/blog\/wp-content\/uploads\/2020\/03\/image-60.jpeg?resize=360%2C240\" alt=\"\" class=\"wp-image-27039\" srcset=\"https:\/\/i0.wp.com\/blogdalucianaoliveira.com.br\/blog\/wp-content\/uploads\/2020\/03\/image-60.jpeg?w=360 360w, https:\/\/i0.wp.com\/blogdalucianaoliveira.com.br\/blog\/wp-content\/uploads\/2020\/03\/image-60.jpeg?resize=300%2C200 300w\" sizes=\"auto, (max-width: 360px) 100vw, 360px\" \/><\/figure>\n\n\n\n<p>Em processo distribu\u00eddo \u00e0 Justi\u00e7a Federal do DF, o morador de Rond\u00f4nia afirma que a culpa pela pandemia \u00e9 do presidente Xi Jinping. Valor da indeniza\u00e7\u00e3o iria para a Uni\u00e3o, segundo o autor.<\/p>\n\n\n\n<!--more-->\n\n\n\n<p>Correio Braziliense<\/p>\n\n\n\n<p>Em meio ao caos provocado pelo novo coronav\u00edrus,&nbsp;<strong>um morador de Porto Velho&nbsp;<\/strong>decidiu&nbsp;<strong>processar na Justi\u00e7a<\/strong>&nbsp;o governo da China. Por acreditar que a pandemia de Covid-19 que atinge os cinco continentes \u00e9 resultado da omiss\u00e3o de Xi Jinping, um contabilista de 54 anos pede&nbsp;<strong>R$ 5 bilh\u00f5es de indeniza\u00e7\u00e3o<\/strong>&nbsp;ao&nbsp;<strong>presidente chin\u00eas<\/strong>para &#8220;arcar com os preju\u00edzos causados ao povo brasileiro&#8221;. O dinheiro seria destinado \u00e0 Uni\u00e3o.&nbsp;<br><\/p>\n\n\n\n<p>O processo foi distribu\u00eddo para a\u00a0<strong>14\u00aa Vara Federal do Distrito Federal<\/strong>. Na pe\u00e7a, o autor tamb\u00e9m pede que, ap\u00f3s ser condenado, o presidente chin\u00eas seja multado em R$ 100 mil por dia caso n\u00e3o cumpra a decis\u00e3o. O morador da capital de Rond\u00f4nia afirma, ainda, que o Procurador-Geral da Uni\u00e3o, Andr\u00e9 Luiz Mendon\u00e7a, omitiu-se ao n\u00e3o tomar provid\u00eancias de ordem legal contra a China.<br>Uma das justificativas usadas pelo brasileiro seriam os &#8220;recursos federais despendidos para evitar o alastramento do coronav\u00edrus, e tratamento de enfermos, com grandes repercuss\u00f5es nacionais&#8221;.\u00a0<\/p>\n\n\n\n<p>&#8220;Entretanto, quem deve arcar com todos os preju\u00edzos causados ao povo brasileiro \u00e9 a&nbsp;<strong>Rep\u00fablica Popular da China<\/strong>, que, atrav\u00e9s de seu presidente como \u00e9 p\u00fablico e not\u00f3rio, negligenciou e agiu com omiss\u00e3o quando lhe foi informado de que estava existindo um v\u00edrus de alto poder de cont\u00e1gio e poderia causar graves danos \u00e0 sa\u00fade p\u00fablica e mesmo assim n\u00e3o tomou as provid\u00eancias imediatas para evitar que o mesmo se alastrasse em mais de 170 pa\u00edses&#8221;, escreve.&nbsp;<\/p>\n\n\n\n<p>Recentemente, o deputado federal e filho do presidente Jair Bolsonaro,\u00a0<a href=\"https:\/\/www.correiobraziliense.com.br\/app\/noticia\/politica\/2020\/03\/18\/interna_politica,835171\/embaixador-chines-reage-a-critica-de-eduardo-sem-visao-internacional.shtml\"><strong>Eduardo Bolsonaro<\/strong>, tamb\u00e9m culpou o governo chin\u00eas pela pandemia<\/a>. &#8220;Uma ditadura preferiu esconder algo grave a expor tendo desgaste, mas que salvaria in\u00fameras vidas. A culpa \u00e9 da China e liberdade seria a solu\u00e7\u00e3o&#8221;, escreveu na quarta-feira (18\/3) no Twitter.\u00a0<br>A postagem<a href=\"https:\/\/www.correiobraziliense.com.br\/app\/noticia\/politica\/2020\/03\/19\/interna_politica,835354\/chefe-da-diplomacia-chinesa-reafirma-que-eduardo-bolsonaro-feriu-chi.shtml\">\u00a0foi repudiada pelo\u00a0<strong>embaixador da China<\/strong>\u00a0no Brasil, Yang Wanming<\/a>, que n\u00e3o escondeu o inc\u00f4modo. \u201cAs palavras dele ferem n\u00e3o s\u00f3 a na\u00e7\u00e3o chinesa como o sentimento do povo chin\u00eas, e n\u00e3o condizem com o bom ambiente vivido pelo nosso relacionamento&#8221;, disse.<\/p>\n","protected":false},"excerpt":{"rendered":"<p>Em processo distribu\u00eddo \u00e0 Justi\u00e7a Federal do DF, o morador de Rond\u00f4nia afirma que a culpa pela pandemia \u00e9 do presidente Xi Jinping. Valor da indeniza\u00e7\u00e3o iria para a Uni\u00e3o, segundo o autor.<\/p>\n","protected":false},"author":1,"featured_media":0,"comment_status":"closed","ping_status":"open","sticky":false,"template":"","format":"standard","meta":{"_exactmetrics_skip_tracking":false,"_exactmetrics_sitenote_active":false,"_exactmetrics_sitenote_note":"","_exactmetrics_sitenote_category":0,"jetpack_post_was_ever_published":false,"_jetpack_newsletter_access":"","_jetpack_dont_email_post_to_subs":false,"_jetpack_newsletter_tier_id":0,"_jetpack_memberships_contains_paywalled_content":false,"_jetpack_memberships_contains_paid_content":false,"footnotes":"","jetpack_publicize_message":"","jetpack_publicize_feature_enabled":true,"jetpack_social_post_already_shared":true,"jetpack_social_options":{"image_generator_settings":{"template":"highway","enabled":false},"version":2}},"categories":[1],"tags":[],"class_list":["post-27038","post","type-post","status-publish","format-standard","hentry","category-notas"],"jetpack_publicize_connections":[],"jetpack_sharing_enabled":true,"jetpack_featured_media_url":"","jetpack_shortlink":"https:\/\/wp.me\/p7wKYW-726","jetpack-related-posts":[],"_links":{"self":[{"href":"http:\/\/blogdalucianaoliveira.com.br\/blog\/wp-json\/wp\/v2\/posts\/27038","targetHints":{"allow":["GET"]}}],"collection":[{"href":"http:\/\/blogdalucianaoliveira.com.br\/blog\/wp-json\/wp\/v2\/posts"}],"about":[{"href":"http:\/\/blogdalucianaoliveira.com.br\/blog\/wp-json\/wp\/v2\/types\/post"}],"author":[{"embeddable":true,"href":"http:\/\/blogdalucianaoliveira.com.br\/blog\/wp-json\/wp\/v2\/users\/1"}],"replies":[{"embeddable":true,"href":"http:\/\/blogdalucianaoliveira.com.br\/blog\/wp-json\/wp\/v2\/comments?post=27038"}],"version-history":[{"count":2,"href":"http:\/\/blogdalucianaoliveira.com.br\/blog\/wp-json\/wp\/v2\/posts\/27038\/revisions"}],"predecessor-version":[{"id":27041,"href":"http:\/\/blogdalucianaoliveira.com.br\/blog\/wp-json\/wp\/v2\/posts\/27038\/revisions\/27041"}],"wp:attachment":[{"href":"http:\/\/blogdalucianaoliveira.com.br\/blog\/wp-json\/wp\/v2\/media?parent=27038"}],"wp:term":[{"taxonomy":"category","embeddable":true,"href":"http:\/\/blogdalucianaoliveira.com.br\/blog\/wp-json\/wp\/v2\/categories?post=27038"},{"taxonomy":"post_tag","embeddable":true,"href":"http:\/\/blogdalucianaoliveira.com.br\/blog\/wp-json\/wp\/v2\/tags?post=27038"}],"curies":[{"name":"wp","href":"https:\/\/api.w.org\/{rel}","templated":true}]}}