{"id":27043,"date":"2020-03-21T23:02:46","date_gmt":"2020-03-22T03:02:46","guid":{"rendered":"http:\/\/blogdalucianaoliveira.com.br\/blog\/?p=27043"},"modified":"2020-03-21T23:02:57","modified_gmt":"2020-03-22T03:02:57","slug":"interdicao-ja-para-a-tranquilidade-geral-da-nacao","status":"publish","type":"post","link":"http:\/\/blogdalucianaoliveira.com.br\/blog\/2020\/03\/21\/interdicao-ja-para-a-tranquilidade-geral-da-nacao\/","title":{"rendered":"Interdi\u00e7\u00e3o J\u00e1, para a tranquilidade geral da Na\u00e7\u00e3o"},"content":{"rendered":"\n<figure class=\"wp-block-image size-large\"><img data-recalc-dims=\"1\" loading=\"lazy\" decoding=\"async\" width=\"500\" height=\"240\" data-attachment-id=\"27044\" data-permalink=\"http:\/\/blogdalucianaoliveira.com.br\/blog\/2020\/03\/21\/interdicao-ja-para-a-tranquilidade-geral-da-nacao\/image-61-4\/\" data-orig-file=\"https:\/\/i0.wp.com\/blogdalucianaoliveira.com.br\/blog\/wp-content\/uploads\/2020\/03\/image-61.jpeg?fit=500%2C240\" data-orig-size=\"500,240\" data-comments-opened=\"0\" data-image-meta=\"{&quot;aperture&quot;:&quot;0&quot;,&quot;credit&quot;:&quot;&quot;,&quot;camera&quot;:&quot;&quot;,&quot;caption&quot;:&quot;&quot;,&quot;created_timestamp&quot;:&quot;0&quot;,&quot;copyright&quot;:&quot;&quot;,&quot;focal_length&quot;:&quot;0&quot;,&quot;iso&quot;:&quot;0&quot;,&quot;shutter_speed&quot;:&quot;0&quot;,&quot;title&quot;:&quot;&quot;,&quot;orientation&quot;:&quot;0&quot;}\" data-image-title=\"image-61\" data-image-description=\"\" data-image-caption=\"\" data-medium-file=\"https:\/\/i0.wp.com\/blogdalucianaoliveira.com.br\/blog\/wp-content\/uploads\/2020\/03\/image-61.jpeg?fit=300%2C144\" data-large-file=\"https:\/\/i0.wp.com\/blogdalucianaoliveira.com.br\/blog\/wp-content\/uploads\/2020\/03\/image-61.jpeg?fit=500%2C240\" src=\"https:\/\/i0.wp.com\/blogdalucianaoliveira.com.br\/blog\/wp-content\/uploads\/2020\/03\/image-61.jpeg?resize=500%2C240\" alt=\"\" class=\"wp-image-27044\" srcset=\"https:\/\/i0.wp.com\/blogdalucianaoliveira.com.br\/blog\/wp-content\/uploads\/2020\/03\/image-61.jpeg?w=500 500w, https:\/\/i0.wp.com\/blogdalucianaoliveira.com.br\/blog\/wp-content\/uploads\/2020\/03\/image-61.jpeg?resize=300%2C144 300w\" sizes=\"auto, (max-width: 500px) 100vw, 500px\" \/><\/figure>\n\n\n\n<p>247 &#8211; Multiplicam-se no Twitter os posts com a tag #Interdi\u00e7\u00e3oJ\u00e1. Que esse apelo sensibilize nossos parlamentares com forma\u00e7\u00e3o na \u00e1rea m\u00e9dica, que podem atestar o quanto Bolsonaro \u00e9 mentalmente incapacitado para exercer a Presid\u00eancia da Rep\u00fablica, sobretudo no atual quadro de pandemia, quando milh\u00f5es de brasileiros correm risco de vida, e que seja encaminhado pedido ao Congresso de sua Interdi\u00e7\u00e3o por motivo de aus\u00eancia de sa\u00fade mental.<\/p>\n\n\n\n<!--more-->\n\n\n\n<p><strong>Hildegard Angel, para<\/strong>&nbsp;<a target=\"_blank\" href=\"https:\/\/www.catarse.me\/jornalistaspelademocracia\" rel=\"noreferrer noopener\"><strong>o Jornalistas pela Democracia<\/strong><\/a>&nbsp;<\/p>\n\n\n\n<p>Enquanto o Impeachment tem tramita\u00e7\u00e3o lenta, obedecendo a etapas sucessivas, a interdi\u00e7\u00e3o por doen\u00e7a pode ocorrer com a necess\u00e1ria velocidade, para impedir a propaga\u00e7\u00e3o dos danos que este indiv\u00edduo pode causar \u00e0 Na\u00e7\u00e3o brasileira, enquanto se mantiver ocupando o posto da lideran\u00e7a do pa\u00eds.<\/p>\n\n\n\n<p>Quem assistiu \u00e0 sua entrevista no programa do Ratinho ficou pasmo de v\u00ea-lo defender as aglomera\u00e7\u00f5es de pessoas, e delegar aos pastores a tarefa de orientar os fi\u00e9is sobre os cuidados necess\u00e1rios nessa situa\u00e7\u00e3o epid\u00eamica, quando o coronav\u00edrus se expande de modo dram\u00e1tico no pa\u00eds, infectando centenas de pessoas, talvez j\u00e1 milhares, que se multiplicar\u00e3o em pouco tempo em muitas centenas de milhares.<\/p>\n\n\n\n<p>N\u00e3o bastasse isso, Bolsonaro ainda relativizou, na entrevista, as mortes j\u00e1 ocorridas de brasileiros, e as que h\u00e3o de ocorrer, no contexto dessa trag\u00e9dia que se abate sobre n\u00f3s. V\u00ea-lo desprezar vidas n\u00e3o \u00e9 novidade. Quem n\u00e3o se lembra de sua declara\u00e7\u00e3o, de 1999, \u201c(&#8230;)o Brasil s\u00f3 vai melhorar quando partirmos para uma guerra civil, fazendo o trabalho que o regime militar n\u00e3o fez, matando uns 30 mil (&#8230;)\u201d. E emendou: \u201cSe vai morrer alguns inocentes, tudo bem, tudo quanto \u00e9 guerra morre inocente&#8221;. Houve quem achasse que era \u201cuma brincadeira\u201d. Hoje ocupando o poder, com o Brasil em situa\u00e7\u00e3o de \u201cguerra\u201d sanit\u00e1ria, ele volta a relativizar a morte de brasileiros, influenciando e contaminando com seu pensamento malvado aqueles seguidores que, com ardor de fan\u00e1ticos religiosos, o consideram \u201cmito\u201d.<\/p>\n\n\n\n<p>Um Presidente da Rep\u00fablica tem como princ\u00edpio da fun\u00e7\u00e3o a defesa da vida, n\u00e3o a de muitos, mas a de todos, de cada um do povo. \u00c9 inaceit\u00e1vel a sua normaliza\u00e7\u00e3o das mortes por doen\u00e7a, sem qualquer empatia, o que pode caracteriz\u00e1-lo como um sociopata, sem condi\u00e7\u00f5es m\u00ednimas de compreens\u00e3o e an\u00e1lise do momento dram\u00e1tico que vive o pa\u00eds.<\/p>\n\n\n\n<p>Com a mente d\u00e9bil, a intelig\u00eancia fronteiri\u00e7a, aparentemente sofrendo de del\u00edrios persecut\u00f3rios, o presidente Jair Bolsonaro precisa sofrer imediata interdi\u00e7\u00e3o m\u00e9dica, para a tranquilidade geral da Na\u00e7\u00e3o. &nbsp;<\/p>\n\n\n\n<p>#Interdi\u00e7\u00e3oJ\u00e1<\/p>\n","protected":false},"excerpt":{"rendered":"<p>247 &#8211; Multiplicam-se no Twitter os posts com a tag #Interdi\u00e7\u00e3oJ\u00e1. Que esse apelo sensibilize nossos parlamentares com forma\u00e7\u00e3o na \u00e1rea m\u00e9dica, que podem atestar o quanto Bolsonaro \u00e9 mentalmente incapacitado para exercer a Presid\u00eancia da Rep\u00fablica, sobretudo no atual quadro de pandemia, quando milh\u00f5es de brasileiros correm risco de vida, e que seja encaminhado&#8230;<a class=\"more-link\" href=\"http:\/\/blogdalucianaoliveira.com.br\/blog\/2020\/03\/21\/interdicao-ja-para-a-tranquilidade-geral-da-nacao\/\">Continue a leitura <span class=\"meta-nav\">&raquo;<\/span><\/a><\/p>\n","protected":false},"author":1,"featured_media":0,"comment_status":"closed","ping_status":"open","sticky":false,"template":"","format":"standard","meta":{"_exactmetrics_skip_tracking":false,"_exactmetrics_sitenote_active":false,"_exactmetrics_sitenote_note":"","_exactmetrics_sitenote_category":0,"jetpack_post_was_ever_published":false,"_jetpack_newsletter_access":"","_jetpack_dont_email_post_to_subs":false,"_jetpack_newsletter_tier_id":0,"_jetpack_memberships_contains_paywalled_content":false,"_jetpack_memberships_contains_paid_content":false,"footnotes":"","jetpack_publicize_message":"","jetpack_publicize_feature_enabled":true,"jetpack_social_post_already_shared":true,"jetpack_social_options":{"image_generator_settings":{"template":"highway","enabled":false},"version":2}},"categories":[1],"tags":[],"class_list":["post-27043","post","type-post","status-publish","format-standard","hentry","category-notas"],"jetpack_publicize_connections":[],"jetpack_sharing_enabled":true,"jetpack_featured_media_url":"","jetpack_shortlink":"https:\/\/wp.me\/p7wKYW-72b","jetpack-related-posts":[],"_links":{"self":[{"href":"http:\/\/blogdalucianaoliveira.com.br\/blog\/wp-json\/wp\/v2\/posts\/27043","targetHints":{"allow":["GET"]}}],"collection":[{"href":"http:\/\/blogdalucianaoliveira.com.br\/blog\/wp-json\/wp\/v2\/posts"}],"about":[{"href":"http:\/\/blogdalucianaoliveira.com.br\/blog\/wp-json\/wp\/v2\/types\/post"}],"author":[{"embeddable":true,"href":"http:\/\/blogdalucianaoliveira.com.br\/blog\/wp-json\/wp\/v2\/users\/1"}],"replies":[{"embeddable":true,"href":"http:\/\/blogdalucianaoliveira.com.br\/blog\/wp-json\/wp\/v2\/comments?post=27043"}],"version-history":[{"count":1,"href":"http:\/\/blogdalucianaoliveira.com.br\/blog\/wp-json\/wp\/v2\/posts\/27043\/revisions"}],"predecessor-version":[{"id":27045,"href":"http:\/\/blogdalucianaoliveira.com.br\/blog\/wp-json\/wp\/v2\/posts\/27043\/revisions\/27045"}],"wp:attachment":[{"href":"http:\/\/blogdalucianaoliveira.com.br\/blog\/wp-json\/wp\/v2\/media?parent=27043"}],"wp:term":[{"taxonomy":"category","embeddable":true,"href":"http:\/\/blogdalucianaoliveira.com.br\/blog\/wp-json\/wp\/v2\/categories?post=27043"},{"taxonomy":"post_tag","embeddable":true,"href":"http:\/\/blogdalucianaoliveira.com.br\/blog\/wp-json\/wp\/v2\/tags?post=27043"}],"curies":[{"name":"wp","href":"https:\/\/api.w.org\/{rel}","templated":true}]}}