{"id":27046,"date":"2020-03-21T23:05:54","date_gmt":"2020-03-22T03:05:54","guid":{"rendered":"http:\/\/blogdalucianaoliveira.com.br\/blog\/?p=27046"},"modified":"2020-03-21T23:06:06","modified_gmt":"2020-03-22T03:06:06","slug":"e-preciso-afastar-bolsonaro-e-tracar-um-plano-nacional-de-emergencia","status":"publish","type":"post","link":"http:\/\/blogdalucianaoliveira.com.br\/blog\/2020\/03\/21\/e-preciso-afastar-bolsonaro-e-tracar-um-plano-nacional-de-emergencia\/","title":{"rendered":"\u00c9 preciso afastar Bolsonaro e tra\u00e7ar um plano nacional de emerg\u00eancia"},"content":{"rendered":"\n<figure class=\"wp-block-image size-large\"><img data-recalc-dims=\"1\" loading=\"lazy\" decoding=\"async\" width=\"500\" height=\"240\" data-attachment-id=\"27047\" data-permalink=\"http:\/\/blogdalucianaoliveira.com.br\/blog\/2020\/03\/21\/e-preciso-afastar-bolsonaro-e-tracar-um-plano-nacional-de-emergencia\/image-62-4\/\" data-orig-file=\"https:\/\/i0.wp.com\/blogdalucianaoliveira.com.br\/blog\/wp-content\/uploads\/2020\/03\/image-62.jpeg?fit=500%2C240\" data-orig-size=\"500,240\" data-comments-opened=\"0\" data-image-meta=\"{&quot;aperture&quot;:&quot;0&quot;,&quot;credit&quot;:&quot;&quot;,&quot;camera&quot;:&quot;&quot;,&quot;caption&quot;:&quot;&quot;,&quot;created_timestamp&quot;:&quot;0&quot;,&quot;copyright&quot;:&quot;&quot;,&quot;focal_length&quot;:&quot;0&quot;,&quot;iso&quot;:&quot;0&quot;,&quot;shutter_speed&quot;:&quot;0&quot;,&quot;title&quot;:&quot;&quot;,&quot;orientation&quot;:&quot;0&quot;}\" data-image-title=\"image-62\" data-image-description=\"\" data-image-caption=\"\" data-medium-file=\"https:\/\/i0.wp.com\/blogdalucianaoliveira.com.br\/blog\/wp-content\/uploads\/2020\/03\/image-62.jpeg?fit=300%2C144\" data-large-file=\"https:\/\/i0.wp.com\/blogdalucianaoliveira.com.br\/blog\/wp-content\/uploads\/2020\/03\/image-62.jpeg?fit=500%2C240\" src=\"https:\/\/i0.wp.com\/blogdalucianaoliveira.com.br\/blog\/wp-content\/uploads\/2020\/03\/image-62.jpeg?resize=500%2C240\" alt=\"\" class=\"wp-image-27047\" srcset=\"https:\/\/i0.wp.com\/blogdalucianaoliveira.com.br\/blog\/wp-content\/uploads\/2020\/03\/image-62.jpeg?w=500 500w, https:\/\/i0.wp.com\/blogdalucianaoliveira.com.br\/blog\/wp-content\/uploads\/2020\/03\/image-62.jpeg?resize=300%2C144 300w\" sizes=\"auto, (max-width: 500px) 100vw, 500px\" \/><\/figure>\n\n\n\n<p>247, por Leonardo Attuch- Partindo da premissa do ministro da Sa\u00fade, Luiz Henrique Mandetta, de que o Brasil ter\u00e1 o pico de casos de coronav\u00edrus em abril, m\u00eas em que o sistema de sa\u00fade entraria em colapso, \u00e9 razo\u00e1vel supor que a atividade econ\u00f4mica permanecer\u00e1 parada por no m\u00ednimo 30 dias, 60 ou at\u00e9 mais.<\/p>\n\n\n\n<!--more-->\n\n\n\n<p>Como os pequenos e m\u00e9dios empres\u00e1rios, donos de bares, caf\u00e9s, lojas e restaurantes, n\u00e3o t\u00eam capital de giro, \u00e9 tamb\u00e9m razo\u00e1vel supor que haver\u00e1 uma quebradeira sem precedentes na economia brasileira, o que provocar\u00e1 demiss\u00f5es em massa de trabalhadores e prestadores de servi\u00e7o.<\/p>\n\n\n\n<p>Nesse cen\u00e1rio de caos, os empres\u00e1rios que insistirem em manter os neg\u00f3cios ter\u00e3o que liquidar suas reservas e ativos imobili\u00e1rios e financeiros, como a\u00e7\u00f5es na bolsa de valores, que j\u00e1 ca\u00edram mais de 40% no ano, levando a novas desvaloriza\u00e7\u00f5es nos pre\u00e7os dos im\u00f3veis e das a\u00e7\u00f5es.<\/p>\n\n\n\n<p>Com dois ou tr\u00eas meses parados, a depress\u00e3o da economia brasileira, portanto, poder\u00e1 ser de pelo menos 10% neste ano, fazendo com que a taxa de desemprego suba dos atuais 12% para 20% ou at\u00e9 mais. E isso sem considerar a informalidade, o subemprego e o trabalho prec\u00e1rio.<\/p>\n\n\n\n<p>Como tamb\u00e9m se forma o consenso de que o Brasil tem um sociopata na presid\u00eancia, \u00e9 razo\u00e1vel supor que n\u00e3o haver\u00e1 coordena\u00e7\u00e3o entre governo federal, estados e munic\u00edpios, para organizar minimamente um plano emergencial de combate \u00e0 fome, que fatalmente voltar\u00e1 com for\u00e7a total.<\/p>\n\n\n\n<p>Fome d\u00f3i. E o instinto natural do ser humano \u00e9 lutar pela pr\u00f3pria sobreviv\u00eancia. O caos econ\u00f4mico fatalmente levar\u00e1 ao caos social, potencializando a viol\u00eancia urbana numa sociedade que j\u00e1 \u00e9 uma mais desiguais do mundo. O que vem pela frente, portanto, \u00e9 uma cat\u00e1strofe.<\/p>\n\n\n\n<p>Espero n\u00e3o estar sendo excessivamente alarmista, mas o Brasil pode estar prestes a enfrentar um genoc\u00eddio que ser\u00e1 causado por v\u00edrus, por fome ou viol\u00eancia. \u00c9 preciso parar Bolsonaro o quanto antes e desenhar um plano de emerg\u00eancia com todas as for\u00e7as sociais e democr\u00e1ticas.<\/p>\n","protected":false},"excerpt":{"rendered":"<p>247, por Leonardo Attuch- Partindo da premissa do ministro da Sa\u00fade, Luiz Henrique Mandetta, de que o Brasil ter\u00e1 o pico de casos de coronav\u00edrus em abril, m\u00eas em que o sistema de sa\u00fade entraria em colapso, \u00e9 razo\u00e1vel supor que a atividade econ\u00f4mica permanecer\u00e1 parada por no m\u00ednimo 30 dias, 60 ou at\u00e9 mais.<\/p>\n","protected":false},"author":1,"featured_media":0,"comment_status":"closed","ping_status":"open","sticky":false,"template":"","format":"standard","meta":{"_exactmetrics_skip_tracking":false,"_exactmetrics_sitenote_active":false,"_exactmetrics_sitenote_note":"","_exactmetrics_sitenote_category":0,"jetpack_post_was_ever_published":false,"_jetpack_newsletter_access":"","_jetpack_dont_email_post_to_subs":false,"_jetpack_newsletter_tier_id":0,"_jetpack_memberships_contains_paywalled_content":false,"_jetpack_memberships_contains_paid_content":false,"footnotes":"","jetpack_publicize_message":"","jetpack_publicize_feature_enabled":true,"jetpack_social_post_already_shared":true,"jetpack_social_options":{"image_generator_settings":{"template":"highway","enabled":false},"version":2}},"categories":[1],"tags":[],"class_list":["post-27046","post","type-post","status-publish","format-standard","hentry","category-notas"],"jetpack_publicize_connections":[],"jetpack_sharing_enabled":true,"jetpack_featured_media_url":"","jetpack_shortlink":"https:\/\/wp.me\/p7wKYW-72e","jetpack-related-posts":[],"_links":{"self":[{"href":"http:\/\/blogdalucianaoliveira.com.br\/blog\/wp-json\/wp\/v2\/posts\/27046","targetHints":{"allow":["GET"]}}],"collection":[{"href":"http:\/\/blogdalucianaoliveira.com.br\/blog\/wp-json\/wp\/v2\/posts"}],"about":[{"href":"http:\/\/blogdalucianaoliveira.com.br\/blog\/wp-json\/wp\/v2\/types\/post"}],"author":[{"embeddable":true,"href":"http:\/\/blogdalucianaoliveira.com.br\/blog\/wp-json\/wp\/v2\/users\/1"}],"replies":[{"embeddable":true,"href":"http:\/\/blogdalucianaoliveira.com.br\/blog\/wp-json\/wp\/v2\/comments?post=27046"}],"version-history":[{"count":1,"href":"http:\/\/blogdalucianaoliveira.com.br\/blog\/wp-json\/wp\/v2\/posts\/27046\/revisions"}],"predecessor-version":[{"id":27048,"href":"http:\/\/blogdalucianaoliveira.com.br\/blog\/wp-json\/wp\/v2\/posts\/27046\/revisions\/27048"}],"wp:attachment":[{"href":"http:\/\/blogdalucianaoliveira.com.br\/blog\/wp-json\/wp\/v2\/media?parent=27046"}],"wp:term":[{"taxonomy":"category","embeddable":true,"href":"http:\/\/blogdalucianaoliveira.com.br\/blog\/wp-json\/wp\/v2\/categories?post=27046"},{"taxonomy":"post_tag","embeddable":true,"href":"http:\/\/blogdalucianaoliveira.com.br\/blog\/wp-json\/wp\/v2\/tags?post=27046"}],"curies":[{"name":"wp","href":"https:\/\/api.w.org\/{rel}","templated":true}]}}