{"id":27049,"date":"2020-03-22T14:05:13","date_gmt":"2020-03-22T18:05:13","guid":{"rendered":"http:\/\/blogdalucianaoliveira.com.br\/blog\/?p=27049"},"modified":"2020-03-22T15:29:33","modified_gmt":"2020-03-22T19:29:33","slug":"expulsos-do-brasil-por-bolsonaro-medicos-cubanos-sao-aplaudidos-ao-desembarcar-na-italia","status":"publish","type":"post","link":"http:\/\/blogdalucianaoliveira.com.br\/blog\/2020\/03\/22\/expulsos-do-brasil-por-bolsonaro-medicos-cubanos-sao-aplaudidos-ao-desembarcar-na-italia\/","title":{"rendered":"Expulsos do Brasil por Bolsonaro, m\u00e9dicos cubanos s\u00e3o aplaudidos ao desembarcar na It\u00e1lia"},"content":{"rendered":"\n<figure class=\"wp-block-image size-large\"><img data-recalc-dims=\"1\" loading=\"lazy\" decoding=\"async\" width=\"500\" height=\"240\" data-attachment-id=\"27050\" data-permalink=\"http:\/\/blogdalucianaoliveira.com.br\/blog\/2020\/03\/22\/expulsos-do-brasil-por-bolsonaro-medicos-cubanos-sao-aplaudidos-ao-desembarcar-na-italia\/image-7-8\/\" data-orig-file=\"https:\/\/i0.wp.com\/blogdalucianaoliveira.com.br\/blog\/wp-content\/uploads\/2020\/03\/image-7.png?fit=500%2C240\" data-orig-size=\"500,240\" data-comments-opened=\"0\" data-image-meta=\"{&quot;aperture&quot;:&quot;0&quot;,&quot;credit&quot;:&quot;&quot;,&quot;camera&quot;:&quot;&quot;,&quot;caption&quot;:&quot;&quot;,&quot;created_timestamp&quot;:&quot;0&quot;,&quot;copyright&quot;:&quot;&quot;,&quot;focal_length&quot;:&quot;0&quot;,&quot;iso&quot;:&quot;0&quot;,&quot;shutter_speed&quot;:&quot;0&quot;,&quot;title&quot;:&quot;&quot;,&quot;orientation&quot;:&quot;0&quot;}\" data-image-title=\"image-7\" data-image-description=\"\" data-image-caption=\"\" data-medium-file=\"https:\/\/i0.wp.com\/blogdalucianaoliveira.com.br\/blog\/wp-content\/uploads\/2020\/03\/image-7.png?fit=300%2C144\" data-large-file=\"https:\/\/i0.wp.com\/blogdalucianaoliveira.com.br\/blog\/wp-content\/uploads\/2020\/03\/image-7.png?fit=500%2C240\" src=\"https:\/\/i0.wp.com\/blogdalucianaoliveira.com.br\/blog\/wp-content\/uploads\/2020\/03\/image-7.png?resize=500%2C240\" alt=\"\" class=\"wp-image-27050\" srcset=\"https:\/\/i0.wp.com\/blogdalucianaoliveira.com.br\/blog\/wp-content\/uploads\/2020\/03\/image-7.png?w=500 500w, https:\/\/i0.wp.com\/blogdalucianaoliveira.com.br\/blog\/wp-content\/uploads\/2020\/03\/image-7.png?resize=300%2C144 300w\" sizes=\"auto, (max-width: 500px) 100vw, 500px\" \/><\/figure>\n\n\n\n<p>247 &#8211; Os m\u00e9dicos cubanos, que foram expulsos do Brasil por Jair Bolsonaro, que deixou milh\u00f5es de brasileiros sem atendimento m\u00e9dico para agradar Donald Trump e a extrema-direita dos Estados Unidos, foram ovacionados ao desembarcar em Roma, na It\u00e1lia, para entrar com tudo na guerra contra o coronav\u00edrus. Confira a chegada dos cubanos e tweet do jornalista Kennedy Alencar:<\/p>\n\n\n\n<!--more-->\n\n\n\n<figure class=\"wp-block-embed-twitter wp-block-embed is-type-rich is-provider-twitter\"><div class=\"wp-block-embed__wrapper\">\n<blockquote class=\"twitter-tweet\" data-width=\"550\" data-dnt=\"true\"><p lang=\"pt\" dir=\"ltr\">M\u00e9dicos cubanos s\u00e3o aplaudidos ao desembarcar na It\u00e1lia! <a href=\"https:\/\/t.co\/nbJffy8IH8\">https:\/\/t.co\/nbJffy8IH8<\/a><\/p>&mdash; Leonardo Attuch (@AttuchLeonardo) <a href=\"https:\/\/twitter.com\/AttuchLeonardo\/status\/1241778871541936135?ref_src=twsrc%5Etfw\">March 22, 2020<\/a><\/blockquote><script async src=\"https:\/\/platform.twitter.com\/widgets.js\" charset=\"utf-8\"><\/script>\n<\/div><\/figure>\n\n\n\n<figure class=\"wp-block-embed-twitter wp-block-embed is-type-rich is-provider-twitter\"><div class=\"wp-block-embed__wrapper\">\n<blockquote class=\"twitter-tweet\" data-width=\"550\" data-dnt=\"true\"><p lang=\"pt\" dir=\"ltr\">Perdemos 11 mil m\u00e9dicos cubanos, reconhecidos mundialmente por serem \u00f3timos na Medicina Social. Tudo que o pobre precisava hoje, e tudo que o pa\u00eds precisava para estancar essa crise.<\/p>&mdash; Monier (@rimonier) <a href=\"https:\/\/twitter.com\/rimonier\/status\/1241757507497984000?ref_src=twsrc%5Etfw\">March 22, 2020<\/a><\/blockquote><script async src=\"https:\/\/platform.twitter.com\/widgets.js\" charset=\"utf-8\"><\/script>\n<\/div><\/figure>\n","protected":false},"excerpt":{"rendered":"<p>247 &#8211; Os m\u00e9dicos cubanos, que foram expulsos do Brasil por Jair Bolsonaro, que deixou milh\u00f5es de brasileiros sem atendimento m\u00e9dico para agradar Donald Trump e a extrema-direita dos Estados Unidos, foram ovacionados ao desembarcar em Roma, na It\u00e1lia, para entrar com tudo na guerra contra o coronav\u00edrus. Confira a chegada dos cubanos e tweet&#8230;<a class=\"more-link\" href=\"http:\/\/blogdalucianaoliveira.com.br\/blog\/2020\/03\/22\/expulsos-do-brasil-por-bolsonaro-medicos-cubanos-sao-aplaudidos-ao-desembarcar-na-italia\/\">Continue a leitura <span class=\"meta-nav\">&raquo;<\/span><\/a><\/p>\n","protected":false},"author":1,"featured_media":0,"comment_status":"closed","ping_status":"open","sticky":false,"template":"","format":"standard","meta":{"_exactmetrics_skip_tracking":false,"_exactmetrics_sitenote_active":false,"_exactmetrics_sitenote_note":"","_exactmetrics_sitenote_category":0,"jetpack_post_was_ever_published":false,"_jetpack_newsletter_access":"","_jetpack_dont_email_post_to_subs":false,"_jetpack_newsletter_tier_id":0,"_jetpack_memberships_contains_paywalled_content":false,"_jetpack_memberships_contains_paid_content":false,"footnotes":"","jetpack_publicize_message":"","jetpack_publicize_feature_enabled":true,"jetpack_social_post_already_shared":true,"jetpack_social_options":{"image_generator_settings":{"template":"highway","enabled":false},"version":2}},"categories":[1],"tags":[],"class_list":["post-27049","post","type-post","status-publish","format-standard","hentry","category-notas"],"jetpack_publicize_connections":[],"jetpack_sharing_enabled":true,"jetpack_featured_media_url":"","jetpack_shortlink":"https:\/\/wp.me\/p7wKYW-72h","jetpack-related-posts":[],"_links":{"self":[{"href":"http:\/\/blogdalucianaoliveira.com.br\/blog\/wp-json\/wp\/v2\/posts\/27049","targetHints":{"allow":["GET"]}}],"collection":[{"href":"http:\/\/blogdalucianaoliveira.com.br\/blog\/wp-json\/wp\/v2\/posts"}],"about":[{"href":"http:\/\/blogdalucianaoliveira.com.br\/blog\/wp-json\/wp\/v2\/types\/post"}],"author":[{"embeddable":true,"href":"http:\/\/blogdalucianaoliveira.com.br\/blog\/wp-json\/wp\/v2\/users\/1"}],"replies":[{"embeddable":true,"href":"http:\/\/blogdalucianaoliveira.com.br\/blog\/wp-json\/wp\/v2\/comments?post=27049"}],"version-history":[{"count":1,"href":"http:\/\/blogdalucianaoliveira.com.br\/blog\/wp-json\/wp\/v2\/posts\/27049\/revisions"}],"predecessor-version":[{"id":27051,"href":"http:\/\/blogdalucianaoliveira.com.br\/blog\/wp-json\/wp\/v2\/posts\/27049\/revisions\/27051"}],"wp:attachment":[{"href":"http:\/\/blogdalucianaoliveira.com.br\/blog\/wp-json\/wp\/v2\/media?parent=27049"}],"wp:term":[{"taxonomy":"category","embeddable":true,"href":"http:\/\/blogdalucianaoliveira.com.br\/blog\/wp-json\/wp\/v2\/categories?post=27049"},{"taxonomy":"post_tag","embeddable":true,"href":"http:\/\/blogdalucianaoliveira.com.br\/blog\/wp-json\/wp\/v2\/tags?post=27049"}],"curies":[{"name":"wp","href":"https:\/\/api.w.org\/{rel}","templated":true}]}}