{"id":27052,"date":"2020-03-22T19:26:48","date_gmt":"2020-03-22T23:26:48","guid":{"rendered":"http:\/\/blogdalucianaoliveira.com.br\/blog\/?p=27052"},"modified":"2020-03-22T19:26:55","modified_gmt":"2020-03-22T23:26:55","slug":"ratinho-tem-pior-audiencia-no-horario-nobre-do-sbt-apos-defender-bolsonaro","status":"publish","type":"post","link":"http:\/\/blogdalucianaoliveira.com.br\/blog\/2020\/03\/22\/ratinho-tem-pior-audiencia-no-horario-nobre-do-sbt-apos-defender-bolsonaro\/","title":{"rendered":"Ratinho tem pior audi\u00eancia no hor\u00e1rio nobre do SBT ap\u00f3s defender Bolsonaro"},"content":{"rendered":"\n<figure class=\"wp-block-image size-large\"><img data-recalc-dims=\"1\" loading=\"lazy\" decoding=\"async\" width=\"500\" height=\"240\" data-attachment-id=\"27053\" data-permalink=\"http:\/\/blogdalucianaoliveira.com.br\/blog\/2020\/03\/22\/ratinho-tem-pior-audiencia-no-horario-nobre-do-sbt-apos-defender-bolsonaro\/image-63-4\/\" data-orig-file=\"https:\/\/i0.wp.com\/blogdalucianaoliveira.com.br\/blog\/wp-content\/uploads\/2020\/03\/image-63.jpeg?fit=500%2C240\" data-orig-size=\"500,240\" data-comments-opened=\"0\" data-image-meta=\"{&quot;aperture&quot;:&quot;0&quot;,&quot;credit&quot;:&quot;&quot;,&quot;camera&quot;:&quot;&quot;,&quot;caption&quot;:&quot;&quot;,&quot;created_timestamp&quot;:&quot;0&quot;,&quot;copyright&quot;:&quot;&quot;,&quot;focal_length&quot;:&quot;0&quot;,&quot;iso&quot;:&quot;0&quot;,&quot;shutter_speed&quot;:&quot;0&quot;,&quot;title&quot;:&quot;&quot;,&quot;orientation&quot;:&quot;0&quot;}\" data-image-title=\"image-63\" data-image-description=\"\" data-image-caption=\"\" data-medium-file=\"https:\/\/i0.wp.com\/blogdalucianaoliveira.com.br\/blog\/wp-content\/uploads\/2020\/03\/image-63.jpeg?fit=300%2C144\" data-large-file=\"https:\/\/i0.wp.com\/blogdalucianaoliveira.com.br\/blog\/wp-content\/uploads\/2020\/03\/image-63.jpeg?fit=500%2C240\" src=\"https:\/\/i0.wp.com\/blogdalucianaoliveira.com.br\/blog\/wp-content\/uploads\/2020\/03\/image-63.jpeg?resize=500%2C240\" alt=\"\" class=\"wp-image-27053\" srcset=\"https:\/\/i0.wp.com\/blogdalucianaoliveira.com.br\/blog\/wp-content\/uploads\/2020\/03\/image-63.jpeg?w=500 500w, https:\/\/i0.wp.com\/blogdalucianaoliveira.com.br\/blog\/wp-content\/uploads\/2020\/03\/image-63.jpeg?resize=300%2C144 300w\" sizes=\"auto, (max-width: 500px) 100vw, 500px\" \/><\/figure>\n\n\n\n<p>247 &#8211; O Programa do Ratinho foi a produ\u00e7\u00e3o menos vista do hor\u00e1rio nobre do SBT na \u00faltima quarta-feira (18), dois dias depois de o apresentador ter sido criticado por defender Jair Bolsonaro com veem\u00eancia, em meio a cr\u00edticas que o governo vem sofrendo no combate \u00e0 crise do coronav\u00edrus.<\/p>\n\n\n\n<!--more-->\n\n\n\n<p>\u201cSegundo dados da Kantar Ibope, o Programa do Ratinho marcou m\u00e9dia de 6,6 pontos na Grande S\u00e3o Paulo e foi menos sintonizado at\u00e9 que a reprise de C\u00famplices de um Resgate, que ficou com 8,1. Indo ao ar um pouco mais tarde, em virtude do Jogo das Fichas\u201d, noticia o&nbsp;<a target=\"_blank\" href=\"https:\/\/natelinha.uol.com.br\/televisao\/2020\/03\/19\/ratinho-tem-pior-audiencia-no-horario-nobre-do-sbt-apos-defender-bolsonaro-142472.php\" rel=\"noreferrer noopener\">site Na Telinha<\/a>.<\/p>\n\n\n\n<p>Na noite de sexta-feira 20, Bolsonaro foi entrevistado de Ratinho, onde ele deu declara\u00e7\u00f5es irrespons\u00e1veis, na contram\u00e3o de autoridades da \u00e1rea de sa\u00fade, como a defesa de que igrejas e est\u00e1dios fossem mantidos abertos e a minimiza\u00e7\u00e3o da gravidade da pandemia, al\u00e9m de cr\u00edticas a governadores que decretaram medidas restritivas.<\/p>\n\n\n\n<p><\/p>\n","protected":false},"excerpt":{"rendered":"<p>247 &#8211; O Programa do Ratinho foi a produ\u00e7\u00e3o menos vista do hor\u00e1rio nobre do SBT na \u00faltima quarta-feira (18), dois dias depois de o apresentador ter sido criticado por defender Jair Bolsonaro com veem\u00eancia, em meio a cr\u00edticas que o governo vem sofrendo no combate \u00e0 crise do coronav\u00edrus.<\/p>\n","protected":false},"author":1,"featured_media":0,"comment_status":"closed","ping_status":"open","sticky":false,"template":"","format":"standard","meta":{"_exactmetrics_skip_tracking":false,"_exactmetrics_sitenote_active":false,"_exactmetrics_sitenote_note":"","_exactmetrics_sitenote_category":0,"jetpack_post_was_ever_published":false,"_jetpack_newsletter_access":"","_jetpack_dont_email_post_to_subs":false,"_jetpack_newsletter_tier_id":0,"_jetpack_memberships_contains_paywalled_content":false,"_jetpack_memberships_contains_paid_content":false,"footnotes":"","jetpack_publicize_message":"","jetpack_publicize_feature_enabled":true,"jetpack_social_post_already_shared":true,"jetpack_social_options":{"image_generator_settings":{"template":"highway","enabled":false},"version":2}},"categories":[1],"tags":[],"class_list":["post-27052","post","type-post","status-publish","format-standard","hentry","category-notas"],"jetpack_publicize_connections":[],"jetpack_sharing_enabled":true,"jetpack_featured_media_url":"","jetpack_shortlink":"https:\/\/wp.me\/p7wKYW-72k","jetpack-related-posts":[],"_links":{"self":[{"href":"http:\/\/blogdalucianaoliveira.com.br\/blog\/wp-json\/wp\/v2\/posts\/27052","targetHints":{"allow":["GET"]}}],"collection":[{"href":"http:\/\/blogdalucianaoliveira.com.br\/blog\/wp-json\/wp\/v2\/posts"}],"about":[{"href":"http:\/\/blogdalucianaoliveira.com.br\/blog\/wp-json\/wp\/v2\/types\/post"}],"author":[{"embeddable":true,"href":"http:\/\/blogdalucianaoliveira.com.br\/blog\/wp-json\/wp\/v2\/users\/1"}],"replies":[{"embeddable":true,"href":"http:\/\/blogdalucianaoliveira.com.br\/blog\/wp-json\/wp\/v2\/comments?post=27052"}],"version-history":[{"count":1,"href":"http:\/\/blogdalucianaoliveira.com.br\/blog\/wp-json\/wp\/v2\/posts\/27052\/revisions"}],"predecessor-version":[{"id":27054,"href":"http:\/\/blogdalucianaoliveira.com.br\/blog\/wp-json\/wp\/v2\/posts\/27052\/revisions\/27054"}],"wp:attachment":[{"href":"http:\/\/blogdalucianaoliveira.com.br\/blog\/wp-json\/wp\/v2\/media?parent=27052"}],"wp:term":[{"taxonomy":"category","embeddable":true,"href":"http:\/\/blogdalucianaoliveira.com.br\/blog\/wp-json\/wp\/v2\/categories?post=27052"},{"taxonomy":"post_tag","embeddable":true,"href":"http:\/\/blogdalucianaoliveira.com.br\/blog\/wp-json\/wp\/v2\/tags?post=27052"}],"curies":[{"name":"wp","href":"https:\/\/api.w.org\/{rel}","templated":true}]}}