{"id":27055,"date":"2020-03-22T19:38:58","date_gmt":"2020-03-22T23:38:58","guid":{"rendered":"http:\/\/blogdalucianaoliveira.com.br\/blog\/?p=27055"},"modified":"2020-03-22T19:39:02","modified_gmt":"2020-03-22T23:39:02","slug":"o-enigma-japones","status":"publish","type":"post","link":"http:\/\/blogdalucianaoliveira.com.br\/blog\/2020\/03\/22\/o-enigma-japones\/","title":{"rendered":"O ENIGMA JAPON\u00caS"},"content":{"rendered":"\n<figure class=\"wp-block-image size-large\"><img loading=\"lazy\" decoding=\"async\" width=\"1200\" height=\"800\" data-attachment-id=\"27056\" data-permalink=\"http:\/\/blogdalucianaoliveira.com.br\/blog\/2020\/03\/22\/o-enigma-japones\/image-64-3\/\" data-orig-file=\"https:\/\/i0.wp.com\/blogdalucianaoliveira.com.br\/blog\/wp-content\/uploads\/2020\/03\/image-64.jpeg?fit=1200%2C800\" data-orig-size=\"1200,800\" data-comments-opened=\"0\" data-image-meta=\"{&quot;aperture&quot;:&quot;0&quot;,&quot;credit&quot;:&quot;&quot;,&quot;camera&quot;:&quot;&quot;,&quot;caption&quot;:&quot;&quot;,&quot;created_timestamp&quot;:&quot;0&quot;,&quot;copyright&quot;:&quot;&quot;,&quot;focal_length&quot;:&quot;0&quot;,&quot;iso&quot;:&quot;0&quot;,&quot;shutter_speed&quot;:&quot;0&quot;,&quot;title&quot;:&quot;&quot;,&quot;orientation&quot;:&quot;0&quot;}\" data-image-title=\"image-64\" data-image-description=\"\" data-image-caption=\"\" data-medium-file=\"https:\/\/i0.wp.com\/blogdalucianaoliveira.com.br\/blog\/wp-content\/uploads\/2020\/03\/image-64.jpeg?fit=300%2C200\" data-large-file=\"https:\/\/i0.wp.com\/blogdalucianaoliveira.com.br\/blog\/wp-content\/uploads\/2020\/03\/image-64.jpeg?fit=600%2C400\" src=\"https:\/\/i0.wp.com\/blogdalucianaoliveira.com.br\/blog\/wp-content\/uploads\/2020\/03\/image-64.jpeg?fit=600%2C400\" alt=\"\" class=\"wp-image-27056\" srcset=\"https:\/\/i0.wp.com\/blogdalucianaoliveira.com.br\/blog\/wp-content\/uploads\/2020\/03\/image-64.jpeg?w=1200 1200w, https:\/\/i0.wp.com\/blogdalucianaoliveira.com.br\/blog\/wp-content\/uploads\/2020\/03\/image-64.jpeg?resize=300%2C200 300w, https:\/\/i0.wp.com\/blogdalucianaoliveira.com.br\/blog\/wp-content\/uploads\/2020\/03\/image-64.jpeg?resize=1024%2C683 1024w, https:\/\/i0.wp.com\/blogdalucianaoliveira.com.br\/blog\/wp-content\/uploads\/2020\/03\/image-64.jpeg?resize=768%2C512 768w, https:\/\/i0.wp.com\/blogdalucianaoliveira.com.br\/blog\/wp-content\/uploads\/2020\/03\/image-64.jpeg?resize=450%2C300 450w\" sizes=\"auto, (max-width: 600px) 100vw, 600px\" \/><\/figure>\n\n\n\n<p>Com pouco mais de mil casos de coronav\u00edrus, Jap\u00e3o contraria recomenda\u00e7\u00f5es sanit\u00e1rias e causa desconfian\u00e7a \u00e0s v\u00e9speras de uma Olimp\u00edada cada vez mais improv\u00e1vel.<\/p>\n\n\n\n<!--more-->\n\n\n\n<p>Revista Piau\u00ed &#8211; Ant\u00f4nio Prada <\/p>\n\n\n\n<p>Nova York, 12.315 casos confirmados de coronav\u00edrus e 76 mortes at\u00e9 s\u00e1bado, 21 de mar\u00e7o. Do aeroporto JFK, a funcion\u00e1ria de uma multinacional de tecnologia embarca para o Jap\u00e3o, onde reside. Quatorze horas e 10 minutos depois, aterrissa no aeroporto de Narita. Passa pela alf\u00e2ndega sem ser submetida a nenhum tipo de controle sanit\u00e1rio e em duas horas chega ao centro de T\u00f3quio. \u00c0 noite, janta com amigas e encontra a cidade em ritmo normal: bares, restaurantes e casas noturnas abertas, metr\u00f4s funcionando normalmente. Nenhum sinal aparente de que h\u00e1 uma pandemia no ar.\u00a0<br><\/p>\n\n\n\n<p>N\u00e3o \u00e9 uma surpresa. At\u00e9 aqui, o Jap\u00e3o, um dos primeiros pa\u00edses fora da China a ser atingido pelo coronav\u00edrus, \u00e9 um ponto fora da curva nos gr\u00e1ficos oficiais da pandemia que aterroriza o mundo diariamente. \u00c9 a na\u00e7\u00e3o desenvolvida menos afetada e, a\u00ed sim uma surpresa, com protocolos de a\u00e7\u00f5es de preven\u00e7\u00e3o e combate na contram\u00e3o dos da maioria das pa\u00edses atingidos pelo v\u00edrus e das recomenda\u00e7\u00f5es da Organiza\u00e7\u00e3o Mundial da Sa\u00fade.&nbsp;<\/p>\n\n\n\n<p>O Jap\u00e3o acumulava 1.101 casos confirmados e 41 mortes at\u00e9 22 de mar\u00e7o. O primeiro caso do Covid-19 foi registrado em 10 de janeiro. Os n\u00fameros excluem os 712 infectados e as 8 mortes do pol\u00eamico cruzeiro Diamond Princess, que ficou retido em Yokohama, de quarentena.&nbsp;<\/p>\n\n\n\n<p>A boa not\u00edcia dos n\u00fameros oficiais, no entanto, carece de l\u00f3gica quando se comparam per\u00edodo de surto, casos confirmados, mortes, a\u00e7\u00f5es de combate e testes ao redor do mundo. A quest\u00e3o virou um enigma entre especialistas e um motivo de suspeita para os que acusam o governo de maquiar a situa\u00e7\u00e3o para n\u00e3o prejudicar ainda mais a economia e continuar garantindo a realiza\u00e7\u00e3o da Olimp\u00edada, cada vez mais improv\u00e1vel. A press\u00e3o de atletas e de v\u00e1rios pa\u00edses provocou uma reuni\u00e3o de emerg\u00eancia neste domingo, e o Comit\u00ea Ol\u00edmpico Internacional (COI) decidiu iniciar as discuss\u00f5es sobre um poss\u00edvel adiamento dos jogos, previstos para come\u00e7ar em 24 de julho. A decis\u00e3o ser\u00e1 tomada em um m\u00eas e, nesse meio tempo, os interesses de federa\u00e7\u00f5es, comit\u00eas ol\u00edmpicos, detentores dos direitos de televis\u00e3o, patrocinadores, do governo japon\u00eas e de centenas de outros envolvidos devem ser alinhados. O cancelamento, segundo o presidente do COI, Thomas Bach, est\u00e1 fora de cogita\u00e7\u00e3o.&nbsp;<\/p>\n\n\n\n<p>Enquanto o mundo&nbsp;se&nbsp;isola e paralisa praticamente todas as atividades, o Jap\u00e3o se limitou a decretar emerg\u00eancia no estado de Hokkaido, regi\u00e3o com maior n\u00famero de casos, cancelar eventos esportivos, fechar grandes espa\u00e7os de entretenimento e paralisar todas as atividades escolares por 3 semanas. O prazo vence na pr\u00f3xima semana e a perspectiva \u00e9 de que tudo volte ao normal, em etapas. O rein\u00edcio das aulas a partir do dia 30 j\u00e1 foi confirmado pelo primeiro-ministro Shinzo Abe. O tradicional parque de divers\u00e3o em Tokorozawa, em Saitama, foi reaberto neste s\u00e1bado, superlotado. Com o aumento de temperatura, praias como as de Enoshima, a 50 km de T\u00f3quio, tamb\u00e9m ficaram abarrotadas neste final de semana.&nbsp; A Legoland e o Sea Life Nagoya, em Aichi, retornam com algumas de suas principais atra\u00e7\u00f5es a partir de segunda-feira, 23.&nbsp;<\/p>\n\n\n\n<p>De forma compuls\u00f3ria, empresas ainda orientam funcion\u00e1rios a trabalharem remotamente, o que, em muitas delas, j\u00e1 n\u00e3o tem funcionado. A vida segue ritmo normal, com os principais centros de com\u00e9rcio lotados, como sempre \u2013&nbsp; sem, claro, boa parte dos cerca 2,7 milh\u00f5es de turistas, especialmente chineses, que se espalham mensalmente pelas centenas de atra\u00e7\u00f5es tur\u00edsticas do pa\u00eds.&nbsp;<\/p>\n\n\n\n<p>O Jap\u00e3o tampouco fechou fronteiras de forma radical at\u00e9 agora, como fizeram Estados Unidos, Comunidade Europeia e pa\u00edses da Am\u00e9rica Latina. Durante a maior parte dos cerca de tr\u00eas meses do surto, as a\u00e7\u00f5es de bloqueio sempre foram pontuais. Somente no dia 9 de mar\u00e7o, quando j\u00e1 havia um pico consolidado de casos na China e na Cor\u00e9ia do Sul, o governo anunciou restri\u00e7\u00f5es de viagens para viajantes provenientes desses pa\u00edses. Em 15 de mar\u00e7o, o Jap\u00e3o proibiu a entrada de viajantes estrangeiros com passaportes chineses emitidos pelas prov\u00edncias de Hubei e Zhejiang, bem como daqueles que visitaram regi\u00f5es do Ir\u00e3 e It\u00e1lia nos \u00faltimos 14 dias.<\/p>\n\n\n\n<p>Em 18 de mar\u00e7o, o Jap\u00e3o adicionou \u00e0 lista duas prov\u00edncias da Su\u00ed\u00e7a, quatro estados na Espanha e todo a Isl\u00e2ndia. A proibi\u00e7\u00e3o entrou em vigor no dia 19 de mar\u00e7o. Desde s\u00e1bado, dia 21, viajantes de 38 pa\u00edses precisam ficar em quarentena por 14 dias em instala\u00e7\u00f5es aprovadas pelas autoridades japonesas. Esses pa\u00edses incluem os 26 pa\u00edses europeus signat\u00e1rios do acordo de Schengen (que abre fronteiras e permite livre circula\u00e7\u00e3o de cidad\u00e3os), al\u00e9m da Irlanda, Andorra, Ir\u00e3, Gr\u00e3-Bretanha, Egito, Chipre, Cro\u00e1cia, S\u00e3o Marinho, Vaticano, Bulg\u00e1ria, M\u00f4naco e Rom\u00eania. Neste domingo, a quarentena de duas semanas foi estendida a quem estiver chegando dos Estados Unidos.<\/p>\n\n\n\n<p><strong>A<\/strong>recomenda\u00e7\u00e3o da OMS de \u201cteste, teste, teste\u201d, encampada com \u00eaxito pela vizinha Coreia do Sul, n\u00e3o foi adotada, apesar de o Jap\u00e3o ter kits dispon\u00edveis, ao contr\u00e1rio de muitos pa\u00edses. O Jap\u00e3o mant\u00e9m um protocolo de testar apenas aqueles com sintomas vis\u00edveis ou hist\u00f3rico de contato direto com aqueles cujos testes foram positivos,&nbsp; tentando isolar pequenos grupos antes que eles cres\u00e7am. Novos testes que produzem resultados em 10 a 15 minutos est\u00e3o se tornando dispon\u00edveis, mas mesmo com a tecnologia aprimorada, segundo a pol\u00edtica atual, um teste s\u00f3 ser\u00e1 administrado nas circunst\u00e2ncias mais extremas, quando as pessoas tiverem febre por quatro dias ou mais.<\/p>\n\n\n\n<p>At\u00e9 este final de semana, enquanto a Coreia do Sul aplicava cerca de seis mil testes por 1 milh\u00e3o de habitantes, o Jap\u00e3o se limitava a 117 por milh\u00e3o. A Alemanha, outro case de sucesso no combate ao v\u00edrus, acumulava at\u00e9 s\u00e1bado 18.610 casos confirmados e 55 mortos, e 4.000 testes por milh\u00e3o. Portanto, se h\u00e1 menos testes, h\u00e1 menos casos confirmados. Autoridades do Jap\u00e3o defendem seu regime de testagem.&nbsp; \u201cEm primeiro lugar, acreditamos que n\u00e3o h\u00e1 tanta necessidade de testes no Jap\u00e3o\u201d, disse Takuma Kato, vice-diretor da divis\u00e3o de controle de doen\u00e7as infecciosas do Minist\u00e9rio da Sa\u00fade, Trabalho e Bem-Estar, j\u00e1 em 11 de mar\u00e7o. Kato garantiu que o Jap\u00e3o n\u00e3o est\u00e1 enfrentando uma explos\u00e3o de n\u00fameros de infec\u00e7\u00f5es com sintomas graves, como visto em pa\u00edses como It\u00e1lia. \u201cA propor\u00e7\u00e3o de pessoas que deram positivo para o v\u00edrus em rela\u00e7\u00e3o \u00e0quelas que foram testadas nunca \u00e9 alta\u201d, disse.<\/p>\n\n\n\n<p>N\u00e3o \u00e9 o que pensa o infectologista&nbsp;Kentaro Iwata, professor de doen\u00e7as infecciosas na Universidade de Kobe, um dos mais ferozes cr\u00edticos de como o governo lidou com a situa\u00e7\u00e3o do navio Diamond Princess. \u201c\u00c9 dif\u00edcil explicar de forma abrangente (capacidade de teste no Jap\u00e3o como um todo), pois isso varia em todo o pa\u00eds. Mas n\u00e3o est\u00e1 sendo feito o suficiente ao meu redor, pelo menos. O Jap\u00e3o n\u00e3o conteve o v\u00edrus, ou talvez eu deva dizer que n\u00e3o podemos sequer julgar se o contivemos sem realizar um n\u00famero suficiente de testes\u201d, disse ele, enfatizando a necessidade de fazer mais testes em \u00e1reas onde as infec\u00e7\u00f5es est\u00e3o aumentando.<\/p>\n\n\n\n<p>Nas ruas e nas redes sociais a t\u00e1tica do governo tamb\u00e9m \u00e9 questionada. \u201cS\u00f3 quem mora no Jap\u00e3o sabe o descaso do governo em rela\u00e7\u00e3o ao coronav\u00edrus. Isso de baixa porcentagem de casos \u00e9 s\u00f3 pura neglig\u00eancia na \u00e1rea de sa\u00fade, como sempre aconteceu.&nbsp;Conhe\u00e7o muita gente ardendo em febre tendo que ficar em casa, sem atendimento porque os hospitais se recusam a atender mesmo pagando, at\u00e9 porque aqui n\u00e3o existe SUS (a menos que voc\u00ea esteja em estado grave). Os n\u00fameros de testes da doen\u00e7a s\u00e3o extremamente baixos por prov\u00edncia. Na cabe\u00e7a deles, se n\u00e3o tem diagn\u00f3stico, n\u00e3o tem casos, ent\u00e3o n\u00e3o diagnosticam praticamente ningu\u00e9m. Tampouco h\u00e1 quarentena\u201d, desabafou&nbsp;em uma rede social&nbsp;Lauro Hideki, de 20 anos, que trabalha como inspetor em uma f\u00e1brica em Ota\/Gunma.&nbsp;<\/p>\n\n\n\n<p>Antes da decis\u00e3o de discutir o adiamento dos jogos, a aeronave que carregava a chama ol\u00edmpica chegou na dia 19 de mar\u00e7o \u00e0 base de Matsushima da For\u00e7a A\u00e9rea de Autodefesa do Jap\u00e3o. Saiu de Atenas, solit\u00e1ria, devidamente acomodada numa poltrona de primeira classe de um avi\u00e3o quase vazio. A cerim\u00f4nia de chegada n\u00e3o teve&nbsp; espectadores. A chama tem previs\u00e3o de percorrer a regi\u00e3o de Tohoku atingida pelo tsunami e pelo terremoto, no que os organizadores chamam de turn\u00ea de \u201cchama de recupera\u00e7\u00e3o\u201d at\u00e9 a cerim\u00f4nia oficial de lan\u00e7amento em Fukushima, em 26 de mar\u00e7o. Na manh\u00e3 deste domingo (22), para ver a tocha ol\u00edmpica na esta\u00e7\u00e3o de trem em Hanamaki, cerca de dez mil pessoas fizeram fila \u2013 gente com e sem m\u00e1scara. Os organizadores pediram que o p\u00fablico n\u00e3o crie aglomera\u00e7\u00e3o na rota de revezamento da tocha. Al\u00e9m disso, cancelou muitos eventos ao longo do caminho e restringiu o acesso do p\u00fablico a outros.<\/p>\n\n\n\n<p>O governo japon\u00eas, at\u00e9 este domingo, continuava afirmando que estava determinado a realizar uma Olimp\u00edada de T\u00f3quio \u201csegura e protegida\u201d dentro do cronograma. O coro dos descontentes, no entanto, ecoou alto e pressionou o Comit\u00ea Ol\u00edmpico Internacional (COI) a come\u00e7ar a rever a posi\u00e7\u00e3o. O presidente dos EUA, Donald Trump, sugeriu um atraso de um ano por causa da pandemia. A diretoria da federa\u00e7\u00e3o de atletismo dos Estados Unidos pediu enfaticamente o adiamento dos jogos, frisando&nbsp; que seguir adiante com os preparativos ol\u00edmpicos \u201cn\u00e3o seria do melhor interesse de nossos atletas\u201d. O pedido se soma ao realizado por v\u00e1rios atletas ao redor do mundo. \u201cO correto e respons\u00e1vel a fazer \u00e9 priorizar a sa\u00fade e a seguran\u00e7a de todos e reconhecer de forma apropriada os efeitos que tem esta dif\u00edcil situa\u00e7\u00e3o, e que segue tendo, sobre nossos atletas e seus preparativos para os Jogos Ol\u00edmpicos\u201d, afirmou a federa\u00e7\u00e3o de nata\u00e7\u00e3o norte-americana.&nbsp;<\/p>\n\n\n\n<p>O Comit\u00ea Ol\u00edmpico Brasileiro (COB) tamb\u00e9m defendeu o adiamento para 2021. \u201cComo judoca e ex-t\u00e9cnico da modalidade, aprendi que o sonho de todo atleta \u00e9 disputar os Jogos Ol\u00edmpicos em suas melhores condi\u00e7\u00f5es\u201d, afirmou o presidente da entidade, Paulo Wanderley, em comunicado. \u201cEst\u00e1 claro que, neste momento, manter os Jogos para este ano impedir\u00e1 que este sonho seja realizado em sua plenitude\u201d.<\/p>\n\n\n\n<p>Alheio ao horror da pandemia, o Comit\u00ea Organizador dos Jogos Ol\u00edmpicos chegou a ventilar que n\u00e3o haveria devolu\u00e7\u00e3o do dinheiro dos ingressos comprados antecipadamente caso a Olimp\u00edada fosse de fato adiada, segundo a imprensa japonesa. Conforme as mesmas fontes, o comit\u00ea teria um acordo com a empresa respons\u00e1vel pela comercializa\u00e7\u00e3o: que s\u00f3 ocorreria ressarcimento dos valores \u201ccaso n\u00e3o fossem cumpridas as obriga\u00e7\u00f5es estipuladas no contrato para a realiza\u00e7\u00e3o da T\u00f3quio 2020\u201d. Se as causas do adiamento ou cancelamento fossem por \u201cfor\u00e7a maior\u201d, a empresa n\u00e3o seria respons\u00e1vel.&nbsp;<\/p>\n\n\n\n<p>O Jap\u00e3o, ainda impass\u00edvel, segue o script com quase nenhum di\u00e1logo, relatando os casos confirmados de coronav\u00edrus dentro do seu protocolo e virando, at\u00e9 segunda ordem, um ponto fora da curva da pandemia mundial. Mas as d\u00favidas permanecem, embaladas pela expectativa real de adiamento da Olimp\u00edada: o surto no Jap\u00e3o j\u00e1 est\u00e1 mesmo controlado? Ou o pior ainda est\u00e1 por vir?&nbsp;<\/p>\n","protected":false},"excerpt":{"rendered":"<p>Com pouco mais de mil casos de coronav\u00edrus, Jap\u00e3o contraria recomenda\u00e7\u00f5es sanit\u00e1rias e causa desconfian\u00e7a \u00e0s v\u00e9speras de uma Olimp\u00edada cada vez mais improv\u00e1vel.<\/p>\n","protected":false},"author":1,"featured_media":0,"comment_status":"closed","ping_status":"open","sticky":false,"template":"","format":"standard","meta":{"_exactmetrics_skip_tracking":false,"_exactmetrics_sitenote_active":false,"_exactmetrics_sitenote_note":"","_exactmetrics_sitenote_category":0,"jetpack_post_was_ever_published":false,"_jetpack_newsletter_access":"","_jetpack_dont_email_post_to_subs":false,"_jetpack_newsletter_tier_id":0,"_jetpack_memberships_contains_paywalled_content":false,"_jetpack_memberships_contains_paid_content":false,"footnotes":"","jetpack_publicize_message":"","jetpack_publicize_feature_enabled":true,"jetpack_social_post_already_shared":true,"jetpack_social_options":{"image_generator_settings":{"template":"highway","enabled":false},"version":2}},"categories":[1],"tags":[],"class_list":["post-27055","post","type-post","status-publish","format-standard","hentry","category-notas"],"jetpack_publicize_connections":[],"jetpack_sharing_enabled":true,"jetpack_featured_media_url":"","jetpack_shortlink":"https:\/\/wp.me\/p7wKYW-72n","jetpack-related-posts":[],"_links":{"self":[{"href":"http:\/\/blogdalucianaoliveira.com.br\/blog\/wp-json\/wp\/v2\/posts\/27055","targetHints":{"allow":["GET"]}}],"collection":[{"href":"http:\/\/blogdalucianaoliveira.com.br\/blog\/wp-json\/wp\/v2\/posts"}],"about":[{"href":"http:\/\/blogdalucianaoliveira.com.br\/blog\/wp-json\/wp\/v2\/types\/post"}],"author":[{"embeddable":true,"href":"http:\/\/blogdalucianaoliveira.com.br\/blog\/wp-json\/wp\/v2\/users\/1"}],"replies":[{"embeddable":true,"href":"http:\/\/blogdalucianaoliveira.com.br\/blog\/wp-json\/wp\/v2\/comments?post=27055"}],"version-history":[{"count":1,"href":"http:\/\/blogdalucianaoliveira.com.br\/blog\/wp-json\/wp\/v2\/posts\/27055\/revisions"}],"predecessor-version":[{"id":27057,"href":"http:\/\/blogdalucianaoliveira.com.br\/blog\/wp-json\/wp\/v2\/posts\/27055\/revisions\/27057"}],"wp:attachment":[{"href":"http:\/\/blogdalucianaoliveira.com.br\/blog\/wp-json\/wp\/v2\/media?parent=27055"}],"wp:term":[{"taxonomy":"category","embeddable":true,"href":"http:\/\/blogdalucianaoliveira.com.br\/blog\/wp-json\/wp\/v2\/categories?post=27055"},{"taxonomy":"post_tag","embeddable":true,"href":"http:\/\/blogdalucianaoliveira.com.br\/blog\/wp-json\/wp\/v2\/tags?post=27055"}],"curies":[{"name":"wp","href":"https:\/\/api.w.org\/{rel}","templated":true}]}}