{"id":27058,"date":"2020-03-22T21:13:59","date_gmt":"2020-03-23T01:13:59","guid":{"rendered":"http:\/\/blogdalucianaoliveira.com.br\/blog\/?p=27058"},"modified":"2020-03-22T21:14:06","modified_gmt":"2020-03-23T01:14:06","slug":"campanha-de-vacinacao-da-gripe-tera-inicio-na-segunda-feira-23","status":"publish","type":"post","link":"http:\/\/blogdalucianaoliveira.com.br\/blog\/2020\/03\/22\/campanha-de-vacinacao-da-gripe-tera-inicio-na-segunda-feira-23\/","title":{"rendered":"Campanha de vacina\u00e7\u00e3o da gripe ter\u00e1 in\u00edcio na segunda-feira (23)"},"content":{"rendered":"\n<figure class=\"wp-block-image\"><a href=\"https:\/\/i0.wp.com\/semusa.portovelho.ro.gov.br\/uploads\/editor\/images\/IMG_5548.jpeg?ssl=1\"><img data-recalc-dims=\"1\" decoding=\"async\" src=\"https:\/\/i0.wp.com\/semusa.portovelho.ro.gov.br\/uploads\/editor\/images\/IMG_5548.jpeg?w=600&#038;ssl=1\" alt=\"\"\/><\/a><\/figure>\n\n\n\n<p><strong>Idosos e profissionais da sa\u00fade devem comparecer nas unidades de sa\u00fade, mas sem gerar aglomera\u00e7\u00f5es<\/strong>.<\/p>\n\n\n\n<!--more-->\n\n\n\n<p>Da Assessoria &#8211; A Secretaria Municipal de Sa\u00fade (Semusa) inicia nesta segunda-feira (23), em todas as 50 unidades de sa\u00fade da capital e dos distritos, a campanha nacional de combate ao v\u00edrus Influenza, da gripe. Neste primeiro momento atender\u00e1 os seguintes grupos priorit\u00e1rios: idosos com mais de 60 anos e profissionais da sa\u00fade. A campanha ser\u00e1 realizada em tr\u00eas fases.<\/p>\n\n\n\n<p>Lan\u00e7ada na sexta-feira (20), em uma coletiva na sede da Semusa, a secret\u00e1ria Eliana Pasini acompanhada da gerente de imuniza\u00e7\u00f5es Elizeth Gomes explicaram detalhes de como ser\u00e1 realizada a campanha.<\/p>\n\n\n\n<p>De acordo com a secret\u00e1ria a campanha que s\u00f3 aconteceria em abril, foi adiantada pelo Minist\u00e9rio da Sa\u00fade como uma forma de prevenir as pessoas que est\u00e3o mais vulner\u00e1veis ao cont\u00e1gio do coronav\u00edrus (COVID-19).<\/p>\n\n\n\n<p>\u201cEssa vacina \u00e9 super importante, esperamos vacinar todos os idosos do nosso munic\u00edpio agora nesta primeira etapa, tamb\u00e9m \u00e9 importante frisar que todas as unidades de sa\u00fade estar\u00e3o abastecidas com \u00e1lcool em gel e sab\u00e3o para que possa ser feita a higieniza\u00e7\u00e3o das m\u00e3os\u201d, enfatizou a secret\u00e1ria.<\/p>\n\n\n\n<p>Primeira fase<\/p>\n\n\n\n<p>A campanha nesta primeira fase contemplar\u00e1 dois grupos priorit\u00e1rios: Idosos com mais de 60 anos e profissionais da sa\u00fade, sendo recomendado que apenas estes grupos estejam nas unidades de sa\u00fade e que, no caso dos idosos, que levem apenas um acompanhante. Tamb\u00e9m ser\u00e3o realizadas imuniza\u00e7\u00f5es em igrejas e escolas.<\/p>\n\n\n\n<p>Evitar aglomera\u00e7\u00e3o de pessoas<\/p>\n\n\n\n<p>Ainda de acordo com a secret\u00e1ria \u00e9 importante que a popula\u00e7\u00e3o evite aglomera\u00e7\u00f5es nas unidades de sa\u00fade, que as pessoas esperem nas filas distanciadas umas das outras e, quem n\u00e3o for do grupo priorit\u00e1rio espere em casa a segunda etapa da campanha.<\/p>\n\n\n\n<p>De acordo com gerente de imuniza\u00e7\u00f5es, Elizeth Gomes, as vacinas j\u00e1 est\u00e3o sendo encaminhadas para as unidades de sa\u00fade tanto da capital como dos distritos.<\/p>\n\n\n\n<p>\u201cAs vacinas j\u00e1 est\u00e3o sendo encaminhadas as unidades b\u00e1sicas de sa\u00fade da capital e dos distritos, sendo importante que, os profissionais da sa\u00fade sejam os primeiros a serem imunizados, pois eles atuam na linha de frente contra o v\u00edrus\u201d, disse a gerente.<\/p>\n\n\n\n<p>Lembrando que a vacina protege contra a H1N1, H2N3 e Influenza B, mas n\u00e3o do novo coronav\u00edrus (Covid-19), se tornando uma prote\u00e7\u00e3o aos quadros de doen\u00e7as respirat\u00f3rias mais comuns que, dependendo da gravidade, pode levar \u00e0 morte.<\/p>\n\n\n\n<p>Aten\u00e7\u00e3o durante o atendimento<\/p>\n\n\n\n<p>O indicado que as pessoas evitem ao m\u00e1ximo permanecer por muito tempo dentro das unidades, que esperem o atendimento no lado de fora e, que entrem de forma gradativa, ajudando assim a evitar aglomera\u00e7\u00e3o de pessoas.<\/p>\n\n\n\n<p>Pr\u00f3ximas etapas da campanha<\/p>\n\n\n\n<p>A pr\u00f3xima etapa est\u00e1 prevista para ser iniciada no dia 16 de Abril, onde aumenta o n\u00famero dos grupos priorit\u00e1rios, sendo a vez dos professores das escolas p\u00fablicas e privadas e profissionais das for\u00e7as de seguran\u00e7a e salvamento.<\/p>\n\n\n\n<p>A \u00faltima etapa acontecer\u00e1 no dia 9 de maio, quando poder\u00e1 ser vacinado o maior n\u00famero de pessoas, crian\u00e7as de 6 meses \u00e0 5 anos; portadores de doen\u00e7as cr\u00f4nicas n\u00e3o transmiss\u00edveis; gestantes; pu\u00e9rperas, povos ind\u00edgenas; adolescentes e jovens de 12 a 21 anos que estejam sob medidas socioeducativas; popula\u00e7\u00e3o privada de liberdade; funcion\u00e1rios do sistema prisional e adultos de 55 a 59 anos de idade.<\/p>\n\n\n\n<p>Hor\u00e1rio de funcionamento<\/p>\n\n\n\n<p>Todas as unidades funcionam de segunda-feira a sexta-feira das 8h \u00e0s 18h, com exce\u00e7\u00e3o do Centro de Sa\u00fade Maur\u00edcio Bustani que funciona at\u00e9 \u00e0s 21h, sendo ideal que as pessoas cheguem antes do hor\u00e1rio de fechamento em todas as unidades.<\/p>\n\n\n\n<p>Tamb\u00e9m \u00e9 importante lembrar que n\u00e3o existe mais sala de vacina\u00e7\u00e3o na unidade do Rafael Vaz e Silva.<\/p>\n\n\n\n<p>Outro ponto abordado \u00e9 que os pais evitem levar as crian\u00e7as que precisam tomar outras vacinas at\u00e9 que esta pandemia seja controlada.<\/p>\n\n\n\n<p>Cievs orienta popula\u00e7\u00e3o<\/p>\n\n\n\n<p>A Prefeitura de Porto Velho disponibiliza os telefones do Cievs para que a popula\u00e7\u00e3o entre em contato, esclarecendo d\u00favidas.<\/p>\n\n\n\n<p>Tamb\u00e9m \u00e9 importante salientar que a pessoa, antes da procura de qualquer unidade de sa\u00fade, realize a liga\u00e7\u00e3o e se informe sobre qual a melhor conduta a ser feita.<\/p>\n\n\n\n<p>Telefones<\/p>\n\n\n\n<p>3901-2835<\/p>\n\n\n\n<p>0800 647 1010<\/p>\n\n\n\n<p>9.8473-3110<\/p>\n\n\n\n<p>9. 8473-7482<\/p>\n\n\n\n<p>9. 8473-8041<\/p>\n","protected":false},"excerpt":{"rendered":"<p>Idosos e profissionais da sa\u00fade devem comparecer nas unidades de sa\u00fade, mas sem gerar aglomera\u00e7\u00f5es.<\/p>\n","protected":false},"author":1,"featured_media":0,"comment_status":"closed","ping_status":"open","sticky":false,"template":"","format":"standard","meta":{"_exactmetrics_skip_tracking":false,"_exactmetrics_sitenote_active":false,"_exactmetrics_sitenote_note":"","_exactmetrics_sitenote_category":0,"jetpack_post_was_ever_published":false,"_jetpack_newsletter_access":"","_jetpack_dont_email_post_to_subs":false,"_jetpack_newsletter_tier_id":0,"_jetpack_memberships_contains_paywalled_content":false,"_jetpack_memberships_contains_paid_content":false,"footnotes":"","jetpack_publicize_message":"","jetpack_publicize_feature_enabled":true,"jetpack_social_post_already_shared":true,"jetpack_social_options":{"image_generator_settings":{"template":"highway","enabled":false},"version":2}},"categories":[1],"tags":[],"class_list":["post-27058","post","type-post","status-publish","format-standard","hentry","category-notas"],"jetpack_publicize_connections":[],"jetpack_sharing_enabled":true,"jetpack_featured_media_url":"","jetpack_shortlink":"https:\/\/wp.me\/p7wKYW-72q","jetpack-related-posts":[],"_links":{"self":[{"href":"http:\/\/blogdalucianaoliveira.com.br\/blog\/wp-json\/wp\/v2\/posts\/27058","targetHints":{"allow":["GET"]}}],"collection":[{"href":"http:\/\/blogdalucianaoliveira.com.br\/blog\/wp-json\/wp\/v2\/posts"}],"about":[{"href":"http:\/\/blogdalucianaoliveira.com.br\/blog\/wp-json\/wp\/v2\/types\/post"}],"author":[{"embeddable":true,"href":"http:\/\/blogdalucianaoliveira.com.br\/blog\/wp-json\/wp\/v2\/users\/1"}],"replies":[{"embeddable":true,"href":"http:\/\/blogdalucianaoliveira.com.br\/blog\/wp-json\/wp\/v2\/comments?post=27058"}],"version-history":[{"count":1,"href":"http:\/\/blogdalucianaoliveira.com.br\/blog\/wp-json\/wp\/v2\/posts\/27058\/revisions"}],"predecessor-version":[{"id":27059,"href":"http:\/\/blogdalucianaoliveira.com.br\/blog\/wp-json\/wp\/v2\/posts\/27058\/revisions\/27059"}],"wp:attachment":[{"href":"http:\/\/blogdalucianaoliveira.com.br\/blog\/wp-json\/wp\/v2\/media?parent=27058"}],"wp:term":[{"taxonomy":"category","embeddable":true,"href":"http:\/\/blogdalucianaoliveira.com.br\/blog\/wp-json\/wp\/v2\/categories?post=27058"},{"taxonomy":"post_tag","embeddable":true,"href":"http:\/\/blogdalucianaoliveira.com.br\/blog\/wp-json\/wp\/v2\/tags?post=27058"}],"curies":[{"name":"wp","href":"https:\/\/api.w.org\/{rel}","templated":true}]}}