{"id":27066,"date":"2020-03-23T09:35:01","date_gmt":"2020-03-23T13:35:01","guid":{"rendered":"http:\/\/blogdalucianaoliveira.com.br\/blog\/?p=27066"},"modified":"2020-03-23T09:35:10","modified_gmt":"2020-03-23T13:35:10","slug":"mp-de-bolsonaro-que-deixa-trabalhador-sem-salario-e-ai-5-trabalhista-diz-psol","status":"publish","type":"post","link":"http:\/\/blogdalucianaoliveira.com.br\/blog\/2020\/03\/23\/mp-de-bolsonaro-que-deixa-trabalhador-sem-salario-e-ai-5-trabalhista-diz-psol\/","title":{"rendered":"MP de Bolsonaro que deixa trabalhador sem sal\u00e1rio \u00e9 AI-5 trabalhista, diz Psol"},"content":{"rendered":"\n<figure class=\"wp-block-image\"><img data-recalc-dims=\"1\" decoding=\"async\" src=\"https:\/\/i0.wp.com\/www.viomundo.com.br\/wp-content\/uploads\/2020\/03\/captura-de-tela-2020-03-17-axxs-22.43.08.png?w=600&#038;ssl=1\" alt=\"MP de Bolsonaro que deixa trabalhador sem sal\u00e1rio \u00e9 AI-5 trabalhista, diz Psol\"\/><\/figure>\n\n\n\n<p>A MP 927,\u00a0<strong><a href=\"http:\/\/www.planalto.gov.br\/ccivil_03\/_Ato2019-2022\/2020\/Mpv\/mpv927.htm\">assinada\u00a0 por Jair Bolsonaro na noite de domingo<\/a><\/strong>, que pode deixar o trabalhador sem sal\u00e1rio por at\u00e9 4 meses, causou indigna\u00e7\u00e3o entre oposicionistas nas redes sociais.<\/p>\n\n\n\n<!--more-->\n\n\n\n<p>No Viomundo<\/p>\n\n\n\n<p>\u201cBolsonaro n\u00e3o apenas fala absurdos. Falar j\u00e1 \u00e9 grave. Mas ele faz absurdos. Ele n\u00e3o tem sensatez nem sensibilidade social. Espero que o Congresso e o Supremo salvem o Brasil\u201d, escreveu o governador do Maranh\u00e3o, Fl\u00e1vio Dino.<\/p>\n\n\n\n<p>O deputado federal Valmir Assun\u00e7\u00e3o (PT-BA) escreveu: \u201cA MP 927, editada na noite de domingo, \u00e9 um absurdo sem precedentes! No meio da Pandemia, Bolsonaro permite que se corte sal\u00e1rio de trabalhador em quarentena. N\u00e3o fala de aux\u00edlio algum. S\u00f3 de corte! \u00c9 surreal! \u00c9 uma MP da morte!\u201d<\/p>\n\n\n\n<p>A&nbsp;<em>hashtag<\/em>&nbsp;#BolsonaroGenocida subiu imediatamente no<em>&nbsp;twitter<\/em>.<\/p>\n\n\n\n<p>\u201c\u00c9 duro ter que lidar com um v\u00edrus e um verme, simultaneamente\u201d, escreveu o petista Fernando Haddad.<\/p>\n\n\n\n<p>\u201cIsto \u00e9 um crime inaceit\u00e1vel! O Supremo ser\u00e1 acionado contra esta viol\u00eancia! O Congresso Nacional precisa se reunir virtualmente e rejeitar este absurdo genocida!\u201d, repudiou o pedetista Ciro Gomes.<\/p>\n\n\n\n<p>O perfil do Psol explicou: \u201cAo demitir algu\u00e9m, o empres\u00e1rio precisa arcar com recis\u00e3o, FGTS e seguro-desemprego. Com essa MP de Bolsonaro, trabalhadores ficam abandonados sem nenhuma renda. Diz defender empregos, mas Bolsonaro s\u00f3 quer defender empres\u00e1rios. Para ele, os trabalhadores que morram de fome\u201d.<\/p>\n\n\n\n<p>O partido definiu a medida de Bolsonaro como uma esp\u00e9cie de Ato Institucional n\u00famero 5: \u201cA nova MP de Bolsonaro \u00e9 criminosa. \u00c9 seu AI-5 trabalhista. Permite que empresas troquem o trabalho por cursos online por 4 meses. Detalhe: sem sal\u00e1rio!Como trabalhadores v\u00e3o se sustentar durante o isolamento? A fome n\u00e3o \u00e9 virtual! N\u00f3s precisamos derrubar a MP 927 urgentemente\u201d.<\/p>\n\n\n\n<p>\u201cEnquanto o mundo garante trabalho e renda na crise, Bolsonaro e Guedes querem demitir e suspender contrato de trabalho sem sal\u00e1rio. \u00c9 cruel, perverso. Aposta no caos! Inaceit\u00e1vel! N\u00e3o mexe no lucro absurdo de bancos, n\u00e3o tributa milion\u00e1rios, mas suspende sal\u00e1rios e demite\u201d, escreveu a deputada federal Jandira Feghali (PCdoB-RJ).<\/p>\n\n\n\n<p>Ela lembrou que a atua\u00e7\u00e3o de Jair Bolsonaro quanto ao combate do coronav\u00edrus \u00e9 desagregadora: \u201cAinda quer culpar os governadores pelo caos! N\u00e3o coordena a\u00e7\u00f5es, desmonta a\u00e7\u00f5es nacionais, desqualifica o esfor\u00e7o de governadores e prefeitos, protege o lucro de bancos privados e suspende sal\u00e1rio de trabalhadores por MP. Vergonha mundial!\u201d<\/p>\n\n\n\n<p>O deputado federal Enio Verri (PT-PR) lembrou que a medida de Bolsonaro vai de encontro \u00e0 a\u00e7\u00e3o de pa\u00edses como os Estados Unidos: \u201cOs EUA v\u00e3o pagar US$ 1 mil aos trabalhadores obrigados \u00e0 quarentena. No Brasil, Bolsonaro quer matar os trabalhadores de fome, com a MP 927, que permite que os empregadores deixem os empregados sem sal\u00e1rio por at\u00e9 quatro meses. Crime de lesa-humanidade\u201d.<br><\/p>\n","protected":false},"excerpt":{"rendered":"<p>A MP 927,\u00a0assinada\u00a0 por Jair Bolsonaro na noite de domingo, que pode deixar o trabalhador sem sal\u00e1rio por at\u00e9 4 meses, causou indigna\u00e7\u00e3o entre oposicionistas nas redes sociais.<\/p>\n","protected":false},"author":1,"featured_media":0,"comment_status":"closed","ping_status":"open","sticky":false,"template":"","format":"standard","meta":{"_exactmetrics_skip_tracking":false,"_exactmetrics_sitenote_active":false,"_exactmetrics_sitenote_note":"","_exactmetrics_sitenote_category":0,"jetpack_post_was_ever_published":false,"_jetpack_newsletter_access":"","_jetpack_dont_email_post_to_subs":false,"_jetpack_newsletter_tier_id":0,"_jetpack_memberships_contains_paywalled_content":false,"_jetpack_memberships_contains_paid_content":false,"footnotes":"","jetpack_publicize_message":"","jetpack_publicize_feature_enabled":true,"jetpack_social_post_already_shared":true,"jetpack_social_options":{"image_generator_settings":{"template":"highway","enabled":false},"version":2}},"categories":[1],"tags":[],"class_list":["post-27066","post","type-post","status-publish","format-standard","hentry","category-notas"],"jetpack_publicize_connections":[],"jetpack_sharing_enabled":true,"jetpack_featured_media_url":"","jetpack_shortlink":"https:\/\/wp.me\/p7wKYW-72y","jetpack-related-posts":[],"_links":{"self":[{"href":"http:\/\/blogdalucianaoliveira.com.br\/blog\/wp-json\/wp\/v2\/posts\/27066","targetHints":{"allow":["GET"]}}],"collection":[{"href":"http:\/\/blogdalucianaoliveira.com.br\/blog\/wp-json\/wp\/v2\/posts"}],"about":[{"href":"http:\/\/blogdalucianaoliveira.com.br\/blog\/wp-json\/wp\/v2\/types\/post"}],"author":[{"embeddable":true,"href":"http:\/\/blogdalucianaoliveira.com.br\/blog\/wp-json\/wp\/v2\/users\/1"}],"replies":[{"embeddable":true,"href":"http:\/\/blogdalucianaoliveira.com.br\/blog\/wp-json\/wp\/v2\/comments?post=27066"}],"version-history":[{"count":1,"href":"http:\/\/blogdalucianaoliveira.com.br\/blog\/wp-json\/wp\/v2\/posts\/27066\/revisions"}],"predecessor-version":[{"id":27067,"href":"http:\/\/blogdalucianaoliveira.com.br\/blog\/wp-json\/wp\/v2\/posts\/27066\/revisions\/27067"}],"wp:attachment":[{"href":"http:\/\/blogdalucianaoliveira.com.br\/blog\/wp-json\/wp\/v2\/media?parent=27066"}],"wp:term":[{"taxonomy":"category","embeddable":true,"href":"http:\/\/blogdalucianaoliveira.com.br\/blog\/wp-json\/wp\/v2\/categories?post=27066"},{"taxonomy":"post_tag","embeddable":true,"href":"http:\/\/blogdalucianaoliveira.com.br\/blog\/wp-json\/wp\/v2\/tags?post=27066"}],"curies":[{"name":"wp","href":"https:\/\/api.w.org\/{rel}","templated":true}]}}