{"id":27070,"date":"2020-03-23T09:50:06","date_gmt":"2020-03-23T13:50:06","guid":{"rendered":"http:\/\/blogdalucianaoliveira.com.br\/blog\/?p=27070"},"modified":"2020-03-23T09:50:11","modified_gmt":"2020-03-23T13:50:11","slug":"golpe-a-nacionalismo-e-impulso-a-cooperacao-como-crise-do-coronavirus-pode-afetar-futuro-global","status":"publish","type":"post","link":"http:\/\/blogdalucianaoliveira.com.br\/blog\/2020\/03\/23\/golpe-a-nacionalismo-e-impulso-a-cooperacao-como-crise-do-coronavirus-pode-afetar-futuro-global\/","title":{"rendered":"Golpe a nacionalismo e impulso a coopera\u00e7\u00e3o: como crise do coronav\u00edrus pode afetar futuro global"},"content":{"rendered":"\n<figure class=\"wp-block-image\"><img data-recalc-dims=\"1\" decoding=\"async\" src=\"https:\/\/i0.wp.com\/ichef.bbci.co.uk\/news\/660\/cpsprodpb\/9459\/production\/_111377973_coronavirus333.jpg?w=600&#038;ssl=1\" alt=\"Liga\u00e7\u00f5es do novo coronav\u00edrus\"\/><\/figure>\n\n\n\n<p>A pandemia do novo coronav\u00edrus parece ainda estar no in\u00edcio em boa parte do mundo, mas j\u00e1 causou milhares de mortes, impactou a economia global e restringiu a circula\u00e7\u00e3o de milh\u00f5es de pessoas.<\/p>\n\n\n\n<!--more-->\n\n\n\n<p> Jo\u00e3o Fellet, Da BBC News Brasil em S\u00e3o Paulo<\/p>\n\n\n\n<p>Enquanto m\u00e9dicos correm para tentar produzir uma vacina que combata o v\u00edrus Sars-Cov-2, pensadores debatem como a crise atual impactar\u00e1 as rela\u00e7\u00f5es entre os pa\u00edses e as formas de governo mundo afora.<\/p>\n\n\n\n<p>O novo coronav\u00edrus for\u00e7ar\u00e1 governos nacionalistas &#8211; como o chefiado por Donald Trump nos EUA &#8211; a rever atitudes e buscar uma resposta coordenada com outras na\u00e7\u00f5es, uma vez que a pandemia tem ignorado fronteiras?<\/p>\n\n\n\n<p>O aparente sucesso das r\u00edgidas medidas impostas pela China no combate \u00e0 covid-19, em contraste com a hesita\u00e7\u00e3o de democracias ocidentais como EUA, It\u00e1lia e Espanha, exp\u00f5e que regimes autorit\u00e1rios est\u00e3o mais preparados para lidar com desafios do mundo moderno?<\/p>\n\n\n\n<p>Essas foram algumas das quest\u00f5es levantadas a partir de um artigo escrito no fim de fevereiro pelo fil\u00f3foso italiano Giorgio Agamben.<\/p>\n\n\n\n<p>Nas \u00faltimas d\u00e9cadas, Agamben se notabilizou por obras em que analisou medidas de &#8220;estado de exce\u00e7\u00e3o&#8221; adotadas por governos ocidentais sob a justificativa de combater o terrorismo.<\/p>\n\n\n\n<p>Segundo o fil\u00f3sofo, essas medidas &#8211; como a difus\u00e3o de dispositivos de controle de m\u00eddias digitais e o escaneamento em aeroportos &#8211; acabaram se aplicando a todos os cidad\u00e3os, fazendo com que o estado de exce\u00e7\u00e3o se tornasse a norma e abarcasse toda a sociedade.<\/p>\n\n\n\n<h2 class=\"wp-block-heading\">Estado de exce\u00e7\u00e3o como normal<\/h2>\n\n\n\n<p>Em texto publicado em 25 de fevereiro no jornal italiano Il Manifesto, Agamben avaliou que a pandemia do novo coronav\u00edrus estava refor\u00e7ando a tend\u00eancia &#8220;de se utilizar o estado de exce\u00e7\u00e3o como paradigma normal de governo&#8221;.<\/p>\n\n\n\n<p>Ele criticou um decreto-lei publicado pelo governo italiano com uma s\u00e9rie de medidas para tentar conter a doen\u00e7a, como o fechamento de escolas, a proibi\u00e7\u00e3o de eventos e o bloqueio a \u00e1reas afetadas.<\/p>\n\n\n\n<figure class=\"wp-block-image\"><img data-recalc-dims=\"1\" decoding=\"async\" src=\"https:\/\/i0.wp.com\/ichef.bbci.co.uk\/news\/624\/cpsprodpb\/E279\/production\/_111377975_gettyimages-1208299788.jpg?w=600&#038;ssl=1\" alt=\"Imagem de um coronav\u00edrus\"\/><figcaption>Image captionPandemia do novo coronav\u00edrus afetou todo o mundo e fez com que sociedade repensasse rela\u00e7\u00f5es<\/figcaption><\/figure>\n\n\n\n<p>Segundo Agamben, as medidas haviam promovido uma &#8220;verdadeira militariza\u00e7\u00e3o&#8221; do pa\u00eds, embora, segundo ele, a covid-19 fosse equivalente a uma &#8220;gripe normal&#8221;.<\/p>\n\n\n\n<p>Para o fil\u00f3sofo, autoridades e meios de comunica\u00e7\u00e3o italianos estavam espalhando &#8220;um clima de p\u00e2nico&#8221; sobre a pandemia para justificar a ado\u00e7\u00e3o de medidas restritivas.<\/p>\n\n\n\n<p>&#8220;Parece que, por ter se esgotado o terrorismo como causa de medidas emergenciais, a inven\u00e7\u00e3o de uma epidemia poderia oferecer o pretexto ideal para estend\u00ea-las para al\u00e9m de todos os limites&#8221;, escreveu o fil\u00f3sofo.<\/p>\n\n\n\n<h2 class=\"wp-block-heading\">Solidariedade global<\/h2>\n\n\n\n<p>O texto foi rebatido por v\u00e1rios acad\u00eamicos, que discordaram da an\u00e1lise de Agamben sobre a baixa periculosidade da pandemia.<\/p>\n\n\n\n<p>Em artigo no site The Philosophical Salon, mantido pela revista liter\u00e1ria Los Angeles Review of Books, o fil\u00f3sofo esloveno Slavoj \u017di\u017eek disse que a cria\u00e7\u00e3o de um p\u00e2nico artificial em torno da pandemia n\u00e3o seria do interesse de governos, pois perturbaria a economia e ampliaria o desgaste das autoridades perante a popula\u00e7\u00e3o.<\/p>\n\n\n\n<p>&#8220;S\u00e3o claros os sinais de que, n\u00e3o apenas as pessoas comuns, mas tamb\u00e9m os poderes estatais est\u00e3o em p\u00e2nico, plenamente conscientes de n\u00e3o serem capazes de controlar a situa\u00e7\u00e3o&#8221;, afirmou o esloveno.<\/p>\n\n\n\n<p>\u017di\u017eek reconhece que as quarentenas impostas pelos governos limitaram a liberdade, mas aponta para um poss\u00edvel desdobramento positivo da crise atual.<\/p>\n\n\n\n<figure class=\"wp-block-image\"><img data-recalc-dims=\"1\" decoding=\"async\" src=\"https:\/\/i0.wp.com\/ichef.bbci.co.uk\/news\/624\/cpsprodpb\/13099\/production\/_111377977_gettyimages-1208953647.jpg?w=600&#038;ssl=1\" alt=\"Imagem de um coronav\u00edrus\"\/><figcaption>Image captionPara fil\u00f3sofos, pandemia p\u00f5e em xeque governos que tratam a soberania nacional e d\u00e3o pouca aten\u00e7\u00e3o ao que ocorre fora de suas fronteiras<\/figcaption><\/figure>\n\n\n\n<p>Segundo ele, &#8220;a amea\u00e7a de infec\u00e7\u00e3o viral tamb\u00e9m deu um tremendo impulso a novas formas de solidariedade local e global, al\u00e9m de deixar clara a necessidade de controle sobre o pr\u00f3prio poder&#8221;.<\/p>\n\n\n\n<p>O fil\u00f3sofo cita, como prova da necessidade de controle do poder, a atitude de autoridades de Wuhan &#8211; cidade chinesa onde a doen\u00e7a surgiu &#8211; que omitiram informa\u00e7\u00f5es iniciais sobre o surto, atrasando a ado\u00e7\u00e3o de medidas de conten\u00e7\u00e3o.<\/p>\n\n\n\n<h2 class=\"wp-block-heading\">Resposta global<\/h2>\n\n\n\n<p>\u017di\u017eek diz que a pandemia tamb\u00e9m p\u00f4s em xeque governos que tratam a soberania nacional como valor supremo e d\u00e3o pouca aten\u00e7\u00e3o ao que ocorre fora de suas fronteiras.<\/p>\n\n\n\n<p>Afinal, diz ele, a Organiza\u00e7\u00e3o Mundial de Sa\u00fade (OMS) tem dito que somente uma resposta articulada globalmente permitir\u00e1 um combate eficiente contra a pandemia.<\/p>\n\n\n\n<p>&#8220;Esta epidemia pode ser evitada, mas apenas com uma abordagem coletiva, coordenada e abrangente que envolva todo o mecanismo do governo &#8220;, disse, em 5 de mar\u00e7o, o diretor-geral da OMS, Tedros Adhanom Ghebreyesus.<\/p>\n\n\n\n<p>Segundo \u017di\u017eek, um dos governos mais pressionados pela pandemia \u00e9 o de Donald Trump, que se elegeu com o slogan &#8220;Am\u00e9rica primeiro&#8221; e vinha dando pouca aten\u00e7\u00e3o a organismos internacionais, mas agora \u00e9 cobrado a participar dos esfor\u00e7os globais para conter a pandemia.<\/p>\n\n\n\n<p>\u017di\u017eek diz que &#8220;a presente crise demonstra claramente como a solidariedade e a coopera\u00e7\u00e3o globais s\u00e3o do interesse da sobreviv\u00eancia de cada um de n\u00f3s, que \u00e9 a \u00fanica coisa racionalmente ego\u00edsta a se fazer.&#8221;<\/p>\n\n\n\n<h2 class=\"wp-block-heading\">Fim da globaliza\u00e7\u00e3o?<\/h2>\n\n\n\n<p>Em 8 de mar\u00e7o o economista Will Huton, diretor do Hertford College, da Universidade de Oxford, publicou no jornal brit\u00e2nico The Guardian um artigo intitulado &#8220;O coronav\u00edrus n\u00e3o acabar\u00e1 com a globaliza\u00e7\u00e3o, mas a mudar\u00e1 para muito melhor&#8221;.<\/p>\n\n\n\n<p>Nele, ele diz que, com a pandemia, &#8220;uma forma de globaliza\u00e7\u00e3o n\u00e3o regulamentada e de livre mercado, com sua propens\u00e3o a crises e pandemias, certamente est\u00e1 morrendo&#8221;.<\/p>\n\n\n\n<p>&#8220;Mas outra forma que reconhece a interdepend\u00eancia e a primazia da a\u00e7\u00e3o coletiva baseada em evid\u00eancias est\u00e1 nascendo&#8221;, afirmou.<\/p>\n\n\n\n<p>Para Huton, haver\u00e1 mais pandemias no futuro, e elas for\u00e7ar\u00e3o os governos a investir na sa\u00fade p\u00fablica e a respeitar a ci\u00eancia &#8211; assim como adotar provid\u00eancias semelhantes quanto \u00e0s mudan\u00e7as clim\u00e1ticas, ao cuidado dos oceanos, \u00e0s finan\u00e7as e \u00e0 cyberseguran\u00e7a.<\/p>\n\n\n\n<h2 class=\"wp-block-heading\">Compartilhamento de informa\u00e7\u00f5es<\/h2>\n\n\n\n<p>Autor dos bestsellers Sapiens e Homo Deus, o historiador e fil\u00f3sofo israelense Yurval Harari publicou um artigo com conclus\u00f5es semelhantes na revista Time , em 15 de mar\u00e7o.<\/p>\n\n\n\n<p>Nele, Harari afirma que muitas pessoas t\u00eam culpado a globaliza\u00e7\u00e3o pela pandemia do coronav\u00edrus e defendido &#8220;desglobalizar&#8221; o mundo &#8211; construindo muros, restringindo viagens e limitando o com\u00e9rcio &#8211; para prevenir novas ocorr\u00eancias desse tipo.<\/p>\n\n\n\n<figure class=\"wp-block-image\"><img data-recalc-dims=\"1\" decoding=\"async\" src=\"https:\/\/i0.wp.com\/ichef.bbci.co.uk\/news\/624\/cpsprodpb\/16CCB\/production\/_111378339_gettyimages-1204549918.jpg?w=600&#038;ssl=1\" alt=\"mascaras\"\/><figcaption>Image caption&#8221;Isolacionismo no longo prazo s\u00f3 levar\u00e1 ao colapso econ\u00f4mico, sem oferecer nenhuma prote\u00e7\u00e3o real contra doen\u00e7as infecciosas&#8221;, diz historiador e fil\u00f3sofo israelense Yurval Harari<\/figcaption><\/figure>\n\n\n\n<p>Por\u00e9m, diz ele, embora restri\u00e7\u00f5es de curto prazo sejam essenciais para limitar a propaga\u00e7\u00e3o do v\u00edrus, &#8220;o isolacionismo no longo prazo s\u00f3 levar\u00e1 ao colapso econ\u00f4mico, sem oferecer nenhuma prote\u00e7\u00e3o real contra doen\u00e7as infecciosas&#8221;.<\/p>\n\n\n\n<p>&#8220;O real ant\u00eddoto contra a epidemia n\u00e3o \u00e9 segrega\u00e7\u00e3o, mas coopera\u00e7\u00e3o&#8221;, defende.<\/p>\n\n\n\n<p>Segundo Harari, a hist\u00f3ria mostra que o compartilhamento de informa\u00e7\u00f5es cient\u00edficas e a solidariedade global s\u00e3o as principais armas para combater crises como esta.<\/p>\n\n\n\n<p>Para o israelense, &#8220;a coisa mais importante que as pessoas precisam entender sobre essas epidemias \u00e9 que a propaga\u00e7\u00e3o da epidemia em qualquer pa\u00eds amea\u00e7a a esp\u00e9cie humana inteira&#8221;.<\/p>\n\n\n\n<p>Ele afirma que, se pandemia ampliar as divis\u00f5es e desconfian\u00e7as entre os humanos, &#8220;ser\u00e1 a maior vit\u00f3ria do v\u00edrus&#8221;.<\/p>\n\n\n\n<p>J\u00e1 se ela provocar uma maior coopera\u00e7\u00e3o global, &#8220;ser\u00e1 uma vit\u00f3ria n\u00e3o s\u00f3 contra o coronav\u00edrus, mas contra todos pat\u00f3genos futuros&#8221;.<\/p>\n\n\n\n<h2 class=\"wp-block-heading\">EUA X China<\/h2>\n\n\n\n<p>As formas como a China e os EUA t\u00eam reagido \u00e0 pandemia tamb\u00e9m t\u00eam sido analisadas por pensadores, que tentam prever como a crise atual impactar\u00e1 a disputa entre as duas na\u00e7\u00f5es mais poderosas do mundo.<\/p>\n\n\n\n<p>Gideon Rachman, principal colunista de pol\u00edtica externa do jornal brit\u00e2nico Financial Times, publicou em 16 de mar\u00e7o um artigo no qual diz que a China tem conseguido mudar as percep\u00e7\u00f5es sobre sua rea\u00e7\u00e3o \u00e0 pandemia.<\/p>\n\n\n\n<p>Inicialmente criticada por ter censurado e punido m\u00e9dicos que alertaram sobre a gravidade da covid-19, a China tem conseguido conter novas infec\u00e7\u00f5es ap\u00f3s medidas dr\u00e1sticas adotadas pelo governo.<\/p>\n\n\n\n<p>Por outro lado, a doen\u00e7a vem avan\u00e7ando rapidamente na Europa e nos EUA, gerando d\u00favidas sobre a capacidade de rea\u00e7\u00e3o dos governos ocidentais.<\/p>\n\n\n\n<p>O n\u00famero de mortos pela covid-19 na It\u00e1lia, pa\u00eds europeu mais afetado pela pandemia, j\u00e1 ultrapassou o total de mortos na China, embora o pa\u00eds asi\u00e1tico tenha 23 vezes mais habitantes que o europeu e esteja exposto ao v\u00edrus h\u00e1 mais tempo.<\/p>\n\n\n\n<p>Rachman afirma que, em parte, a relut\u00e2ncia de europeus em adotar medidas duras contra a epidemia, permitindo que os casos se multiplicassem rapidamente, reflete &#8220;as dificuldades que democracias ter\u00e3o em manter restri\u00e7\u00f5es de estilo chin\u00eas por longos per\u00edodos&#8221;.<\/p>\n\n\n\n<figure class=\"wp-block-image\"><img data-recalc-dims=\"1\" decoding=\"async\" src=\"https:\/\/i0.wp.com\/ichef.bbci.co.uk\/news\/624\/cpsprodpb\/D473\/production\/_111378345_gettyimages-1203822288.jpg?w=600&#038;ssl=1\" alt=\"Avi\u00e3o com mundo com coronav\u00edrus\"\/><figcaption>Image captionFormas como a China e os EUA t\u00eam reagido \u00e0 pandemia t\u00eam sido analisadas por pensadores, que tentam prever como a crise atual impactar\u00e1 a disputa entre as duas na\u00e7\u00f5es mais poderosas do mundo<\/figcaption><\/figure>\n\n\n\n<p>&#8220;Com a Espanha, a It\u00e1lia e a Fran\u00e7a impondo duros controles sobre o movimento das pessoas, as capacidades administrativas e sociais da democracia europeia est\u00e3o enfrentando um teste de estresse extraordin\u00e1rio&#8221;, diz.<\/p>\n\n\n\n<p>Para Rachman, os resultados distintos de chineses e pa\u00edses ocidentais no enfrentamento da epidemia far\u00e3o com que &#8220;a cren\u00e7a de que a China est\u00e1 em ascen\u00e7\u00e3o e de que o Ocidente est\u00e1 em inexor\u00e1vel decl\u00ednio ganhe novos adeptos&#8221;.<\/p>\n\n\n\n<p>O cen\u00e1rio tamb\u00e9m encorojar\u00e1 argumentos pr\u00f3- autoritarismo e anti-democracia tanto na China quanto no Ocidente, diz ele.<\/p>\n\n\n\n<p>&#8220;A \u00faltima crise global &#8211; o colapso financeiro de 2008 &#8211; desencadeou uma perda da autoconfian\u00e7a ocidental e uma mudan\u00e7a do poder pol\u00edtico e econ\u00f4mico para a China. A crise do coronav\u00edrus em 2020 poder\u00e1 for\u00e7ar uma mudan\u00e7a muito maior na mesma dire\u00e7\u00e3o&#8221;, diz o analista.<\/p>\n\n\n\n<h2 class=\"wp-block-heading\">Democracias bem-sucedidas na resposta<\/h2>\n\n\n\n<p>Racham ressalva, no entanto, que pa\u00edses democr\u00e1ticos na \u00c1sia &#8211; como a Coreia do Sul, Singapura e Taiwan &#8211; tamb\u00e9m t\u00eam tido sucesso na coten\u00e7\u00e3o do v\u00edrus sem recorrer \u00e0 paralisa\u00e7\u00e3o total.<\/p>\n\n\n\n<p>Esses pa\u00edses, diz o analista, aplicaram exames de detec\u00e7\u00e3o em larga escala e foram r\u00e1pidos em adotar o distanciamento social &#8211; medidas que, segundo ele, os EUA e a Uni\u00e3o Europeia provavelmente levaram muito tempo para encampar.<\/p>\n\n\n\n<p>Outra ressalva feita por Rachman \u00e9 que, apesar do aparente sucesso chin\u00eas em conter o v\u00edrus, o pa\u00eds ainda ter\u00e1 de responder &#8220;como deixaram o v\u00edrus fugir do controle em primeiro lugar, e o que vai acontecer quando as restri\u00e7\u00f5es de movimento forem aliviadas&#8221;.<\/p>\n\n\n\n<h2 class=\"wp-block-heading\">Resposta dos EUA<\/h2>\n\n\n\n<p>Outro elemento a se considerar nos desdobramentos da crise \u00e9 como os EUA reagir\u00e3o, escrevem Kurt Campbell e Rush Doshi em artigo para a revista Foreign Affairs, em 18 de mar\u00e7o.<\/p>\n\n\n\n<p>Eles argumentam que o status dos EUA como um l\u00edder global nas \u00faltimas sete d\u00e9cadas foi constru\u00eddo n\u00e3o s\u00f3 em cima de riqueza e poder, mas tamb\u00e9m na sua capacidade e disposi\u00e7\u00e3o de coordenar respostas a crises globais, na legitimidade de sua governan\u00e7a dom\u00e9stica e na sua oferta de bens para outras na\u00e7\u00f5es.<\/p>\n\n\n\n<p>&#8220;A pandemia do coronav\u00edrus est\u00e1 testando todos os tr\u00eas elementos da lideran\u00e7a dos EUA. At\u00e9 agora, Washington est\u00e1 sendo reprovado no teste&#8221;, afirmam.<\/p>\n\n\n\n<p>Eles dizem que os EUA t\u00eam evitado assumir um papel de lideran\u00e7a global no enfrentamento da pandemia &#8211; postura distinta da adotada no governo Barack Obama durante a crise do ebola, na \u00c1frica, em 2014.<\/p>\n\n\n\n<p>Afirmam ainda que os EUA hoje dependem de importa\u00e7\u00f5es para suprir suas necessidades de equipamentos e medicamentos contra a covid-19 e t\u00eam falhado em examinar casos suspeitos.<\/p>\n\n\n\n<p>&#8220;A China, em contraste, tem promovido uma campanha diplom\u00e1tica intensa para reunir d\u00fazias de pa\u00edses e centenas de autoridades, geralmente por videoconfer\u00eancia, para compartilhar informa\u00e7\u00f5es sobre a pandemia e li\u00e7\u00f5es da experi\u00eancia da pr\u00f3pria China no combate \u00e0 doen\u00e7a&#8221;, argumentam.<\/p>\n\n\n\n<p>O pa\u00eds asi\u00e1tico \u00e9 ainda o maior produtor de m\u00e1scaras e outros equipamentos usados contra a pandemia.<\/p>\n\n\n\n<p>&#8220;Quando nenhum pa\u00eds europeu respondeu ao pedido urgente da It\u00e1lia por equipamentos m\u00e9dicos e de prote\u00e7\u00e3o, a China publicamente se comprometeu a enviar mil ventiladores, dois milh\u00f5es de m\u00e1scaras, 100 mil respiradores, 20 mil aventais de prote\u00e7\u00e3o, e 50 mil kits de exame&#8221;, dizem.<\/p>\n\n\n\n<p>A China tamb\u00e9m enviou equipes m\u00e9dicas e 250 mil m\u00e1scaras ao Ir\u00e3, al\u00e9m de enviar equipamentos para a S\u00e9rvia. O fundador da Alibaba, gigante chinesa de com\u00e9rcio eletr\u00f4nico, se comprometeu a enviar kits de exame e m\u00e1scaras para os EUA, al\u00e9m de 20 mil kits de exame e 100 mil m\u00e1scaras para cada um dos 54 pa\u00edses africanos.<\/p>\n\n\n\n<p>Os autores defendem que, em vez de se contrapor aos chineses na resposta \u00e0 pandemia, os EUA deveriam coordenar seus esfor\u00e7os com Pequim para desenvolver uma vacina contra a covid-19, socorrer a economia global, compartilhar informa\u00e7\u00f5es, mobilizar ind\u00fastrias para produzir equipamentos m\u00e9dicos e oferecer ajuda a outros pa\u00edses.<\/p>\n\n\n\n<p>&#8220;No fim das contas, o coronav\u00edrus pode at\u00e9 servir como um alerta, promovendo o progressso em outros desafios globais que requerem a coopera\u00e7\u00e3o EUA-China, como as mudan\u00e7as clim\u00e1ticas&#8221;, diz o artigo.<\/p>\n\n\n\n<p>&#8220;Esse passo n\u00e3o deve ser visto &#8211; e n\u00e3o seria visto pelo resto do mundo &#8211; como uma concess\u00e3o ao poder chin\u00eas. Em vez disso, ele ajudaria a restaurar a f\u00e9 no futuro da lideran\u00e7a americana.&#8221;<br><\/p>\n\n\n\n<p><br><\/p>\n","protected":false},"excerpt":{"rendered":"<p>A pandemia do novo coronav\u00edrus parece ainda estar no in\u00edcio em boa parte do mundo, mas j\u00e1 causou milhares de mortes, impactou a economia global e restringiu a circula\u00e7\u00e3o de milh\u00f5es de pessoas.<\/p>\n","protected":false},"author":1,"featured_media":0,"comment_status":"closed","ping_status":"open","sticky":false,"template":"","format":"standard","meta":{"_exactmetrics_skip_tracking":false,"_exactmetrics_sitenote_active":false,"_exactmetrics_sitenote_note":"","_exactmetrics_sitenote_category":0,"jetpack_post_was_ever_published":false,"_jetpack_newsletter_access":"","_jetpack_dont_email_post_to_subs":false,"_jetpack_newsletter_tier_id":0,"_jetpack_memberships_contains_paywalled_content":false,"_jetpack_memberships_contains_paid_content":false,"footnotes":"","jetpack_publicize_message":"","jetpack_publicize_feature_enabled":true,"jetpack_social_post_already_shared":true,"jetpack_social_options":{"image_generator_settings":{"template":"highway","enabled":false},"version":2}},"categories":[1],"tags":[],"class_list":["post-27070","post","type-post","status-publish","format-standard","hentry","category-notas"],"jetpack_publicize_connections":[],"jetpack_sharing_enabled":true,"jetpack_featured_media_url":"","jetpack_shortlink":"https:\/\/wp.me\/p7wKYW-72C","jetpack-related-posts":[],"_links":{"self":[{"href":"http:\/\/blogdalucianaoliveira.com.br\/blog\/wp-json\/wp\/v2\/posts\/27070","targetHints":{"allow":["GET"]}}],"collection":[{"href":"http:\/\/blogdalucianaoliveira.com.br\/blog\/wp-json\/wp\/v2\/posts"}],"about":[{"href":"http:\/\/blogdalucianaoliveira.com.br\/blog\/wp-json\/wp\/v2\/types\/post"}],"author":[{"embeddable":true,"href":"http:\/\/blogdalucianaoliveira.com.br\/blog\/wp-json\/wp\/v2\/users\/1"}],"replies":[{"embeddable":true,"href":"http:\/\/blogdalucianaoliveira.com.br\/blog\/wp-json\/wp\/v2\/comments?post=27070"}],"version-history":[{"count":1,"href":"http:\/\/blogdalucianaoliveira.com.br\/blog\/wp-json\/wp\/v2\/posts\/27070\/revisions"}],"predecessor-version":[{"id":27071,"href":"http:\/\/blogdalucianaoliveira.com.br\/blog\/wp-json\/wp\/v2\/posts\/27070\/revisions\/27071"}],"wp:attachment":[{"href":"http:\/\/blogdalucianaoliveira.com.br\/blog\/wp-json\/wp\/v2\/media?parent=27070"}],"wp:term":[{"taxonomy":"category","embeddable":true,"href":"http:\/\/blogdalucianaoliveira.com.br\/blog\/wp-json\/wp\/v2\/categories?post=27070"},{"taxonomy":"post_tag","embeddable":true,"href":"http:\/\/blogdalucianaoliveira.com.br\/blog\/wp-json\/wp\/v2\/tags?post=27070"}],"curies":[{"name":"wp","href":"https:\/\/api.w.org\/{rel}","templated":true}]}}