{"id":27073,"date":"2020-03-23T11:56:05","date_gmt":"2020-03-23T15:56:05","guid":{"rendered":"http:\/\/blogdalucianaoliveira.com.br\/blog\/?p=27073"},"modified":"2020-03-23T11:56:14","modified_gmt":"2020-03-23T15:56:14","slug":"ciro-mp-de-bolsonaro-e-a-coisa-mais-aberrante-e-antissocial-que-ja-vi-na-vida","status":"publish","type":"post","link":"http:\/\/blogdalucianaoliveira.com.br\/blog\/2020\/03\/23\/ciro-mp-de-bolsonaro-e-a-coisa-mais-aberrante-e-antissocial-que-ja-vi-na-vida\/","title":{"rendered":"Ciro: \u201cMP de Bolsonaro \u00e9 a coisa mais aberrante e antissocial que j\u00e1 vi na vida\u201d"},"content":{"rendered":"\n<figure class=\"wp-block-image\"><img data-recalc-dims=\"1\" decoding=\"async\" src=\"https:\/\/i0.wp.com\/www.ocafezinho.com\/wp-content\/uploads\/2020\/03\/screenshot-from-2020-03-23-11-58-28-compressed.jpg?w=600&#038;ssl=1\" alt=\"\"\/><\/figure>\n\n\n\n<p>O Cafezinho &#8211; O ex-ministro Ciro Gomes acaba de postar, em suas redes sociais, um v\u00eddeo em que critica duramente a Medida Provis\u00f3ria editada neste domingo pelo presidente Jair Bolsonaro.<\/p>\n\n\n\n<!--more-->\n\n\n\n<p>\u201c\u00c9 uma das coisas mais aberrantes e est\u00fapidas, do ponto-de-vista econ\u00f4mico e social, que j\u00e1 vi na vida. \u00c9 absolutamente ilegal e confronta a Constitui\u00e7\u00e3o Federal. N\u00e3o deve ser aceito nem pelos empres\u00e1rios\u201d.<\/p>\n\n\n\n<figure class=\"wp-block-embed-youtube wp-block-embed is-type-video is-provider-youtube wp-embed-aspect-4-3 wp-has-aspect-ratio\"><div class=\"wp-block-embed__wrapper\">\n<div class=\"jetpack-video-wrapper\"><iframe loading=\"lazy\" title=\"Ciro entra com a\u00e7\u00e3o no STF contra MP de Bolsonaro\" width=\"600\" height=\"338\" src=\"https:\/\/www.youtube.com\/embed\/sRocosNXEqw?feature=oembed\" frameborder=\"0\" allow=\"accelerometer; autoplay; clipboard-write; encrypted-media; gyroscope; picture-in-picture; web-share\" referrerpolicy=\"strict-origin-when-cross-origin\" allowfullscreen><\/iframe><\/div>\n<\/div><\/figure>\n\n\n\n<p>O post&nbsp;<a href=\"https:\/\/www.ocafezinho.com\/2020\/03\/23\/ciro-mp-de-bolsonaro-e-a-coisa-mais-aberrante-e-antissocial-que-ja-vi-na-vida\/\">Ciro: \u201cMP de Bolsonaro \u00e9 a coisa mais aberrante e antissocial que j\u00e1 vi na vida\u201d<\/a>&nbsp;apareceu primeiro em&nbsp;<a href=\"https:\/\/www.ocafezinho.com\/\">O Cafezinho<\/a>.<br>Continue lendo no&nbsp;<a href=\"https:\/\/www.ocafezinho.com\/2020\/03\/23\/ciro-mp-de-bolsonaro-e-a-coisa-mais-aberrante-e-antissocial-que-ja-vi-na-vida\/\" target=\"_blank\" rel=\"noreferrer noopener\">O Cafezinho<\/a>.<\/p>\n\n\n\n<p><\/p>\n","protected":false},"excerpt":{"rendered":"<p>O Cafezinho &#8211; O ex-ministro Ciro Gomes acaba de postar, em suas redes sociais, um v\u00eddeo em que critica duramente a Medida Provis\u00f3ria editada neste domingo pelo presidente Jair Bolsonaro.<\/p>\n","protected":false},"author":1,"featured_media":0,"comment_status":"closed","ping_status":"open","sticky":false,"template":"","format":"standard","meta":{"_exactmetrics_skip_tracking":false,"_exactmetrics_sitenote_active":false,"_exactmetrics_sitenote_note":"","_exactmetrics_sitenote_category":0,"jetpack_post_was_ever_published":false,"_jetpack_newsletter_access":"","_jetpack_dont_email_post_to_subs":false,"_jetpack_newsletter_tier_id":0,"_jetpack_memberships_contains_paywalled_content":false,"_jetpack_memberships_contains_paid_content":false,"footnotes":"","jetpack_publicize_message":"","jetpack_publicize_feature_enabled":true,"jetpack_social_post_already_shared":true,"jetpack_social_options":{"image_generator_settings":{"template":"highway","enabled":false},"version":2}},"categories":[1],"tags":[],"class_list":["post-27073","post","type-post","status-publish","format-standard","hentry","category-notas"],"jetpack_publicize_connections":[],"jetpack_sharing_enabled":true,"jetpack_featured_media_url":"","jetpack_shortlink":"https:\/\/wp.me\/p7wKYW-72F","jetpack-related-posts":[],"_links":{"self":[{"href":"http:\/\/blogdalucianaoliveira.com.br\/blog\/wp-json\/wp\/v2\/posts\/27073","targetHints":{"allow":["GET"]}}],"collection":[{"href":"http:\/\/blogdalucianaoliveira.com.br\/blog\/wp-json\/wp\/v2\/posts"}],"about":[{"href":"http:\/\/blogdalucianaoliveira.com.br\/blog\/wp-json\/wp\/v2\/types\/post"}],"author":[{"embeddable":true,"href":"http:\/\/blogdalucianaoliveira.com.br\/blog\/wp-json\/wp\/v2\/users\/1"}],"replies":[{"embeddable":true,"href":"http:\/\/blogdalucianaoliveira.com.br\/blog\/wp-json\/wp\/v2\/comments?post=27073"}],"version-history":[{"count":1,"href":"http:\/\/blogdalucianaoliveira.com.br\/blog\/wp-json\/wp\/v2\/posts\/27073\/revisions"}],"predecessor-version":[{"id":27074,"href":"http:\/\/blogdalucianaoliveira.com.br\/blog\/wp-json\/wp\/v2\/posts\/27073\/revisions\/27074"}],"wp:attachment":[{"href":"http:\/\/blogdalucianaoliveira.com.br\/blog\/wp-json\/wp\/v2\/media?parent=27073"}],"wp:term":[{"taxonomy":"category","embeddable":true,"href":"http:\/\/blogdalucianaoliveira.com.br\/blog\/wp-json\/wp\/v2\/categories?post=27073"},{"taxonomy":"post_tag","embeddable":true,"href":"http:\/\/blogdalucianaoliveira.com.br\/blog\/wp-json\/wp\/v2\/tags?post=27073"}],"curies":[{"name":"wp","href":"https:\/\/api.w.org\/{rel}","templated":true}]}}