{"id":27081,"date":"2020-03-23T17:37:56","date_gmt":"2020-03-23T21:37:56","guid":{"rendered":"http:\/\/blogdalucianaoliveira.com.br\/blog\/?p=27081"},"modified":"2020-03-23T17:38:01","modified_gmt":"2020-03-23T21:38:01","slug":"bolsonaro-acabou","status":"publish","type":"post","link":"http:\/\/blogdalucianaoliveira.com.br\/blog\/2020\/03\/23\/bolsonaro-acabou\/","title":{"rendered":"BOLSONARO ACABOU"},"content":{"rendered":"\n<figure class=\"wp-block-image size-large\"><img data-recalc-dims=\"1\" loading=\"lazy\" decoding=\"async\" width=\"600\" height=\"400\" data-attachment-id=\"27082\" data-permalink=\"http:\/\/blogdalucianaoliveira.com.br\/blog\/2020\/03\/23\/bolsonaro-acabou\/image-67-3\/\" data-orig-file=\"https:\/\/i0.wp.com\/blogdalucianaoliveira.com.br\/blog\/wp-content\/uploads\/2020\/03\/image-67.jpeg?fit=678%2C452\" data-orig-size=\"678,452\" data-comments-opened=\"0\" data-image-meta=\"{&quot;aperture&quot;:&quot;0&quot;,&quot;credit&quot;:&quot;&quot;,&quot;camera&quot;:&quot;&quot;,&quot;caption&quot;:&quot;&quot;,&quot;created_timestamp&quot;:&quot;0&quot;,&quot;copyright&quot;:&quot;&quot;,&quot;focal_length&quot;:&quot;0&quot;,&quot;iso&quot;:&quot;0&quot;,&quot;shutter_speed&quot;:&quot;0&quot;,&quot;title&quot;:&quot;&quot;,&quot;orientation&quot;:&quot;0&quot;}\" data-image-title=\"image-67\" data-image-description=\"\" data-image-caption=\"\" data-medium-file=\"https:\/\/i0.wp.com\/blogdalucianaoliveira.com.br\/blog\/wp-content\/uploads\/2020\/03\/image-67.jpeg?fit=300%2C200\" data-large-file=\"https:\/\/i0.wp.com\/blogdalucianaoliveira.com.br\/blog\/wp-content\/uploads\/2020\/03\/image-67.jpeg?fit=600%2C400\" src=\"https:\/\/i0.wp.com\/blogdalucianaoliveira.com.br\/blog\/wp-content\/uploads\/2020\/03\/image-67.jpeg?resize=600%2C400\" alt=\"\" class=\"wp-image-27082\" srcset=\"https:\/\/i0.wp.com\/blogdalucianaoliveira.com.br\/blog\/wp-content\/uploads\/2020\/03\/image-67.jpeg?w=678 678w, https:\/\/i0.wp.com\/blogdalucianaoliveira.com.br\/blog\/wp-content\/uploads\/2020\/03\/image-67.jpeg?resize=300%2C200 300w, https:\/\/i0.wp.com\/blogdalucianaoliveira.com.br\/blog\/wp-content\/uploads\/2020\/03\/image-67.jpeg?resize=450%2C300 450w\" sizes=\"auto, (max-width: 600px) 100vw, 600px\" \/><\/figure>\n\n\n\n<p>Solid\u00e3o pol\u00edtica de Bolsonaro antecede o fim de seu poder.<\/p>\n\n\n\n<!--more-->\n\n\n\n<p>por Thiago Amparo <\/p>\n\n\n\n<p>Morte pol\u00edtica \u00e9, em geral, uma morte anunciada. N\u00e3o pelas panelas que diariamente \u2014na sua espontaneidade esperada\u2014 pregam o Fora Bolsonaro todo dia \u00e0s 20h pelas ruas dos centros urbanos.<\/p>\n\n\n\n<p><br> \u00c9 um fim anunciado por uma emo\u00e7\u00e3o menos estridente que o som das panelas. Na pol\u00edtica, morre-se no exato segundo que antecede o desespero.<\/p>\n\n\n\n<p><br> O press\u00e1gio da ru\u00edna de uma lideran\u00e7a pol\u00edtica mora naquele segundo entre a raiva e o destempero. Raiva que vem da constata\u00e7\u00e3o de crescente oposi\u00e7\u00e3o por todos os lados, inclusive de antigos aliados. Destempero que vem como um \u00faltimo suspiro antes do fim, anunciado e solit\u00e1rio.<br> Governadores, \u00e0 direita e \u00e0 esquerda, aguardam \u2014como espectadores f\u00fanebres\u2014 o ocaso da presid\u00eancia de Bolsonaro. Alimentam-se de sua popularidade em decl\u00ednio.<\/p>\n\n\n\n<p><br> O presidente Jair Bolsonaro cumprimenta apoiadores e fala com a imprensa ao sair do Pal\u00e1cio da Alvorada.<\/p>\n\n\n\n<p><br> Alguns, com ast\u00facia, tomam medidas que deveriam ser coordenadas pelo governo federal, vide D\u00f3ria e Dino.<\/p>\n\n\n\n<p><br> Outros, em frenesi, buscam suplantar sua irrelev\u00e2ncia pol\u00edtica com ideias estapaf\u00fardias, vide A\u00e9cio Neves e o mandato-tamp\u00e3o das elei\u00e7\u00f5es municipais. Na pol\u00edtica, h\u00e1 desespero, mas n\u00e3o h\u00e1 v\u00e1cuo.<\/p>\n\n\n\n<p><br> Dif\u00edcil constatar quando este segundo se deu no caso de Bolsonaro. Seria aquele segundo descontrolado em uma live direto da Ar\u00e1bia Saudita negando qualquer vincula\u00e7\u00e3o com a morte da vereadora Marielle Franco e seu motorista? A prop\u00f3sito, quem os mandou matar? Seria o golden shower? Seria a banana aos jornalistas? Seria o pedido de comemora\u00e7\u00e3o do golpe militar? Seria o ataque di\u00e1rio a jornalistas mulheres? Seriam os outros 15 casos de crimes de responsabilidade possivelmente cometidos pelo Presidente?<\/p>\n\n\n\n<p><br> Talvez o fim pol\u00edtico do bolsonarismo se anunciara no momento em que surgira.<\/p>\n\n\n\n<p><br> Seja porque ide\u00f3logos e outros oportunistas que o acompanhavam foram os primeiros, como os ratos, a abandonar o barco. Ningu\u00e9m leu Maquiavel para n\u00e3o se cercar de bajuladores. Ocuparam-se de ler Olavo de Carvalho \u00e0 espera de que o poder emanasse do povo nas ruas. Pois bem, o povo n\u00e3o veio. Povo ficou de quarentena esperando uma lideran\u00e7a que, com redund\u00e2ncia e tudo, os liderasse. N\u00e3o h\u00e1.<\/p>\n\n\n\n<p><br> Seja porque a frusta\u00e7\u00e3o da popula\u00e7\u00e3o contra o sistema pol\u00edtico \u00e9 como uma areia movedi\u00e7a, engole qualquer um que queira nela surfar, mas que n\u00e3o tenha compet\u00eancia para nos fazer dela sair.<\/p>\n\n\n\n<p><br> Se estiver correta a tese de que a ret\u00f3rica da perda de um passado glorioso \u2014imagin\u00e1rio, decerto\u2014 foi um dos propulsores do bolsonarismo, a queda ser\u00e1 dura.<\/p>\n\n\n\n<p><br> Enquanto cresce a pandemia, ver\u00e1s que de nada adiantou a ret\u00f3rica da austeridade quando se vive com toda a fam\u00edlia em um \u00fanico c\u00f4modo, quando falta \u00e1gua limpa para lavar as m\u00e3os, quando a precariza\u00e7\u00e3o do trabalho lhe roubou o sustento em tempos de crise.<\/p>\n\n\n\n<p><br> Fim de uma lideran\u00e7a pol\u00edtica evidencia-se por sua solid\u00e3o, como a de Dilma nos \u00faltimos dias no Pal\u00e1cio do Planalto. <\/p>\n\n\n\n<p><br> Pessoas protestam de janelas e varandas de apartamentos contra o presidente no bairro de Perdizes, zona oeste de S\u00e3o Paulo.<\/p>\n\n\n\n<p><br> Talvez a imagem que ficar\u00e1 da Presid\u00eancia de Bolsonaro ser\u00e1 a foto, tirada neste final de semana, em que um presidente de chinelo e camiseta de futebol anuncia um medicamento contra Coronav\u00edrus, cuja inefic\u00e1cia n\u00e3o resta provada, e uma parceria com um hospital de elite, cujos termos inexistem.<\/p>\n\n\n\n<p><br> Imagem que ficar\u00e1 da Presid\u00eancia de Bolsonaro \u00e9 seu desespero nos seus \u00faltimos momentos no poder. Seja por meio do impeachment, seja por meio da sua pr\u00f3pria irrelev\u00e2ncia pol\u00edtica, apesar do cargo, o fim de seu poder anuncia-se.<\/p>\n\n\n\n<p><br> Se crises como a que vivemos agora desnudam os incompetentes, elas tamb\u00e9m s\u00e3o cat\u00e1rticas. Fazem ressurgir com for\u00e7a ideias que h\u00e1 muito tardam.<br> \u00c9 hora de colocar de volta na mesa de debate tributa\u00e7\u00e3o de grandes fortunas e dividendos como ontem pregou corretamente a economista Monica de Bolle.<\/p>\n\n\n\n<p><br> \u00c9 hora de discutirmos seriamente formas de renda universal. \u00c9 hora de inovarmos em arranjos trabalhistas que garantam dignidade aos trabalhadores hoje informais.<br> Na pol\u00edtica, a unidade de tempo \u00e9 o agora. Bolsonaro j\u00e1 vive no ontem.<\/p>\n\n\n\n<p><br>Thiago Amparo<br>Advogado, \u00e9 professor de pol\u00edticas de diversidade na FGV Direito SP. Doutor pela Central European University (Budapeste), escreve sobre direitos humanos e discrimina\u00e7\u00e3o.<\/p>\n","protected":false},"excerpt":{"rendered":"<p>Solid\u00e3o pol\u00edtica de Bolsonaro antecede o fim de seu poder.<\/p>\n","protected":false},"author":1,"featured_media":0,"comment_status":"closed","ping_status":"open","sticky":false,"template":"","format":"standard","meta":{"_exactmetrics_skip_tracking":false,"_exactmetrics_sitenote_active":false,"_exactmetrics_sitenote_note":"","_exactmetrics_sitenote_category":0,"jetpack_post_was_ever_published":false,"_jetpack_newsletter_access":"","_jetpack_dont_email_post_to_subs":false,"_jetpack_newsletter_tier_id":0,"_jetpack_memberships_contains_paywalled_content":false,"_jetpack_memberships_contains_paid_content":false,"footnotes":"","jetpack_publicize_message":"","jetpack_publicize_feature_enabled":true,"jetpack_social_post_already_shared":true,"jetpack_social_options":{"image_generator_settings":{"template":"highway","enabled":false},"version":2}},"categories":[1],"tags":[],"class_list":["post-27081","post","type-post","status-publish","format-standard","hentry","category-notas"],"jetpack_publicize_connections":[],"jetpack_sharing_enabled":true,"jetpack_featured_media_url":"","jetpack_shortlink":"https:\/\/wp.me\/p7wKYW-72N","jetpack-related-posts":[],"_links":{"self":[{"href":"http:\/\/blogdalucianaoliveira.com.br\/blog\/wp-json\/wp\/v2\/posts\/27081","targetHints":{"allow":["GET"]}}],"collection":[{"href":"http:\/\/blogdalucianaoliveira.com.br\/blog\/wp-json\/wp\/v2\/posts"}],"about":[{"href":"http:\/\/blogdalucianaoliveira.com.br\/blog\/wp-json\/wp\/v2\/types\/post"}],"author":[{"embeddable":true,"href":"http:\/\/blogdalucianaoliveira.com.br\/blog\/wp-json\/wp\/v2\/users\/1"}],"replies":[{"embeddable":true,"href":"http:\/\/blogdalucianaoliveira.com.br\/blog\/wp-json\/wp\/v2\/comments?post=27081"}],"version-history":[{"count":1,"href":"http:\/\/blogdalucianaoliveira.com.br\/blog\/wp-json\/wp\/v2\/posts\/27081\/revisions"}],"predecessor-version":[{"id":27083,"href":"http:\/\/blogdalucianaoliveira.com.br\/blog\/wp-json\/wp\/v2\/posts\/27081\/revisions\/27083"}],"wp:attachment":[{"href":"http:\/\/blogdalucianaoliveira.com.br\/blog\/wp-json\/wp\/v2\/media?parent=27081"}],"wp:term":[{"taxonomy":"category","embeddable":true,"href":"http:\/\/blogdalucianaoliveira.com.br\/blog\/wp-json\/wp\/v2\/categories?post=27081"},{"taxonomy":"post_tag","embeddable":true,"href":"http:\/\/blogdalucianaoliveira.com.br\/blog\/wp-json\/wp\/v2\/tags?post=27081"}],"curies":[{"name":"wp","href":"https:\/\/api.w.org\/{rel}","templated":true}]}}