{"id":27087,"date":"2020-03-24T10:10:37","date_gmt":"2020-03-24T14:10:37","guid":{"rendered":"http:\/\/blogdalucianaoliveira.com.br\/blog\/?p=27087"},"modified":"2020-03-24T10:11:39","modified_gmt":"2020-03-24T14:11:39","slug":"quais-os-direitos-dos-trabalhadores-diante-da-pandemia-do-coronavirus","status":"publish","type":"post","link":"http:\/\/blogdalucianaoliveira.com.br\/blog\/2020\/03\/24\/quais-os-direitos-dos-trabalhadores-diante-da-pandemia-do-coronavirus\/","title":{"rendered":"Quais os direitos dos trabalhadores diante da pandemia do coronav\u00edrus?"},"content":{"rendered":"\n<figure class=\"wp-block-image size-large\"><img data-recalc-dims=\"1\" loading=\"lazy\" decoding=\"async\" width=\"600\" height=\"400\" data-attachment-id=\"27088\" data-permalink=\"http:\/\/blogdalucianaoliveira.com.br\/blog\/2020\/03\/24\/quais-os-direitos-dos-trabalhadores-diante-da-pandemia-do-coronavirus\/image-69-3\/\" data-orig-file=\"https:\/\/i0.wp.com\/blogdalucianaoliveira.com.br\/blog\/wp-content\/uploads\/2020\/03\/image-69.jpeg?fit=800%2C533\" data-orig-size=\"800,533\" data-comments-opened=\"0\" data-image-meta=\"{&quot;aperture&quot;:&quot;0&quot;,&quot;credit&quot;:&quot;&quot;,&quot;camera&quot;:&quot;&quot;,&quot;caption&quot;:&quot;&quot;,&quot;created_timestamp&quot;:&quot;0&quot;,&quot;copyright&quot;:&quot;&quot;,&quot;focal_length&quot;:&quot;0&quot;,&quot;iso&quot;:&quot;0&quot;,&quot;shutter_speed&quot;:&quot;0&quot;,&quot;title&quot;:&quot;&quot;,&quot;orientation&quot;:&quot;0&quot;}\" data-image-title=\"image-69\" data-image-description=\"\" data-image-caption=\"\" data-medium-file=\"https:\/\/i0.wp.com\/blogdalucianaoliveira.com.br\/blog\/wp-content\/uploads\/2020\/03\/image-69.jpeg?fit=300%2C200\" data-large-file=\"https:\/\/i0.wp.com\/blogdalucianaoliveira.com.br\/blog\/wp-content\/uploads\/2020\/03\/image-69.jpeg?fit=600%2C400\" src=\"https:\/\/i0.wp.com\/blogdalucianaoliveira.com.br\/blog\/wp-content\/uploads\/2020\/03\/image-69.jpeg?resize=600%2C400\" alt=\"\" class=\"wp-image-27088\" srcset=\"https:\/\/i0.wp.com\/blogdalucianaoliveira.com.br\/blog\/wp-content\/uploads\/2020\/03\/image-69.jpeg?w=800 800w, https:\/\/i0.wp.com\/blogdalucianaoliveira.com.br\/blog\/wp-content\/uploads\/2020\/03\/image-69.jpeg?resize=300%2C200 300w, https:\/\/i0.wp.com\/blogdalucianaoliveira.com.br\/blog\/wp-content\/uploads\/2020\/03\/image-69.jpeg?resize=768%2C512 768w, https:\/\/i0.wp.com\/blogdalucianaoliveira.com.br\/blog\/wp-content\/uploads\/2020\/03\/image-69.jpeg?resize=450%2C300 450w\" sizes=\"auto, (max-width: 600px) 100vw, 600px\" \/><\/figure>\n\n\n\n<h4 class=\"wp-block-heading\">Especialista responde d\u00favidas sobre as garantias dos trabalhadores diante da pandemia do covid-19<\/h4>\n\n\n\n<!--more-->\n\n\n\n<p>Marina Duarte de SouzaBrasil de Fato | S\u00e3o Paulo (SP)<\/p>\n\n\n\n<p>Em meio \u00e0 pandemia mundial do coronav\u00edrus, a Organiza\u00e7\u00e3o Mundial da Sa\u00fade (OMS) recomenda que a quarentena no in\u00edcio de um surto pode atrasar o pico de uma epidemia em uma \u00e1rea onde a transmiss\u00e3o local que est\u00e1 em andamento. O Minist\u00e9rio da Sa\u00fade segue o mesmo padr\u00e3o de isolamento.<\/p>\n\n\n\n<p>N\u00e3o \u00e0 toa, governos estaduais e municipais tem fechado \u00f3rg\u00e3os p\u00fablicos, empresas est\u00e3o direcionando os trabalhadores para home office e escolas suspenderam as aulas para evitar a prolifera\u00e7\u00e3o da infec\u00e7\u00e3o.&nbsp;<\/p>\n\n\n\n<p>No entanto, outras delas t\u00eam\u00a0<a rel=\"noreferrer noopener\" href=\"https:\/\/www.brasildefato.com.br\/2020\/03\/23\/frigorificos-descumprem-normas-e-expoem-milhares-de-trabalhadores-ao-coronavirus\" target=\"_blank\">desrespeitado as recomenda\u00e7\u00f5es e at\u00e9 as ordens de fechamento de estabelecimentos submetendo os trabalhadores e trabalhadoras ao risco de sa\u00fade<\/a>, esses por sua vez, cumprem as medidas com receio de perder o trabalho.\u00a0<br><br>Com o objetivo de reverter algumas destas\u00a0viola\u00e7\u00f5es, o\u00a0perfil do Instagram\u00a0<a href=\"https:\/\/www.instagram.com\/coronacapitalismo\/\"><em>Corona Capitalismo<\/em><\/a>\u00a0re\u00fane\u00a0den\u00fancias\u00a0enviadas por funcion\u00e1rios. Atrav\u00e9s da campanha &#8220;Muro da Vergonha &#8211; Quem coloca o lucro acima da vida&#8221; exp\u00f5e\u00a0 e constrange\u00a0marcas que mesmo diante da pandemia mundial for\u00e7am seus empregados ao trabalho sem prote\u00e7\u00e3o, demitem ou praticam ass\u00e9dio moral para garantir a produtividade.\u00a0<br><br>Perfil do Instagram denuncia  empresas que violam os direitos dos trabalhadores. &#8211; Cr\u00e9ditos: Reprodu\u00e7\u00e3o Instagram\u00d7<\/p>\n\n\n\n<figure class=\"wp-block-image\"><img data-recalc-dims=\"1\" decoding=\"async\" src=\"https:\/\/i0.wp.com\/img.brasildefato.com.br\/media\/99ba3b476f166feb73bc2d7b87fdcb5f.jpeg?w=600&#038;ssl=1\" alt=\"\"\/><\/figure>\n\n\n\n<figure class=\"wp-block-image\"><img data-recalc-dims=\"1\" decoding=\"async\" src=\"https:\/\/i0.wp.com\/img.brasildefato.com.br\/media\/9e4b18d96a80572811d8aa97b01425d3.jpeg?w=600&#038;ssl=1\" alt=\"\"\/><\/figure>\n\n\n\n<figure class=\"wp-block-image\"><img data-recalc-dims=\"1\" decoding=\"async\" src=\"https:\/\/i0.wp.com\/img.brasildefato.com.br\/media\/7a4373a5b3cf04f214f214904fd6909f.jpeg?w=600&#038;ssl=1\" alt=\"\"\/><\/figure>\n\n\n\n<figure class=\"wp-block-image\"><img data-recalc-dims=\"1\" decoding=\"async\" src=\"https:\/\/i0.wp.com\/img.brasildefato.com.br\/media\/4255abd7042604448cd447333656d9e0.jpeg?w=600&#038;ssl=1\" alt=\"\"\/><\/figure>\n\n\n\n<figure class=\"wp-block-image\"><img data-recalc-dims=\"1\" decoding=\"async\" src=\"https:\/\/i0.wp.com\/img.brasildefato.com.br\/media\/001143038729974c17884b6db83c1e62.jpeg?w=600&#038;ssl=1\" alt=\"\"\/><\/figure>\n\n\n\n<p>1&nbsp;\/&nbsp;6<\/p>\n\n\n\n<figure class=\"wp-block-image\"><img data-recalc-dims=\"1\" decoding=\"async\" src=\"https:\/\/i0.wp.com\/img.brasildefato.com.br\/media\/99ba3b476f166feb73bc2d7b87fdcb5f.jpeg?w=600&#038;ssl=1\" alt=\"\"\/><\/figure>\n\n\n\n<figure class=\"wp-block-image\"><img data-recalc-dims=\"1\" decoding=\"async\" src=\"https:\/\/i0.wp.com\/img.brasildefato.com.br\/media\/9e4b18d96a80572811d8aa97b01425d3.jpeg?w=600&#038;ssl=1\" alt=\"\"\/><\/figure>\n\n\n\n<figure class=\"wp-block-image\"><img data-recalc-dims=\"1\" decoding=\"async\" src=\"https:\/\/i0.wp.com\/img.brasildefato.com.br\/media\/7a4373a5b3cf04f214f214904fd6909f.jpeg?w=600&#038;ssl=1\" alt=\"\"\/><\/figure>\n\n\n\n<figure class=\"wp-block-image\"><img data-recalc-dims=\"1\" decoding=\"async\" src=\"https:\/\/i0.wp.com\/img.brasildefato.com.br\/media\/d09c487de1594873b8727fa2211f9c35.jpeg?w=600&#038;ssl=1\" alt=\"\"\/><\/figure>\n\n\n\n<figure class=\"wp-block-image\"><img data-recalc-dims=\"1\" decoding=\"async\" src=\"https:\/\/i0.wp.com\/img.brasildefato.com.br\/media\/4255abd7042604448cd447333656d9e0.jpeg?w=600&#038;ssl=1\" alt=\"\"\/><\/figure>\n\n\n\n<figure class=\"wp-block-image\"><img data-recalc-dims=\"1\" decoding=\"async\" src=\"https:\/\/i0.wp.com\/img.brasildefato.com.br\/media\/001143038729974c17884b6db83c1e62.jpeg?w=600&#038;ssl=1\" alt=\"\"\/><\/figure>\n\n\n\n<p>Mas quais as garantias do trabalhador em meio a pandemia do coronav\u00edrus? O que fazer para ter seus direitos respeitados? Confira a entrevista ao&nbsp;<strong>Brasil de Fato<\/strong>&nbsp;com o advogado trabalhista e membro da Associa\u00e7\u00e3o Brasileira de Juristas pela Democracia (ABJD), Thiago Barison, que responde a algumas dessas quest\u00f5es.<br>&nbsp;<\/p>\n\n\n\n<p><strong>Brasil de Fato: O que determina a legisla\u00e7\u00e3o trabalhista para casos como a pandemia do coronav\u00edrus?<\/strong><\/p>\n\n\n\n<p><strong>Thiago Barison:<\/strong>&nbsp;Nesse caso, eu vou lembrar dois princ\u00edpios do direito do trabalho. O primeiro deles \u00e9 de que o empregador assume os riscos da atividade econ\u00f4mica, o que significa? Que ele pode ter lucro, mas se houver intercorr\u00eancias que causem preju\u00edzos ele que assume. \u00c9 como se fosse uma contrapartida pela possibilidade dele ter lucro. Ent\u00e3o nesse caso, n\u00e3o \u00e9 de responsabilidade do trabalhador o que est\u00e1 acontecendo, ent\u00e3o o empregador tem que suportar esse preju\u00edzo.<\/p>\n\n\n\n<p>O segundo princ\u00edpio \u00e9 o da dignidade da pessoa humana, o direito \u00e0 vida, que vem em primeiro lugar, vem acima do lucro. Ent\u00e3o o empregador n\u00e3o pode agravar os lucros que existem ao trabalhador nem exp\u00f4-lo a riscos conhecidos como este.<\/p>\n\n\n\n<p>Esses dois princ\u00edpios norteiam a conduta que deve se ter nesse caso.<br><br><strong>O que fazer se o trabalhador(a) est\u00e1 em um grupo de risco e o empregador mant\u00eam a convoca\u00e7\u00e3o para o trabalho?<\/strong><\/p>\n\n\n\n<p>O trabalhador&nbsp;individualmente deve portanto comunicar o empregador, provar documentalmente da forma que puder que se encontra num grupo de risco para que o empregador saiba e fa\u00e7a o que deve ser feito. Caso ele n\u00e3o fa\u00e7a,&nbsp;a\u00ed \u00e9 necess\u00e1rio recorrer \u00e0 organiza\u00e7\u00e3o coletiva solid\u00e1ria dos trabalhadores e, s\u00f3 em \u00faltimo caso, a&nbsp;medidas judiciais.<\/p>\n\n\n\n<p>Por que eu digo isso? Porque a organiza\u00e7\u00e3o coletiva e solid\u00e1ria dos trabalhadores \u00e9 o meio mais r\u00e1pido e direto para resolver esses problemas e essas quest\u00f5es urgentes. O judici\u00e1rio sempre corre atr\u00e1s do preju\u00edzo, pode at\u00e9 conceder uma liminar, mas \u00e9 preciso tentar antes disso esgotar todas as possibilidades.<\/p>\n\n\n\n<p>Nesse caso, os trabalhadores s\u00e3o as pessoas que colocam sua sa\u00fade em jogo, seu corpo, sua vida, sua energia \u00e0 disposi\u00e7\u00e3o do trabalho e, se algo der errado nessa situa\u00e7\u00e3o, e tudo leva a crer que n\u00f3s estamos em uma amea\u00e7a grande \u00e0 sa\u00fade das pessoas, se algo der errado \u00e9 a vida dessas pessoas que est\u00e1 em risco. Do outro lado est\u00e1 um patrim\u00f4nio, que pode ser recuperado l\u00e1 na frente. Nesse caso, a sa\u00fade deve estar em primeiro lugar.<\/p>\n\n\n\n<p>Existe, inclusive, uma disposi\u00e7\u00e3o que \u00e9 a greve de risco, existe nas atividades em que h\u00e1, por exemplo, risco el\u00e9trico e, se h\u00e1 uma situa\u00e7\u00e3o que um coletivo de trabalhadores \u00e9 obrigado a enfrentar por ordem do trabalhador, eles identificam que essa situa\u00e7\u00e3o os coloca em risco de vida.&nbsp;Eles podem recorrer \u00e0 chamada greve de perigo e se retrair, colocar a sa\u00fade em primeiro lugar. N\u00e3o \u00e9 o que eu estou propondo agora individualmente, mas pode ser uma alternativa, \u00e9 preciso colocar seriamente a sa\u00fade das pessoas em primeiro lugar.<\/p>\n\n\n\n<p><strong>O empregador vai suspender as atividades, vai fechar a empresa durante esse per\u00edodo, ele pode descontar no sal\u00e1rio do trabalhador(a)?<\/strong><\/p>\n\n\n\n<p>A respeito disso h\u00e1 uma norma precisa publicada, em 6 de fevereiro de 2020, que \u00e9 a&nbsp;<a href=\"http:\/\/www.planalto.gov.br\/ccivil_03\/_ato2019-2022\/2020\/lei\/L13979.htm\" target=\"_blank\" rel=\"noreferrer noopener\">Lei 13.979<\/a>, cujo&nbsp;artigo 3\u00ba, inciso 1\u00ba, prev\u00ea a possibilidade de isolamento e o inciso 2\u00ba a quarentena. Esta norma, destinada a estabelecer medidas sanit\u00e1rias para combater o coronav\u00edrus, prev\u00ea que a aus\u00eancia ao trabalho, seja no servi\u00e7o publico, seja no emprego privado motivado pela quarentena, sejam aus\u00eancias que devem ser consideradas justificadas. Ou seja, o trabalhador n\u00e3o pode sofrer nenhum desconto do sal\u00e1rio. Ent\u00e3o essa \u00e9 uma medida importante,&nbsp; \u00e9 importante destacar essa norma, que reafirma esses princ\u00edpios do direito do trabalho que eu citei.<\/p>\n\n\n\n<p>A corda n\u00e3o pode estourar nesse momento para o lado mais fraco, \u00e9 por isso que a sociedade precisa se organizar para pressionar os demais agentes coletivos, as empresas a\u00ed inclu\u00eddas, para colocarem a vida em primeiro lugar e o lucro em segundo lugar.<\/p>\n\n\n\n<p><strong>A empresa pode demitir ou colocar as pessoas em f\u00e9rias coletivas?<\/strong><\/p>\n\n\n\n<p>F\u00e9rias coletivas est\u00e3o previstas na lei, ent\u00e3o a empresa pode conceder. Sobre a demiss\u00e3o, como eu disse, o empregador assume os riscos da atividade e a suspens\u00e3o do trabalho n\u00e3o decorre de fato do empregado, mas sim um risco da atividade que o empregador tem que arcar.<\/p>\n\n\n\n<p>A demiss\u00e3o coletiva \u00e9 uma fato coletivo, ent\u00e3o ela n\u00e3o pode acontecer sem negocia\u00e7\u00e3o com o sindicato e seria um ato antissocial num momento como esse o empregador simplesmente dispensar o empregado, sem recorrer a solu\u00e7\u00f5es negociadas, sem recorrer \u00e0 press\u00e3o perante as autoridades p\u00fablicas para garantir uma outra solu\u00e7\u00e3o para essa situa\u00e7\u00e3o.<\/p>\n\n\n\n<p><strong>Quem trabalha por conta pr\u00f3pria pode fazer o que se precisar parar? Onde pode acionar assist\u00eancia?<\/strong><\/p>\n\n\n\n<p>O trabalhador por conta pr\u00f3pria fica por esse momento desprotegido. Ele deve buscar se organizar coletivamente em associa\u00e7\u00f5es para pressionar para que o Estado intervenha e garanta que a quarentena e o isolamento aconte\u00e7a sem preju\u00edzo dessas pessoas.&nbsp;Para assist\u00eancia m\u00e9dica ele pode recorrer ao INSS.<br><br><a href=\"https:\/\/www.brasildefato.com.br\/2020\/03\/17\/sem-direitos-trabalhadores-informais-ficam-mais-expostos-ao-coronavirus-e-a-crise\">:: Sem direitos, trabalhadores informais ficam mais expostos ao coronav\u00edrus e \u00e0 crise ::<\/a><\/p>\n\n\n\n<p><strong>Como voc\u00ea v\u00ea as medidas que o ministro da Economia, Paulo Guedes, anunciou?<\/strong><\/p>\n\n\n\n<p>Paulo Guedes, um ministro neoliberal que \u00e9 contra qualquer medida coletiva, foi um dos autores de uma proposta de presta\u00e7\u00e3o continuada da assist\u00eancia social. Os gastos dos velhinhos e pessoas com defici\u00eancia que s\u00e3o pobres, est\u00e1 propondo agora um voucher para os trabalhadores de R$ 200. Vejam essa crise passa a exigir at\u00e9 dos neoliberais alguma iniciativa.<\/p>\n\n\n\n<p>Pois bem, \u00e9 hora das for\u00e7as organizadas do trabalho requererem muito mais, porque isso n\u00e3o \u00e9 suficiente, a gente sabe que n\u00e3o. \u00c9 hora de abandonar os velhos mitos do individualismo neoliberal e retomar a luta e a necessidade dos direitos sociais com prioridade para o Sistema \u00danico de Sa\u00fade (SUS).<br><br><a href=\"https:\/\/www.brasildefato.com.br\/2020\/03\/20\/coronavirus-medidas-de-guedes-para-crise-prejudicam-trabalhadores-diz-sindicato\">:: Coronav\u00edrus: medidas de Guedes para crise prejudicam trabalhadores, diz sindicato ::<\/a><\/p>\n\n\n\n<p><strong>Quais garantias poderiam ser implementadas pelo governo para a prote\u00e7\u00e3o do trabalhador(a)?&nbsp;<\/strong><\/p>\n\n\n\n<p>Agora seria o momento de estabelecer uma renda b\u00e1sica de cidadania. Vou adaptar o nome da proposta do senador Eduardo Suplicy, que \u00e9 a renda b\u00e1sica de cidadania, se n\u00e3o conseguimos ao longe desses anos implement\u00e1-la,&nbsp;ao menos nesse momento dever\u00edamos implementar a renda b\u00e1sica de emerg\u00eancia, que seria pagar esses benef\u00edcios independente do requerimento.<\/p>\n\n\n\n<p>Concretamente, pagar um benef\u00edcio de um sal\u00e1rio-m\u00ednimo para todas as pessoas que vivem do trabalho para os pr\u00f3ximos cinco meses para sairmos dessa crise. Algu\u00e9m pode achar que isso \u00e9 um absurdo, mas absurdo \u00e9 n\u00e3o fazer nada. Absurdo \u00e9 ver as pessoas morrendo sem tomar uma atitude e por incr\u00edvel que pare\u00e7a para qual o Estado tem dinheiro, tem reservas cambiais para fazer isso. Essa medida simples, ela \u00e9 mais racional e mais barata. Porque com isso nos vamos prevenir o que \u00e9 bem mais barato do que remediar, nesse caso prevenir a contamina\u00e7\u00e3o.<\/p>\n\n\n\n<p>E esse dinheiro ele vai circular na economia, por enquanto limitadamente, mas vai circular. Para voc\u00ea ver como isso n\u00e3o \u00e9 absurdo, eu acho que absurdo \u00e9 n\u00e3o lutarmos por isso com todas as for\u00e7as.<\/p>\n\n\n\n<p>Edi\u00e7\u00e3o: Leandro Melito<\/p>\n\n\n\n<p><\/p>\n","protected":false},"excerpt":{"rendered":"<p>Especialista responde d\u00favidas sobre as garantias dos trabalhadores diante da pandemia do covid-19<\/p>\n","protected":false},"author":1,"featured_media":0,"comment_status":"closed","ping_status":"open","sticky":false,"template":"","format":"standard","meta":{"_exactmetrics_skip_tracking":false,"_exactmetrics_sitenote_active":false,"_exactmetrics_sitenote_note":"","_exactmetrics_sitenote_category":0,"jetpack_post_was_ever_published":false,"_jetpack_newsletter_access":"","_jetpack_dont_email_post_to_subs":false,"_jetpack_newsletter_tier_id":0,"_jetpack_memberships_contains_paywalled_content":false,"_jetpack_memberships_contains_paid_content":false,"footnotes":"","jetpack_publicize_message":"","jetpack_publicize_feature_enabled":true,"jetpack_social_post_already_shared":true,"jetpack_social_options":{"image_generator_settings":{"template":"highway","enabled":false},"version":2}},"categories":[1],"tags":[],"class_list":["post-27087","post","type-post","status-publish","format-standard","hentry","category-notas"],"jetpack_publicize_connections":[],"jetpack_sharing_enabled":true,"jetpack_featured_media_url":"","jetpack_shortlink":"https:\/\/wp.me\/p7wKYW-72T","jetpack-related-posts":[],"_links":{"self":[{"href":"http:\/\/blogdalucianaoliveira.com.br\/blog\/wp-json\/wp\/v2\/posts\/27087","targetHints":{"allow":["GET"]}}],"collection":[{"href":"http:\/\/blogdalucianaoliveira.com.br\/blog\/wp-json\/wp\/v2\/posts"}],"about":[{"href":"http:\/\/blogdalucianaoliveira.com.br\/blog\/wp-json\/wp\/v2\/types\/post"}],"author":[{"embeddable":true,"href":"http:\/\/blogdalucianaoliveira.com.br\/blog\/wp-json\/wp\/v2\/users\/1"}],"replies":[{"embeddable":true,"href":"http:\/\/blogdalucianaoliveira.com.br\/blog\/wp-json\/wp\/v2\/comments?post=27087"}],"version-history":[{"count":2,"href":"http:\/\/blogdalucianaoliveira.com.br\/blog\/wp-json\/wp\/v2\/posts\/27087\/revisions"}],"predecessor-version":[{"id":27090,"href":"http:\/\/blogdalucianaoliveira.com.br\/blog\/wp-json\/wp\/v2\/posts\/27087\/revisions\/27090"}],"wp:attachment":[{"href":"http:\/\/blogdalucianaoliveira.com.br\/blog\/wp-json\/wp\/v2\/media?parent=27087"}],"wp:term":[{"taxonomy":"category","embeddable":true,"href":"http:\/\/blogdalucianaoliveira.com.br\/blog\/wp-json\/wp\/v2\/categories?post=27087"},{"taxonomy":"post_tag","embeddable":true,"href":"http:\/\/blogdalucianaoliveira.com.br\/blog\/wp-json\/wp\/v2\/tags?post=27087"}],"curies":[{"name":"wp","href":"https:\/\/api.w.org\/{rel}","templated":true}]}}