{"id":2709,"date":"2016-07-30T16:24:50","date_gmt":"2016-07-30T20:24:50","guid":{"rendered":"http:\/\/blogdalucianaoliveira.com.br\/blog\/?p=2709"},"modified":"2016-07-30T16:26:07","modified_gmt":"2016-07-30T20:26:07","slug":"alceu-diz-que-vai-criar-uma-igreja-pra-exorcizar-possuidos-pela-musica-chula","status":"publish","type":"post","link":"http:\/\/blogdalucianaoliveira.com.br\/blog\/2016\/07\/30\/alceu-diz-que-vai-criar-uma-igreja-pra-exorcizar-possuidos-pela-musica-chula\/","title":{"rendered":"Alceu diz que vai criar uma igreja pra exorcizar possu\u00eddos pela m\u00fasica chula"},"content":{"rendered":"<p><img data-recalc-dims=\"1\" loading=\"lazy\" decoding=\"async\" data-attachment-id=\"2710\" data-permalink=\"http:\/\/blogdalucianaoliveira.com.br\/blog\/2016\/07\/30\/alceu-diz-que-vai-criar-uma-igreja-pra-exorcizar-possuidos-pela-musica-chula\/image-617\/\" data-orig-file=\"https:\/\/i0.wp.com\/blogdalucianaoliveira.com.br\/blog\/wp-content\/uploads\/2016\/07\/image-168.jpeg?fit=620%2C465\" data-orig-size=\"620,465\" data-comments-opened=\"0\" data-image-meta=\"{&quot;aperture&quot;:&quot;0&quot;,&quot;credit&quot;:&quot;&quot;,&quot;camera&quot;:&quot;&quot;,&quot;caption&quot;:&quot;&quot;,&quot;created_timestamp&quot;:&quot;0&quot;,&quot;copyright&quot;:&quot;&quot;,&quot;focal_length&quot;:&quot;0&quot;,&quot;iso&quot;:&quot;0&quot;,&quot;shutter_speed&quot;:&quot;0&quot;,&quot;title&quot;:&quot;&quot;,&quot;orientation&quot;:&quot;0&quot;}\" data-image-title=\"image\" data-image-description=\"\" data-image-caption=\"\" data-medium-file=\"https:\/\/i0.wp.com\/blogdalucianaoliveira.com.br\/blog\/wp-content\/uploads\/2016\/07\/image-168.jpeg?fit=300%2C225\" data-large-file=\"https:\/\/i0.wp.com\/blogdalucianaoliveira.com.br\/blog\/wp-content\/uploads\/2016\/07\/image-168.jpeg?fit=600%2C450\" src=\"https:\/\/i0.wp.com\/blogdalucianaoliveira.com.br\/blog\/wp-content\/uploads\/2016\/07\/image-168.jpeg?resize=600%2C450\" alt=\"image\" width=\"600\" height=\"450\" class=\"alignnone size-full wp-image-2710\" srcset=\"https:\/\/i0.wp.com\/blogdalucianaoliveira.com.br\/blog\/wp-content\/uploads\/2016\/07\/image-168.jpeg?w=620 620w, https:\/\/i0.wp.com\/blogdalucianaoliveira.com.br\/blog\/wp-content\/uploads\/2016\/07\/image-168.jpeg?resize=300%2C225 300w, https:\/\/i0.wp.com\/blogdalucianaoliveira.com.br\/blog\/wp-content\/uploads\/2016\/07\/image-168.jpeg?resize=400%2C300 400w\" sizes=\"auto, (max-width: 600px) 100vw, 600px\" \/><\/p>\n<p>Do Di\u00e1rio de Pernambuco<\/p>\n<p>Alceu Valen\u00e7a j\u00e1 estava na sexta m\u00fasica do show quando disse que havia sido possu\u00eddo por uma entidade, chamada &#8220;Pastor Vav\u00e1&#8221;, no meio do show no Festival de Inverno de Garanhuns, na noite de quarta-feira.<!--more--> <\/p>\n<p>&#8220;Meus irm\u00e3os, eu vou fundar uma igreja, a congrega\u00e7\u00e3o musical&#8221;, disse o artista ao microfone diante da plateia que lotava a Pra\u00e7a Dominguinhos, onde fica o principal palco do evento. &#8220;Precisamos nos livrar da m\u00fasica chula&#8221;, afirmou. Em seguida, exemplificou: &#8220;a muri\u00e7oca pica, pica. A muri\u00e7oca soca, soca&#8221;.<\/p>\n<p>Algumas horas antes, no in\u00edcio da noite, ele foi ao Cinema Eldorado, onde conversou com a plateia sobre o filme A luneta do tempo, que dirigiu. Ao falar sobre as dificuldades que encontrou para lan\u00e7ar o longa-metragem nos cinemas, ele revelou que foi prejudicado porque precisou enfrentar a concorr\u00eancia com Batman versus Superman, que ele considera &#8220;uma merda&#8221;.<\/p>\n<p>&#8220;No Rio de Janeiro, A luneta do tempo entrou em quatro salas. Batman versus Superman, que \u00e9 uma merda de um filme, passou em 80 cinemas. Ent\u00e3o como \u00e9 que voc\u00ea pode levantar o cinema brasileiro se t\u00e1 tudo dominado?&#8221;, questionou.<\/p>\n<p>Ao criticar a muri\u00e7oca e os super-her\u00f3is, Alceu quis explicar ao p\u00fablico que os bons filmes e a boa m\u00fasica n\u00e3o chegam \u00e0 popula\u00e7\u00e3o por causa de um mercado de entretenimento contaminado por l\u00f3gicas comerciais predat\u00f3rias e por pr\u00e1ticas corruptas, como o jab\u00e1. Ele lembrou que os meios de comunica\u00e7\u00e3o funcionam a partir de concess\u00f5es p\u00fablicas, mas s\u00e3o administrados por interesses privados. No show, ele ainda elogiou a curadoria art\u00edstica do Festival de Inverno de Garanhuns.<\/p>\n<p>Cantar em Garanhuns foi um experi\u00eancia especial para Alceu, que chegou a morar durante tr\u00eas anos na cidade quando era crian\u00e7a. Ele nasceu em S\u00e3o Bento do Una, localizada nos arredores, e demonstrou ter um bom conhecimento sobre a regi\u00e3o, que, segundo ele, o forneceu toda a cultura na qual sua obra \u00e9 baseada. Em determinado momento, o cantor improvisou rimas com os nomes das cidades da regi\u00e3o: Garanhuns, S\u00e3o Bento, Pesqueira, Belo Jardim, Lajedo, Cachoeirinha e Jupi.<\/p>\n<p>O repert\u00f3rio do show foi todo formado por sucessos infal\u00edveis, que deixaram a plateia dominada pelo poder da boa m\u00fasica: Agalopado, Cora\u00e7\u00e3o bobo, Pelas ruas que andei, Na melodia de Pisa na ful\u00f4, Girassol, Como dois animais, Solid\u00e3o, T\u00e1xi lunar, Anuncia\u00e7\u00e3o, La belle de jour, Morena tropicana, Bicho maluco beleza, Diabo louro, Me segura que se n\u00e3o eu caio e Voltei, Recife. Na maior parte do tempo, os arranjos eram formados apenas por baixo, guitarra, bateria e teclados, com participa\u00e7\u00f5es pontuais de um sanfoneiro e de um quarteto de metais (nos frevos).<\/p>\n<div class=\"jetpack-video-wrapper\"><iframe loading=\"lazy\" title=\"ALCEU VALEN\u00c7A - 24\u00ba FESTIVAL DE INVERNO DE GARANHUNS 2014\" width=\"600\" height=\"450\" src=\"https:\/\/www.youtube.com\/embed\/aNUu-0wnyw8?feature=oembed\" frameborder=\"0\" allow=\"accelerometer; autoplay; clipboard-write; encrypted-media; gyroscope; picture-in-picture; web-share\" referrerpolicy=\"strict-origin-when-cross-origin\" allowfullscreen><\/iframe><\/div>\n","protected":false},"excerpt":{"rendered":"<p>Do Di\u00e1rio de Pernambuco Alceu Valen\u00e7a j\u00e1 estava na sexta m\u00fasica do show quando disse que havia sido possu\u00eddo por uma entidade, chamada &#8220;Pastor Vav\u00e1&#8221;, no meio do show no Festival de Inverno de Garanhuns, na noite de quarta-feira.<\/p>\n","protected":false},"author":1,"featured_media":0,"comment_status":"closed","ping_status":"open","sticky":false,"template":"","format":"standard","meta":{"_exactmetrics_skip_tracking":false,"_exactmetrics_sitenote_active":false,"_exactmetrics_sitenote_note":"","_exactmetrics_sitenote_category":0,"jetpack_post_was_ever_published":false,"_jetpack_newsletter_access":"","_jetpack_dont_email_post_to_subs":false,"_jetpack_newsletter_tier_id":0,"_jetpack_memberships_contains_paywalled_content":false,"_jetpack_memberships_contains_paid_content":false,"footnotes":"","jetpack_publicize_message":"","jetpack_publicize_feature_enabled":true,"jetpack_social_post_already_shared":true,"jetpack_social_options":{"image_generator_settings":{"template":"highway","enabled":false},"version":2}},"categories":[1],"tags":[],"class_list":["post-2709","post","type-post","status-publish","format-standard","hentry","category-notas"],"jetpack_publicize_connections":[],"jetpack_sharing_enabled":true,"jetpack_featured_media_url":"","jetpack_shortlink":"https:\/\/wp.me\/p7wKYW-HH","jetpack-related-posts":[],"_links":{"self":[{"href":"http:\/\/blogdalucianaoliveira.com.br\/blog\/wp-json\/wp\/v2\/posts\/2709","targetHints":{"allow":["GET"]}}],"collection":[{"href":"http:\/\/blogdalucianaoliveira.com.br\/blog\/wp-json\/wp\/v2\/posts"}],"about":[{"href":"http:\/\/blogdalucianaoliveira.com.br\/blog\/wp-json\/wp\/v2\/types\/post"}],"author":[{"embeddable":true,"href":"http:\/\/blogdalucianaoliveira.com.br\/blog\/wp-json\/wp\/v2\/users\/1"}],"replies":[{"embeddable":true,"href":"http:\/\/blogdalucianaoliveira.com.br\/blog\/wp-json\/wp\/v2\/comments?post=2709"}],"version-history":[{"count":3,"href":"http:\/\/blogdalucianaoliveira.com.br\/blog\/wp-json\/wp\/v2\/posts\/2709\/revisions"}],"predecessor-version":[{"id":2713,"href":"http:\/\/blogdalucianaoliveira.com.br\/blog\/wp-json\/wp\/v2\/posts\/2709\/revisions\/2713"}],"wp:attachment":[{"href":"http:\/\/blogdalucianaoliveira.com.br\/blog\/wp-json\/wp\/v2\/media?parent=2709"}],"wp:term":[{"taxonomy":"category","embeddable":true,"href":"http:\/\/blogdalucianaoliveira.com.br\/blog\/wp-json\/wp\/v2\/categories?post=2709"},{"taxonomy":"post_tag","embeddable":true,"href":"http:\/\/blogdalucianaoliveira.com.br\/blog\/wp-json\/wp\/v2\/tags?post=2709"}],"curies":[{"name":"wp","href":"https:\/\/api.w.org\/{rel}","templated":true}]}}