{"id":27097,"date":"2020-03-24T22:05:54","date_gmt":"2020-03-25T02:05:54","guid":{"rendered":"http:\/\/blogdalucianaoliveira.com.br\/blog\/?p=27097"},"modified":"2020-03-24T22:05:58","modified_gmt":"2020-03-25T02:05:58","slug":"na-tv-bolsonaro-faz-pouco-caso-do-coronavirus-e-pede-volta-a-normalidade","status":"publish","type":"post","link":"http:\/\/blogdalucianaoliveira.com.br\/blog\/2020\/03\/24\/na-tv-bolsonaro-faz-pouco-caso-do-coronavirus-e-pede-volta-a-normalidade\/","title":{"rendered":"Na TV, Bolsonaro faz pouco caso do coronav\u00edrus e pede volta \u00e0 normalidade"},"content":{"rendered":"\n<figure class=\"wp-block-image size-large\"><img data-recalc-dims=\"1\" loading=\"lazy\" decoding=\"async\" width=\"600\" height=\"295\" data-attachment-id=\"27098\" data-permalink=\"http:\/\/blogdalucianaoliveira.com.br\/blog\/2020\/03\/24\/na-tv-bolsonaro-faz-pouco-caso-do-coronavirus-e-pede-volta-a-normalidade\/image-72-3\/\" data-orig-file=\"https:\/\/i0.wp.com\/blogdalucianaoliveira.com.br\/blog\/wp-content\/uploads\/2020\/03\/image-72.jpeg?fit=763%2C375\" data-orig-size=\"763,375\" data-comments-opened=\"0\" data-image-meta=\"{&quot;aperture&quot;:&quot;0&quot;,&quot;credit&quot;:&quot;&quot;,&quot;camera&quot;:&quot;&quot;,&quot;caption&quot;:&quot;&quot;,&quot;created_timestamp&quot;:&quot;0&quot;,&quot;copyright&quot;:&quot;&quot;,&quot;focal_length&quot;:&quot;0&quot;,&quot;iso&quot;:&quot;0&quot;,&quot;shutter_speed&quot;:&quot;0&quot;,&quot;title&quot;:&quot;&quot;,&quot;orientation&quot;:&quot;0&quot;}\" data-image-title=\"image-72\" data-image-description=\"\" data-image-caption=\"\" data-medium-file=\"https:\/\/i0.wp.com\/blogdalucianaoliveira.com.br\/blog\/wp-content\/uploads\/2020\/03\/image-72.jpeg?fit=300%2C147\" data-large-file=\"https:\/\/i0.wp.com\/blogdalucianaoliveira.com.br\/blog\/wp-content\/uploads\/2020\/03\/image-72.jpeg?fit=600%2C295\" src=\"https:\/\/i0.wp.com\/blogdalucianaoliveira.com.br\/blog\/wp-content\/uploads\/2020\/03\/image-72.jpeg?resize=600%2C295\" alt=\"\" class=\"wp-image-27098\" srcset=\"https:\/\/i0.wp.com\/blogdalucianaoliveira.com.br\/blog\/wp-content\/uploads\/2020\/03\/image-72.jpeg?w=763 763w, https:\/\/i0.wp.com\/blogdalucianaoliveira.com.br\/blog\/wp-content\/uploads\/2020\/03\/image-72.jpeg?resize=300%2C147 300w, https:\/\/i0.wp.com\/blogdalucianaoliveira.com.br\/blog\/wp-content\/uploads\/2020\/03\/image-72.jpeg?resize=610%2C300 610w\" sizes=\"auto, (max-width: 600px) 100vw, 600px\" \/><\/figure>\n\n\n\n<h4 class=\"wp-block-heading\">Presidente recha\u00e7ou isolamento, culpou imprensa por &#8220;histeria&#8221; e disse que a covid-19 \u00e9 &#8220;gripezinha&#8221; em &#8220;pessoas s\u00e3s&#8221;<\/h4>\n\n\n\n<!--more-->\n\n\n\n<p>Nara Lacerda<\/p>\n\n\n\n<p>Brasil de Fato | S\u00e3o Paulo (SP) |<\/p>\n\n\n\n<p>Jair Bolsonaro (sem partido)&nbsp;criticou as medidas de isolamento social determinadas por governadores de diversos e estados e disse que a imprensa causou p\u00e2nico e histeria na sociedade brasileira ao tratar do&nbsp;<a href=\"https:\/\/www.brasildefato.com.br\/minuto-a-minuto\/coronavirus-no-brasil\">coronav\u00edrus<\/a>.<\/p>\n\n\n\n<p>Nas palavras dele,&nbsp;autoridades&nbsp;estaduais e municipais devem abandonar o conceito de terra arrasada e retornar \u00e0 normalidade.&nbsp;Ele questionou os motivos para o fechamento de escolas, j\u00e1 que o grupo de risco est\u00e1 acima dos 60 anos e voltou a dizer que o Brasil precisa garantir empregos durante a crise.<\/p>\n\n\n\n<p>As afirma\u00e7\u00f5es foram feitas em rede nacional de r\u00e1dio e televis\u00e3o na noite desta ter\u00e7a-feira (24). Durante o pronunciamento, Bolsonaro disse que a imprensa exagerou ao falar sobre a pandemia e potencializou o cen\u00e1rio da It\u00e1lia.<\/p>\n\n\n\n<p>\u201cEspalharam exatamente o pavor, tendo como carro chefe o an\u00fancio do grande n\u00famero de v\u00edtimas na It\u00e1lia, um pa\u00eds com grande n\u00famero de idosos e com clima totalmente diferente no nosso. Um cen\u00e1rio perfeito, potencializado pela m\u00eddia para que uma verdadeira histeria se espalhasse pelo nosso pa\u00eds.\u201d<\/p>\n\n\n\n<p><a href=\"https:\/\/www.brasildefato.com.br\/2020\/03\/24\/bolsonaro-e-irresponsavel-ao-conduzir-a-crise-do-coronavirus-critica-boulos\"><strong>::Acompanhe a cobertura do Brasil de Fato e saiba tudo sobre a pandemia de&nbsp;coronav\u00edrus::<\/strong><\/a><\/p>\n\n\n\n<p>Bolsonaro disse ainda que Deus vai capacitar cientistas para a cura do coronav\u00edrus. Ele voltou chamar a pandemia de &#8220;gripezinha&#8221; e disse que 90% das pessoas que v\u00e3o se infectar n\u00e3o apresentar\u00e3o sintomas. O presidente afirmou ainda que, por ter hist\u00f3rico de atleta, n\u00e3o precisaria se preocupar e nada sentiria.<\/p>\n\n\n\n<p>Novamente o presidente depositou esperan\u00e7as de cura&nbsp;no uso do medicamento cloroquina, que ainda n\u00e3o tem efic\u00e1cia comprovada no tratamento da covid-19. O rem\u00e9dio, usado para tratar l\u00fapus e mal\u00e1ria, sumiu das farm\u00e1cias&nbsp;ap\u00f3s o presidente dos Estados Unidos, Donald Trump divulgar suposto sucesso para casos de coronav\u00edrus.<\/p>\n\n\n\n<p>Nesta segunda-feira (23) um casal estadunidense teria morrido ao ingerir fosfato de cloroquina. &nbsp;Segundo a Organiza\u00e7\u00e3o sem Fins Lucrativos National Public Radio, as mortes ocorreram trinta minutos ap\u00f3s a ingest\u00e3o.&nbsp;<\/p>\n\n\n\n<p>A pandemia do coronav\u00edrus j\u00e1 causou mais de 16,5 mil mortes em todo o mundo e mais de 382 mil pessoas forma contaminadas. O Brasil registra 2.201 casos confirmados do novo coronav\u00edrus e\u00a046 mortes.<\/p>\n","protected":false},"excerpt":{"rendered":"<p>Presidente recha\u00e7ou isolamento, culpou imprensa por &#8220;histeria&#8221; e disse que a covid-19 \u00e9 &#8220;gripezinha&#8221; em &#8220;pessoas s\u00e3s&#8221;<\/p>\n","protected":false},"author":1,"featured_media":0,"comment_status":"closed","ping_status":"open","sticky":false,"template":"","format":"standard","meta":{"_exactmetrics_skip_tracking":false,"_exactmetrics_sitenote_active":false,"_exactmetrics_sitenote_note":"","_exactmetrics_sitenote_category":0,"jetpack_post_was_ever_published":false,"_jetpack_newsletter_access":"","_jetpack_dont_email_post_to_subs":false,"_jetpack_newsletter_tier_id":0,"_jetpack_memberships_contains_paywalled_content":false,"_jetpack_memberships_contains_paid_content":false,"footnotes":"","jetpack_publicize_message":"","jetpack_publicize_feature_enabled":true,"jetpack_social_post_already_shared":true,"jetpack_social_options":{"image_generator_settings":{"template":"highway","enabled":false},"version":2}},"categories":[1],"tags":[],"class_list":["post-27097","post","type-post","status-publish","format-standard","hentry","category-notas"],"jetpack_publicize_connections":[],"jetpack_sharing_enabled":true,"jetpack_featured_media_url":"","jetpack_shortlink":"https:\/\/wp.me\/p7wKYW-733","jetpack-related-posts":[],"_links":{"self":[{"href":"http:\/\/blogdalucianaoliveira.com.br\/blog\/wp-json\/wp\/v2\/posts\/27097","targetHints":{"allow":["GET"]}}],"collection":[{"href":"http:\/\/blogdalucianaoliveira.com.br\/blog\/wp-json\/wp\/v2\/posts"}],"about":[{"href":"http:\/\/blogdalucianaoliveira.com.br\/blog\/wp-json\/wp\/v2\/types\/post"}],"author":[{"embeddable":true,"href":"http:\/\/blogdalucianaoliveira.com.br\/blog\/wp-json\/wp\/v2\/users\/1"}],"replies":[{"embeddable":true,"href":"http:\/\/blogdalucianaoliveira.com.br\/blog\/wp-json\/wp\/v2\/comments?post=27097"}],"version-history":[{"count":2,"href":"http:\/\/blogdalucianaoliveira.com.br\/blog\/wp-json\/wp\/v2\/posts\/27097\/revisions"}],"predecessor-version":[{"id":27100,"href":"http:\/\/blogdalucianaoliveira.com.br\/blog\/wp-json\/wp\/v2\/posts\/27097\/revisions\/27100"}],"wp:attachment":[{"href":"http:\/\/blogdalucianaoliveira.com.br\/blog\/wp-json\/wp\/v2\/media?parent=27097"}],"wp:term":[{"taxonomy":"category","embeddable":true,"href":"http:\/\/blogdalucianaoliveira.com.br\/blog\/wp-json\/wp\/v2\/categories?post=27097"},{"taxonomy":"post_tag","embeddable":true,"href":"http:\/\/blogdalucianaoliveira.com.br\/blog\/wp-json\/wp\/v2\/tags?post=27097"}],"curies":[{"name":"wp","href":"https:\/\/api.w.org\/{rel}","templated":true}]}}