{"id":27104,"date":"2020-03-25T07:42:27","date_gmt":"2020-03-25T11:42:27","guid":{"rendered":"http:\/\/blogdalucianaoliveira.com.br\/blog\/?p=27104"},"modified":"2020-03-25T07:42:31","modified_gmt":"2020-03-25T11:42:31","slug":"bolsonaro-contrariou-orgaos-de-saude-e-distorceu-cenario-sobre-coronavirus-veja-discurso-comentado","status":"publish","type":"post","link":"http:\/\/blogdalucianaoliveira.com.br\/blog\/2020\/03\/25\/bolsonaro-contrariou-orgaos-de-saude-e-distorceu-cenario-sobre-coronavirus-veja-discurso-comentado\/","title":{"rendered":"Bolsonaro contrariou \u00f3rg\u00e3os de sa\u00fade e distorceu cen\u00e1rio sobre coronav\u00edrus; veja discurso comentado"},"content":{"rendered":"\n<figure class=\"wp-block-image size-large\"><img data-recalc-dims=\"1\" loading=\"lazy\" decoding=\"async\" width=\"600\" height=\"400\" data-attachment-id=\"27105\" data-permalink=\"http:\/\/blogdalucianaoliveira.com.br\/blog\/2020\/03\/25\/bolsonaro-contrariou-orgaos-de-saude-e-distorceu-cenario-sobre-coronavirus-veja-discurso-comentado\/image-74-3\/\" data-orig-file=\"https:\/\/i0.wp.com\/blogdalucianaoliveira.com.br\/blog\/wp-content\/uploads\/2020\/03\/image-74.jpeg?fit=1024%2C683\" data-orig-size=\"1024,683\" data-comments-opened=\"0\" data-image-meta=\"{&quot;aperture&quot;:&quot;0&quot;,&quot;credit&quot;:&quot;&quot;,&quot;camera&quot;:&quot;&quot;,&quot;caption&quot;:&quot;&quot;,&quot;created_timestamp&quot;:&quot;0&quot;,&quot;copyright&quot;:&quot;&quot;,&quot;focal_length&quot;:&quot;0&quot;,&quot;iso&quot;:&quot;0&quot;,&quot;shutter_speed&quot;:&quot;0&quot;,&quot;title&quot;:&quot;&quot;,&quot;orientation&quot;:&quot;0&quot;}\" data-image-title=\"image-74\" data-image-description=\"\" data-image-caption=\"\" data-medium-file=\"https:\/\/i0.wp.com\/blogdalucianaoliveira.com.br\/blog\/wp-content\/uploads\/2020\/03\/image-74.jpeg?fit=300%2C200\" data-large-file=\"https:\/\/i0.wp.com\/blogdalucianaoliveira.com.br\/blog\/wp-content\/uploads\/2020\/03\/image-74.jpeg?fit=600%2C400\" src=\"https:\/\/i0.wp.com\/blogdalucianaoliveira.com.br\/blog\/wp-content\/uploads\/2020\/03\/image-74.jpeg?resize=600%2C400\" alt=\"\" class=\"wp-image-27105\" srcset=\"https:\/\/i0.wp.com\/blogdalucianaoliveira.com.br\/blog\/wp-content\/uploads\/2020\/03\/image-74.jpeg?w=1024 1024w, https:\/\/i0.wp.com\/blogdalucianaoliveira.com.br\/blog\/wp-content\/uploads\/2020\/03\/image-74.jpeg?resize=300%2C200 300w, https:\/\/i0.wp.com\/blogdalucianaoliveira.com.br\/blog\/wp-content\/uploads\/2020\/03\/image-74.jpeg?resize=768%2C512 768w, https:\/\/i0.wp.com\/blogdalucianaoliveira.com.br\/blog\/wp-content\/uploads\/2020\/03\/image-74.jpeg?resize=450%2C300 450w\" sizes=\"auto, (max-width: 600px) 100vw, 600px\" \/><\/figure>\n\n\n\n<p>Em pronunciamento, presidente fez ironia com Drauzio Varella, criticou governadores e disse ter hist\u00f3rico de atleta.<\/p>\n\n\n\n<!--more-->\n\n\n\n<p><strong><a href=\"https:\/\/www1.folha.uol.com.br\/autores\/felipe-baechtold.shtml\">Felipe B\u00e4chtold<\/a><\/strong>, FSP<\/p>\n\n\n\n<p>\u200b\u200b<a href=\"https:\/\/www1.folha.uol.com.br\/poder\/2020\/03\/em-pronunciamento-bolsonaro-critica-fechamento-de-escolas-ataca-governadores-e-culpa-midia.shtml\">\u200bEm<\/a><a href=\"https:\/\/www1.folha.uol.com.br\/poder\/2020\/03\/em-pronunciamento-bolsonaro-critica-fechamento-de-escolas-ataca-governadores-e-culpa-midia.shtml\">&nbsp;pronunciamento&nbsp;<\/a>na noite desta ter\u00e7a-feira (24), o presidente Jair Bolsonaro (sem partido) criticou o fechamento de escolas e do com\u00e9rcio, contrariou orienta\u00e7\u00f5es dos \u00f3rg\u00e3os de sa\u00fade e atacou governadores.<\/p>\n\n\n\n<p>\u200b<a href=\"https:\/\/www1.folha.uol.com.br\/poder\/2020\/03\/parlamentares-se-dizem-perplexos-e-chamam-bolsonaro-de-irresponsavel-apos-pronunciamento.shtml\">As declara\u00e7\u00f5es imediatamente<\/a>&nbsp;provocaram rep\u00fadio de congressistas, governadores, no Judici\u00e1rio e em diferentes setores da sociedade.<\/p>\n\n\n\n<p>Em sua fala, Bolsonaro questionou\u00a0<a href=\"https:\/\/www1.folha.uol.com.br\/equilibrioesaude\/2020\/03\/escolas-fechadas-e-controle-em-fronteira-contra-coronavirus-crescem-na-europa.shtml\">procedimentos que t\u00eam sido adotados por todo o mundo<\/a>, como o fechamento de escolas, e minimizou riscos da doen\u00e7a, como ao sugerir que as medidas de controle se restrinjam apenas aos mais velhos, al\u00e9m de contrariar \u00f3rg\u00e3os de sa\u00fade e distorcer o cen\u00e1rio da pandemia.<\/p>\n\n\n\n<p>O&nbsp;<a href=\"https:\/\/www1.folha.uol.com.br\/equilibrioesaude\/2020\/03\/brasil-tem-46-mortos-e-2201-casos-confirmados-de-coronavirus.shtml\">n\u00famero de mortes por causa da Covid-19 subiu para 46 nesta ter\u00e7a-feira (24)<\/a>, segundo o Minist\u00e9rio da Sa\u00fade. \u00c9 o maior salto em um \u00fanico dia: 12. O primeiro \u00f3bito foi registrado no dia 17 deste m\u00eas. O pa\u00eds j\u00e1 soma, desde o in\u00edcio da crise do coronav\u00edrus, 2.201 confirma\u00e7\u00f5es da nova doen\u00e7a.<\/p>\n\n\n\n<p>Em todo o mundo, at\u00e9 agora, s\u00e3o quase 110 mil casos e 19 mil mortes pelo novo coronav\u00edrus.<\/p>\n\n\n\n<p>Leia a \u00edntegra comentada do pronunciamento:<\/p>\n\n\n\n<blockquote class=\"wp-block-quote is-layout-flow wp-block-quote-is-layout-flow\"><p><strong>Desde quando resgatamos nossos irm\u00e3os em Wuhan, na China, em uma opera\u00e7\u00e3o coordenada pelos minist\u00e9rios da Defesa e Rela\u00e7\u00f5es Exteriores, surgiu para n\u00f3s um sinal amarelo.<\/strong><\/p><\/blockquote>\n\n\n\n<p>Bolsonaro se refere \u00e0 opera\u00e7\u00e3o de retirada de brasileiros na China, com avi\u00e3o da FAB, executada pelo governo federal&nbsp;<a href=\"https:\/\/www1.folha.uol.com.br\/equilibrioesaude\/2020\/02\/brasileiros-que-estavam-no-epicentro-do-coronavirus-na-china-chegam-em-goias-onde-ficarao-em-quarentena.shtml\">em fevereiro.<\/a><\/p>\n\n\n\n<p><strong>Come\u00e7amos a nos preparar para enfrentar o coronav\u00edrus, pois sab\u00edamos que mais cedo ou mais tarde ele chegaria ao Brasil. Nosso ministro da Sa\u00fade reuniu-se com quase todos os secret\u00e1rios de Sa\u00fade dos estados para que o planejamento estrat\u00e9gico de enfrentamento ao v\u00edrus fosse constru\u00eddo e, desde ent\u00e3o, o doutor Henrique Mandetta vem desempenhando um excelente trabalho de esclarecimento e prepara\u00e7\u00e3o do SUS para atendimento de poss\u00edveis v\u00edtimas.<\/strong><\/p>\n\n\n\n<p><strong>Mas o que t\u00ednhamos que conter naquele momento era o p\u00e2nico, a histeria e ao mesmo tempo tra\u00e7ar a estrat\u00e9gia para salvar vidas e evitar o desemprego em massa.<\/strong><\/p>\n\n\n\n<figure><iframe src=\"https:\/\/player.mais.uol.com.br\/?mediaId=16779245&amp;onDemand=true\" allowfullscreen=\"\"><\/iframe><\/figure>\n\n\n\n<p>O presidente&nbsp;<a href=\"https:\/\/www1.folha.uol.com.br\/poder\/2020\/03\/veja-o-que-bolsonaro-ja-disse-sobre-coronavirus-de-certa-histeria-a-fantasia-e-nerouse.shtml\">volta a usar termos que j\u00e1 havia adotado<\/a>&nbsp;em ocasi\u00f5es anteriores para se referir \u00e0 pandemia. Quando a doen\u00e7a ainda parecia restrita \u00e0 China, o principal efeito do coronav\u00edrus pelo mundo era na economia,&nbsp;<a href=\"https:\/\/www1.folha.uol.com.br\/mercado\/2020\/02\/bc-americano-sai-em-socorro-do-mercado-apos-semana-de-perdas-historicas.shtml\">com quedas hist\u00f3ricas<\/a>&nbsp;das bolsas em fevereiro.<\/p>\n\n\n\n<blockquote class=\"wp-block-quote is-layout-flow wp-block-quote-is-layout-flow\"><p><strong>Assim fizemos, quase contra tudo e contra todos. Grande parte dos meios de comunica\u00e7\u00e3o foi na contram\u00e3o. Espalharam exatamente a sensa\u00e7\u00e3o de pavor, tendo como carro-chefe o an\u00fancio do grande n\u00famero de v\u00edtimas na It\u00e1lia. Um pa\u00eds com grande n\u00famero de idosos e com um clima totalmente diferente do nosso.<\/strong><\/p><\/blockquote>\n\n\n\n<p>A explica\u00e7\u00e3o demogr\u00e1fica de Bolsonaro para a dimens\u00e3o da trag\u00e9dia na It\u00e1lia j\u00e1 foi dada anteriormente,&nbsp;<a href=\"https:\/\/www1.folha.uol.com.br\/mercado\/2020\/03\/por-causa-do-coronavirus-bolsonaro-diz-que-governo-devera-dar-voucher-para-trabalhador-informal.shtml\">quando disse<\/a>&nbsp;que o pa\u00eds europeu tinha popula\u00e7\u00e3o idosa como Copacabana, na zona sul do Rio. Segundo pesquisas, o clima mais quente do Brasil&nbsp;<a href=\"https:\/\/www1.folha.uol.com.br\/equilibrioesaude\/2020\/03\/temperatura-alta-nao-e-garantia-de-contencao-do-novo-coronavirus.shtml\">n\u00e3o \u00e9 uma garantia<\/a>&nbsp;de conten\u00e7\u00e3o do novo coronav\u00edrus.<\/p>\n\n\n\n<blockquote class=\"wp-block-quote is-layout-flow wp-block-quote-is-layout-flow\"><p><strong>Um cen\u00e1rio perfeito, potencializado pela m\u00eddia, para que uma verdadeira histeria se espalhasse pelo nosso pa\u00eds. Contudo, percebe-se que, de ontem para hoje parte da imprensa mudou seu editorial: pede calma e tranquilidade. Isso \u00e9 muito bom, parab\u00e9ns imprensa brasileira.<\/strong><\/p><\/blockquote>\n\n\n\n<p>O presidente se refere a mensagem dos apresentadores do Jornal Nacional, da TV Globo, na abertura da edi\u00e7\u00e3o de segunda-feira (23), pedindo serenidade \u00e0 popula\u00e7\u00e3o durante a crise.<\/p>\n\n\n\n<blockquote class=\"wp-block-quote is-layout-flow wp-block-quote-is-layout-flow\"><p><strong>\u00c9 essencial que o equil\u00edbrio e a verdade prevale\u00e7am entre n\u00f3s. O v\u00edrus chegou, est\u00e1 sendo enfrentado por n\u00f3s e brevemente passar\u00e1. Nossa vida tem que continuar. Os empregos devem ser mantidos. O sustento das fam\u00edlias deve ser preservado. Devemos, sim, voltar \u00e0 normalidade.<\/strong><\/p><\/blockquote>\n\n\n\n<p>N\u00e3o houve nenhum \u00f3rg\u00e3o de governo federal ou local orientando a volta das atividades normais pelo pa\u00eds ou indicando que o risco de dissemina\u00e7\u00e3o da doen\u00e7a tenha arrefecido. Em S\u00e3o Paulo, por exemplo, a&nbsp;<a href=\"https:\/\/www1.folha.uol.com.br\/cotidiano\/2020\/03\/no-1o-dia-de-quarentena-em-sp-comercio-ainda-tem-duvidas.shtml\">ordem de fechamento de lanchonetes e restaurantes<\/a>&nbsp;entrou em vigor justamente nesta ter\u00e7a-feira.<\/p>\n\n\n\n<blockquote class=\"wp-block-quote is-layout-flow wp-block-quote-is-layout-flow\"><p><strong>Algumas poucas autoridades estaduais e municipais devem abandonar o conceito de terra arrasada, a proibi\u00e7\u00e3o de transportes, o fechamento de com\u00e9rcio e o confinamento em massa.<\/strong><\/p><\/blockquote>\n\n\n\n<p>A ado\u00e7\u00e3o de medidas de restri\u00e7\u00e3o segue padr\u00e3o parecido pelos estados. Todos os governadores, por exemplo,&nbsp;<a href=\"https:\/\/www1.folha.uol.com.br\/educacao\/2020\/03\/mais-da-metade-dos-estados-cancela-aulas-na-rede-publica.shtml\">decidiram suspender as aulas da rede estadual.<\/a>&nbsp;Em praticamente todo o pa\u00eds, \u00f3rg\u00e3os estaduais funcionam com restri\u00e7\u00f5es e atividades de lazer foram reduzidas.<\/p>\n\n\n\n<figure><iframe src=\"https:\/\/player.mais.uol.com.br\/?mediaId=16777404&amp;onDemand=true\" allowfullscreen=\"\"><\/iframe><\/figure>\n\n\n\n<blockquote class=\"wp-block-quote is-layout-flow wp-block-quote-is-layout-flow\"><p><strong>O que se passa no mundo tem mostrado que o grupo de risco \u00e9 o das pessoas acima dos 60 anos. Ent\u00e3o, por que fechar escolas? Raros s\u00e3o os casos fatais de pessoas s\u00e3s, com menos de 40 anos de idade. Noventa por cento de n\u00f3s n\u00e3o teremos qualquer manifesta\u00e7\u00e3o, caso se contamine.<\/strong><\/p><\/blockquote>\n\n\n\n<p>O&nbsp;<a href=\"https:\/\/www1.folha.uol.com.br\/mundo\/2020\/03\/na-contramao-de-potencias-bolsonaro-defende-manter-escolas-abertas-em-meio-a-coronavirus.shtml\">fechamento de escolas tem sido adotado como medida de controle<\/a>&nbsp;em dezenas de pa\u00edses pelo mundo.<\/p>\n\n\n\n<p>At\u00e9 esta ter\u00e7a,&nbsp;<a href=\"https:\/\/www1.folha.uol.com.br\/mundo\/2020\/03\/na-contramao-de-potencias-bolsonaro-defende-manter-escolas-abertas-em-meio-a-coronavirus.shtml\">156 na\u00e7\u00f5es haviam fechado todas as suas escolas<\/a>, segundo levantamento da Unesco. Na manh\u00e3 desta quarta (25), a R\u00fassia foi mais um pa\u00eds a determinar o fechamento de institui\u00e7\u00f5es de ensino devido ao Covid-19.<\/p>\n\n\n\n<p>O \u00f3rg\u00e3o da ONU estima que 1,4 bilh\u00e3o de alunos foram afetados pelas a\u00e7\u00f5es de resposta ao v\u00edrus, o que equivale a 82,5% dos estudantes de todo o planeta \u2014cerca de 4 em cada 5.<\/p>\n\n\n\n<p>Al\u00e9m disso, a OMS tem dado declara\u00e7\u00f5es alertando para os riscos que os mais jovens tamb\u00e9m correm na pandemia. &#8220;Para os mais jovens: voc\u00eas n\u00e3o s\u00e3o invenc\u00edveis&#8221;,&nbsp;<a href=\"https:\/\/www1.folha.uol.com.br\/equilibrioesaude\/2020\/03\/um-bilhao-de-pessoas-confinadas-no-mundo-pelo-novo-coronavirus.shtml\">disse o diretor-geral<\/a>&nbsp;da Organiza\u00e7\u00e3o Mundial da Sa\u00fade, Tedros Adhanom Ghebreyesus. O Minist\u00e9rio da Sa\u00fade tamb\u00e9m tem orientado a popula\u00e7\u00e3o a evitar aglomera\u00e7\u00f5es.<\/p>\n\n\n\n<p>Outro ponto. A verdade \u00e9 que um&nbsp;<a href=\"https:\/\/www1.folha.uol.com.br\/equilibrioesaude\/2020\/03\/ao-contrario-do-que-disse-bolsonaro-passado-de-atleta-nao-e-garantia-de-protecao-contra-coronavirus.shtml\">passado de vida fisicamente ativa<\/a>&nbsp;pode ajudar a ter uma velhice mais saud\u00e1vel, mas est\u00e1 longe de ser um<a href=\"https:\/\/www1.folha.uol.com.br\/equilibrioesaude\/2020\/02\/saiba-como-se-prevenir-contra-o-coronavirus-e-o-que-fazer-em-caso-de-suspeita.shtml\">&nbsp;escudo contra doen\u00e7as<\/a>. Al\u00e9m disso, \u00e9 imposs\u00edvel prever como seria o quadro de uma infec\u00e7\u00e3o em qualquer pessoa, ainda mais uma nova, como a Covid-19.<\/p>\n\n\n\n<p>\u201cEle tem um crit\u00e9rio de risco, que \u00e9 ter mais de 60 anos. Isso \u00e9 ineg\u00e1vel. Esse \u00e9 um fator de risco independentemente do passado. O fator de risco \u00e9 ter um passado grande\u201d, diz Wladimir Queiroz, infectologista do Instituto de Infectologia Emilio Ribas e consultor da SBI (Sociedade Brasileira de Infectologia). Bolsonaro tem 65 anos.<\/p>\n\n\n\n<blockquote class=\"wp-block-quote is-layout-flow wp-block-quote-is-layout-flow\"><p><strong>Devemos sim \u00e9 ter extrema preocupa\u00e7\u00e3o em n\u00e3o transmitir o v\u00edrus para os outros, em especial aos nossos queridos pais e av\u00f3s, respeitando as orienta\u00e7\u00f5es do Minist\u00e9rio da Sa\u00fade. No meu caso particular, pelo meu hist\u00f3rico de atleta, caso fosse contaminado pelo v\u00edrus n\u00e3o precisaria me preocupar, nada sentiria ou seria quando muito, acometido de uma gripezinha ou resfriadinho, como bem disse aquele conhecido m\u00e9dico daquela conhecida televis\u00e3o.<\/strong><\/p><\/blockquote>\n\n\n\n<p>A fala sobre o &#8220;conhecido m\u00e9dico&#8221; \u00e9 uma ironia a Drauzio Varella, criticado anteriormente por Bolsonaro por causa de uma entrevista com uma presa transexual. O filho mais velho do presidente, senador Fl\u00e1vio Bolsonaro,\u00a0<a href=\"https:\/\/ https:\/\/www1.folha.uol.com.br\/equilibrioesaude\/2020\/03\/video-antigo-de-drauzio-sobre-coronavirus-circula-nas-redes-como-se-fosse-atual.shtml\">compartilhou um v\u00eddeo de janeiro<\/a>\u00a0com coment\u00e1rios do m\u00e9dico sobre a situa\u00e7\u00e3o naquele momento, sem acrescentar nenhum contexto, levando seus seguidores a acreditar que as declara\u00e7\u00f5es eram atuais.<\/p>\n\n\n\n<blockquote class=\"wp-block-quote is-layout-flow wp-block-quote-is-layout-flow\"><p><strong>Enquanto estou falando, o mundo busca um tratamento para a doen\u00e7a. O FDA [\u00f3rg\u00e3o de controle de medicamentos] americano e o Hospital Albert Einstein, em S\u00e3o Paulo, buscam a comprova\u00e7\u00e3o da efic\u00e1cia da&nbsp;<a href=\"https:\/\/www1.folha.uol.com.br\/equilibrioesaude\/2020\/03\/hidroxicloroquina-nao-e-garantia-de-cura-do-coronavirus-diferentemente-do-que-circula-nas-redes.shtml\">cloroquina&nbsp;<\/a>no tratamento do Covid-19. Nosso governo tem recebido not\u00edcias positivas sobre este rem\u00e9dio fabricado no Brasil, largamente utilizado no combate \u00e0 mal\u00e1ria, l\u00fapus e artrite.<\/strong><\/p><\/blockquote>\n\n\n\n<p>O presidente j\u00e1 havia falado sobre a subst\u00e2ncia anteriormente, o que levou o ministro Luiz Henrique Mandetta (Sa\u00fade)&nbsp;<a href=\"https:\/\/www1.folha.uol.com.br\/equilibrioesaude\/2020\/03\/ministro-da-saude-pede-que-populacao-nao-use-hidroxicloroquina.shtml\">a pedir que a popula\u00e7\u00e3o n\u00e3o<\/a>&nbsp;usasse o medicamento como medida de preven\u00e7\u00e3o. O ministro afirmou que n\u00e3o \u00e9 poss\u00edvel saber se essa f\u00f3rmula ser\u00e1 decisiva ou n\u00e3o contra o coronav\u00edrus e que h\u00e1 efeitos colaterais.<\/p>\n\n\n\n<blockquote class=\"wp-block-quote is-layout-flow wp-block-quote-is-layout-flow\"><p><strong>Acredito em Deus, que capacitar\u00e1 cientistas e pesquisadores do Brasil e do mundo na cura dessa doen\u00e7a. Aproveito para render minha homenagem a todos os profissionais de sa\u00fade: m\u00e9dicos, enfermeiros, t\u00e9cnicos e colaboradores que, na linha de frente nos recebem nos hospitais, nos tratam e nos confortam.<\/strong><\/p><\/blockquote>\n\n\n\n<p>O presidente encerra o discurso sem falar de iniciativas de est\u00edmulo na economia contra as consequ\u00eancias da crise, embora seja pressionado a adotar mais medidas, principalmente na prote\u00e7\u00e3o social.<\/p>\n\n\n\n<blockquote class=\"wp-block-quote is-layout-flow wp-block-quote-is-layout-flow\"><p><strong>Sem p\u00e2nico ou histeria, como venho falando desde o princ\u00edpio, venceremos o v\u00edrus e nos orgulharemos de estar vivendo nesse novo Brasil, que tem tudo, sim, tudo para ser uma grande na\u00e7\u00e3o. Estamos juntos, cada vez mais unidos. Deus aben\u00e7oe nossa p\u00e1tria querida.<\/strong><\/p><\/blockquote>\n\n\n\n<p>A fala do presidente sobre histeria ocorreu no mesmo dia em que os&nbsp;<a href=\"https:\/\/www1.folha.uol.com.br\/esporte\/2020\/03\/jogos-olimpicos-de-toquio-serao-adiados-afirma-governo-japones.shtml\">Jogos Ol\u00edmpicos de 2020<\/a>, em T\u00f3quio, foram adiados em um ano por causa do coronav\u00edrus, em decis\u00e3o que n\u00e3o tem precedentes na hist\u00f3ria esportiva nos \u00faltimos 70 anos.<\/p>\n","protected":false},"excerpt":{"rendered":"<p>Em pronunciamento, presidente fez ironia com Drauzio Varella, criticou governadores e disse ter hist\u00f3rico de atleta.<\/p>\n","protected":false},"author":1,"featured_media":0,"comment_status":"closed","ping_status":"open","sticky":false,"template":"","format":"standard","meta":{"_exactmetrics_skip_tracking":false,"_exactmetrics_sitenote_active":false,"_exactmetrics_sitenote_note":"","_exactmetrics_sitenote_category":0,"jetpack_post_was_ever_published":false,"_jetpack_newsletter_access":"","_jetpack_dont_email_post_to_subs":false,"_jetpack_newsletter_tier_id":0,"_jetpack_memberships_contains_paywalled_content":false,"_jetpack_memberships_contains_paid_content":false,"footnotes":"","jetpack_publicize_message":"","jetpack_publicize_feature_enabled":true,"jetpack_social_post_already_shared":true,"jetpack_social_options":{"image_generator_settings":{"template":"highway","enabled":false},"version":2}},"categories":[1],"tags":[],"class_list":["post-27104","post","type-post","status-publish","format-standard","hentry","category-notas"],"jetpack_publicize_connections":[],"jetpack_sharing_enabled":true,"jetpack_featured_media_url":"","jetpack_shortlink":"https:\/\/wp.me\/p7wKYW-73a","jetpack-related-posts":[],"_links":{"self":[{"href":"http:\/\/blogdalucianaoliveira.com.br\/blog\/wp-json\/wp\/v2\/posts\/27104","targetHints":{"allow":["GET"]}}],"collection":[{"href":"http:\/\/blogdalucianaoliveira.com.br\/blog\/wp-json\/wp\/v2\/posts"}],"about":[{"href":"http:\/\/blogdalucianaoliveira.com.br\/blog\/wp-json\/wp\/v2\/types\/post"}],"author":[{"embeddable":true,"href":"http:\/\/blogdalucianaoliveira.com.br\/blog\/wp-json\/wp\/v2\/users\/1"}],"replies":[{"embeddable":true,"href":"http:\/\/blogdalucianaoliveira.com.br\/blog\/wp-json\/wp\/v2\/comments?post=27104"}],"version-history":[{"count":1,"href":"http:\/\/blogdalucianaoliveira.com.br\/blog\/wp-json\/wp\/v2\/posts\/27104\/revisions"}],"predecessor-version":[{"id":27106,"href":"http:\/\/blogdalucianaoliveira.com.br\/blog\/wp-json\/wp\/v2\/posts\/27104\/revisions\/27106"}],"wp:attachment":[{"href":"http:\/\/blogdalucianaoliveira.com.br\/blog\/wp-json\/wp\/v2\/media?parent=27104"}],"wp:term":[{"taxonomy":"category","embeddable":true,"href":"http:\/\/blogdalucianaoliveira.com.br\/blog\/wp-json\/wp\/v2\/categories?post=27104"},{"taxonomy":"post_tag","embeddable":true,"href":"http:\/\/blogdalucianaoliveira.com.br\/blog\/wp-json\/wp\/v2\/tags?post=27104"}],"curies":[{"name":"wp","href":"https:\/\/api.w.org\/{rel}","templated":true}]}}